{"id":1240,"date":"2013-06-04T18:37:00","date_gmt":"2013-06-04T18:37:00","guid":{"rendered":"http:\/\/elcalaixetdelaiaia.es\/passiflora-bienvenida-primavera"},"modified":"2017-12-04T17:33:03","modified_gmt":"2017-12-04T17:33:03","slug":"passiflora-bienvenida-primavera","status":"publish","type":"post","link":"https:\/\/elcalaixetdelaiaia.es\/?p=1240","title":{"rendered":"Passiflora, bienvenida primavera"},"content":{"rendered":"<div class=\"separator\" style=\"clear: both; text-align: left;\">\n\u00abRefrany;<\/div>\n<p>Hivern fred, primavera regalada\u00bb<\/p>\n<div>\nInvierno fr\u00edo, primavera regalada.<\/div>\n<div>\n<br \/>\nHola, qu\u00e9 alegr\u00eda anoche cuando descubr\u00ed mi primera pasiflora de esta primavera.<\/p>\n<p>Nada mejor para empezar \u00e9sta carpeta sobre la flora que este tipo de flor.<\/p>\n<p>Hace a\u00f1os dos personas muy queridas me regalaron la planta para mi cumplea\u00f1os y cada invierno pienso que se muere, pero al llegar la primavera rebrota y cada a\u00f1o me da infinidad de preciosas flores que se abren  en su totalidad por la noche y se cierran un poco al recibir la luz del d\u00eda, por lo visto los cuidados que le doy hacen su efecto&#8230;.<\/p>\n<div style=\"text-align: center;\">\n<a href=\"http:\/\/2.bp.blogspot.com\/-fk4aFXRwyLs\/Ua4znygdPfI\/AAAAAAAAALc\/Z6devQHQu7g\/s1600\/IMG_9657.JPG\" imageanchor=\"1\" style=\"margin-left: 1em; margin-right: 1em; text-align: center;\"><img decoding=\"async\" loading=\"lazy\" border=\"0\" height=\"426\" src=\"https:\/\/elcalaixetdelaiaia.es\/wp-content\/uploads\/2013\/06\/IMG_9657.jpg\" width=\"640\" \/><\/a><\/div>\n<div>\n<br \/>\nEs muy curiosa \u00e9sta planta, la Pasiflora  \u00f3 flor de la pasi\u00f3n&#8230;no recibe \u00e9ste nombre por cuestiones pasionales relativas al amor sexual sino por la que los cristianos la encuentran reflejada en Jes\u00fas, recibe \u00e9ste nombre por la semejanza del dibujo interior de la corola con la corona de espinas de Jesucristo, tambi\u00e9n el n\u00famero de estambres recuerda las cinco heridas de su cuerpo, los tres estilos, a los tres clavos que fue clavado en cruz y  los p\u00e9talos representan a los ap\u00f3stoles.<\/p>\n<p>Tambi\u00e9n se la llama granadilla porque su cuerpo recuerda a una granada. Su nombre cientifico es Passiflora caerulea.<\/p>\n<p>Las sustancias qu\u00edmicas presentes en la Passiflora tienen efectos calmantes, inducen el sue\u00f1o y alivian los espasmos musculares.<\/p>\n<p>Antiguamente la Passiflora fue aprobada en Estados Unidos para ser utilizada como sedante natural y se vend\u00eda sin receta m\u00e9dica. Pero, en 1978 fue removida del mercado debido a que no se hab\u00eda establecido su eficacia y seguridad.<\/p>\n<div class=\"separator\" style=\"clear: both; text-align: center;\">\n<a href=\"https:\/\/elcalaixetdelaiaia.es\/wp-content\/uploads\/2013\/06\/pasiflo.jpg\" imageanchor=\"1\" style=\"margin-left: 1em; margin-right: 1em;\"><img decoding=\"async\" loading=\"lazy\" border=\"0\" height=\"320\" src=\"https:\/\/elcalaixetdelaiaia.es\/wp-content\/uploads\/2013\/06\/pasiflo.jpg\" width=\"320\" \/><\/a><\/div>\n<p>\nEs posiblemente eficaz para tratar algunos de los siguientes s\u00edntomas: <br \/>\nAnsiedad. La evidencia indica que la Passiflora puede reducir los s\u00edntomas de la ansiedad incluso de forma m\u00e1s eficaz que los medicamentos <br \/>\nS\u00edndrome de abstinencia de medicamentos narc\u00f3ticos <br \/>\nTrastorno psiqui\u00e1trico llamado \u201ctrastorno de ajuste con ansiedad\u201d<\/p>\n<p>Otras de las hierbas que suelen ser utilizadas junto con la Passiflora son: el espino, la encina y la valeriana, que tienen efectos sedantes leves.<\/p>\n<p>La Passiflora es probablemente segura para la mayor\u00eda de las personas cuando la consumen por v\u00eda oral. Posiblemente no sea segura si es ingerida en grandes cantidades. La Passiflora puede producir efectos secundarios tales como:<br \/>\nMareos <br \/>\nConfusi\u00f3n <br \/>\nCoordinaci\u00f3n irregular <br \/>\nEstado de conciencia alterado <br \/>\nInflamaci\u00f3n de los vasos sangu\u00edneos<\/p>\n<p>\nUn saludo de;<br \/>\niaia Maimen<\/p>\n<table border=\"0\" cellpadding=\"0\" cellspacing=\"0\" class=\"MsoNormalTable\" style=\"background: white; mso-cellspacing: 0cm; mso-padding-alt: 0cm 0cm 0cm 0cm; mso-yfti-tbllook: 1184; width: 100%px;\">\n<tbody>\n<\/tbody>\n<\/table>\n<\/div>\n<\/div>\n","protected":false},"excerpt":{"rendered":"<p>\u00abRefrany; Hivern fred, primavera regalada\u00bb Invierno fr\u00edo, primavera regalada. Hola, qu\u00e9 alegr\u00eda anoche cuando descubr\u00ed mi primera pasiflora de esta primavera. Nada mejor para empezar \u00e9sta carpeta sobre la flora que este tipo de flor. Hace a\u00f1os dos personas muy queridas me regalaron la planta para mi cumplea\u00f1os y cada &hellip; <\/p>\n","protected":false},"author":2,"featured_media":14221,"comment_status":"open","ping_status":"open","sticky":false,"template":"","format":"standard","meta":[],"categories":[23,1],"tags":[],"_links":{"self":[{"href":"https:\/\/elcalaixetdelaiaia.es\/index.php?rest_route=\/wp\/v2\/posts\/1240"}],"collection":[{"href":"https:\/\/elcalaixetdelaiaia.es\/index.php?rest_route=\/wp\/v2\/posts"}],"about":[{"href":"https:\/\/elcalaixetdelaiaia.es\/index.php?rest_route=\/wp\/v2\/types\/post"}],"author":[{"embeddable":true,"href":"https:\/\/elcalaixetdelaiaia.es\/index.php?rest_route=\/wp\/v2\/users\/2"}],"replies":[{"embeddable":true,"href":"https:\/\/elcalaixetdelaiaia.es\/index.php?rest_route=%2Fwp%2Fv2%2Fcomments&post=1240"}],"version-history":[{"count":1,"href":"https:\/\/elcalaixetdelaiaia.es\/index.php?rest_route=\/wp\/v2\/posts\/1240\/revisions"}],"predecessor-version":[{"id":14223,"href":"https:\/\/elcalaixetdelaiaia.es\/index.php?rest_route=\/wp\/v2\/posts\/1240\/revisions\/14223"}],"wp:featuredmedia":[{"embeddable":true,"href":"https:\/\/elcalaixetdelaiaia.es\/index.php?rest_route=\/wp\/v2\/media\/14221"}],"wp:attachment":[{"href":"https:\/\/elcalaixetdelaiaia.es\/index.php?rest_route=%2Fwp%2Fv2%2Fmedia&parent=1240"}],"wp:term":[{"taxonomy":"category","embeddable":true,"href":"https:\/\/elcalaixetdelaiaia.es\/index.php?rest_route=%2Fwp%2Fv2%2Fcategories&post=1240"},{"taxonomy":"post_tag","embeddable":true,"href":"https:\/\/elcalaixetdelaiaia.es\/index.php?rest_route=%2Fwp%2Fv2%2Ftags&post=1240"}],"curies":[{"name":"wp","href":"https:\/\/api.w.org\/{rel}","templated":true}]}}