{"id":1234,"date":"2013-06-10T17:41:00","date_gmt":"2013-06-10T17:41:00","guid":{"rendered":"http:\/\/elcalaixetdelaiaia.es\/coca-en-llanda-o-coca-de-la-iaia"},"modified":"2026-03-15T08:11:38","modified_gmt":"2026-03-15T08:11:38","slug":"coca-en-llanda-o-coca-de-la-iaia","status":"publish","type":"post","link":"https:\/\/elcalaixetdelaiaia.es\/?p=1234","title":{"rendered":"Bizcocho coca en llanda de la iaia Conxeta recepta valenciana paso a paso"},"content":{"rendered":"<div class=\"separator\" style=\"clear: both; text-align: left;\">\u00abRefrany; Qui amb bon mestre est\u00e0, bon ofici apr\u00e9n\u00bb Quien con buen maestro est\u00e1, buen oficio aprende.<\/div>\n<div><\/div>\n<div class=\"separator\" style=\"clear: both;\">Y yo tuve a mis dos iaias que me ense\u00f1aron mucho sobre cocina tradicional, de las que hac\u00edan las iaias, cuando apenas ten\u00edan nada&#8230;<\/div>\n<div><\/div>\n<div class=\"separator\" style=\"clear: both;\">10 de Junio 2013<\/div>\n<div class=\"separator\" style=\"clear: both; text-align: center;\">Cuando puse el final del bizcocho del padre P\u00edo \u00f3 de las Carmelitas Descalzas de Sevilla, cuya receta podr\u00e9is ver pinchando en el siguiente enlace\u00a0 <a href=\"https:\/\/elcalaixetdelaiaia.es\/?p=21658\">https:\/\/elcalaixetdelaiaia.es\/?p=21658<\/a>\u00a0 me pedisteis uno de m\u00e1s f\u00e1cil elaboraci\u00f3n, pues aqu\u00ed est\u00e1 f\u00e1cil, r\u00e1pido, valenciano y riqu\u00edsimo.<\/div>\n<div class=\"separator\" style=\"clear: both; text-align: center;\">Coca de llanda de la iaia<\/div>\n<div class=\"separator\" style=\"clear: both; text-align: center;\"><\/div>\n<div class=\"separator\" style=\"clear: both; text-align: center;\"><a style=\"margin-left: 1em; margin-right: 1em;\" href=\"https:\/\/1.bp.blogspot.com\/-Gy1JWXE2T-4\/WaQycacypEI\/AAAAAAAApds\/RK3jp6mPcsk8vZwqe94qpPflMrb2vVPNwCLcBGAs\/s1600\/cocadellandaiaia..jpg\"><img decoding=\"async\" loading=\"lazy\" src=\"https:\/\/elcalaixetdelaiaia.es\/wp-content\/uploads\/2013\/06\/cocadellandaiaia..jpg\" width=\"640\" height=\"472\" border=\"0\" data-original-height=\"373\" data-original-width=\"505\" \/><\/a><\/div>\n<div class=\"separator\" style=\"clear: both; text-align: center;\"><\/div>\n<div class=\"separator\" style=\"clear: both; text-align: center;\">Mi iaia Conxeta lo llamaba COCA DE LLANDA&#8230; yo lo llamo coca de la iaia,\u00a0 porque a<br \/>\nella le sal\u00eda riqu\u00edsima, hago su receta exactamente tal cual la hicimos las dos<br \/>\njuntas, miles y miles\u00a0 de veces, porque en casa era la merienda diaria familar, toda la vida. La iaia con malta, mis padres caf\u00e9 con leche, y mis hermanos y yo, con un troc\u00edn de aquel chocolate redondo (de \u00abfang\u00bb, le llamaba yo) y mas tarde, con el Nestl\u00e9 (cuando se pod\u00eda comprar) y los d\u00edas de fiesta con un rico, y espeso chocolate caliente, aunque a veces el chocolate, lo acompa\u00f1\u00e1bamos con ensaimadas. La coca, otras veces, con \u00aborxata\u00bb, aunque a mi, la horchata, desde siempre, con \u00abrosquilletes de llavoretes\u00bb.<\/div>\n<div class=\"separator\" style=\"clear: both; text-align: center;\"><\/div>\n<div class=\"separator\" style=\"clear: both; text-align: center;\"><a style=\"margin-left: 1em; margin-right: 1em;\" href=\"https:\/\/4.bp.blogspot.com\/-xVsl-SOl86g\/WaQ0MzkUsxI\/AAAAAAAApd4\/mR56XbsDyXAujIWVGDvoPho86Vc3XphSgCLcBGAs\/s1600\/llanda.jpg\"><img decoding=\"async\" loading=\"lazy\" src=\"https:\/\/elcalaixetdelaiaia.es\/wp-content\/uploads\/2013\/06\/llanda.jpg\" width=\"640\" height=\"426\" border=\"0\" data-original-height=\"426\" data-original-width=\"640\" \/><\/a><\/div>\n<div class=\"separator\" style=\"clear: both; text-align: center;\"><\/div>\n<div class=\"separator\" style=\"clear: both; text-align: center;\">Este molde es una \u00abllanda\u00bb . Se trata de un recipiente de aluminio y en \u00e9ste caso \u00a0mide 38&#215;26 y solo tiene 3cm. de alto, aunque por supuesto hay de muchas medidas, pero tranquilos que si no ten\u00e9is \u00abllanda\u00bb la pod\u00e9is cocinar en<br \/>\ncualquier molde, hoy la voy a preparar en uno de silicona para que ve\u00e1is que todo es posible, aunque \u00e9ste sea el recipiente tradicional, y el que da nombre al bizcocho<\/div>\n<div class=\"separator\" style=\"clear: both; text-align: center;\"><\/div>\n<div class=\"separator\" style=\"clear: both; text-align: center;\"><a style=\"margin-left: 1em; margin-right: 1em;\" href=\"http:\/\/2.bp.blogspot.com\/-djh9tnHPxs0\/UbYaR1xGw3I\/AAAAAAAAAOE\/k1STNxm4B04\/s1600\/descarga+(1).jpg\"><img decoding=\"async\" loading=\"lazy\" src=\"https:\/\/elcalaixetdelaiaia.es\/wp-content\/uploads\/2013\/06\/descarga-1.jpg\" width=\"640\" height=\"480\" border=\"0\" \/><\/a><\/div>\n<div><\/div>\n<div class=\"separator\" style=\"clear: both; text-align: center;\">Tengo en mis recuerdos que cada vez que la cocinaba, nos turn\u00e1bamos mi hermano Jes\u00fas y yo para, (m\u00e1s tarde tambi\u00e9n con los gemelos, y ahora, lo hacen mis nietas) reba\u00f1ar con el dedo los restos de masa del cuenco donde lo preparaba mi aia&#8230; aquel sabor que endulzaba mi infancia y que recuerdo con tanto amor&#8230; espero que os endulce alg\u00fan buen momento, que para eso est\u00e1n los dulces.<\/div>\n<p>Necesitaremos;<\/p>\n<div style=\"text-align: center;\">\u00a0 \u00a0 \u00a0 \u00a0 \u00a0 \u00a0 \u00a0 \u00a0 \u00a0 \u00a0 \u00a0 \u00a0 \u00a0 \u00a0 \u00a0 \u00a0 \u00a0 \u00a0<a style=\"margin-left: 1em; margin-right: 1em; text-align: center;\" href=\"http:\/\/1.bp.blogspot.com\/-GrktETNqPuo\/UbYaRjAGwlI\/AAAAAAAAAOI\/JaVaXBJK6PY\/s1600\/IMGP7622.JPG\"><img decoding=\"async\" loading=\"lazy\" src=\"https:\/\/elcalaixetdelaiaia.es\/wp-content\/uploads\/2013\/06\/IMGP7622.jpg\" width=\"640\" height=\"480\" border=\"0\" \/><\/a><\/div>\n<ol style=\"text-align: center;\">\n<li style=\"text-align: left;\">3 huevos enteros<\/li>\n<li style=\"text-align: left;\">1 vaso (200 ml) de az\u00facar, si no os gusta muy dulce, poner unos 150g como hago yo<\/li>\n<li style=\"text-align: left;\">1 vaso (200 ml) de aceite pod\u00e9is usar de oliva, pero si pon\u00e9is de girasol, a veces sube mas.<\/li>\n<li style=\"text-align: left;\">1 vaso (200 ml) de leche entera<\/li>\n<li style=\"text-align: left;\">350grs. de harina<\/li>\n<li style=\"text-align: left;\">Gasificante -2 papeles blancos y 2 papeles azules<\/li>\n<li style=\"text-align: left;\">La ralladura de un lim\u00f3n<\/li>\n<li style=\"text-align: left;\">Canela molida.<\/li>\n<\/ol>\n<div style=\"text-align: center;\">Batimos con batidora \u00a0el\u00e9ctrica \u00f3 las varillas manuales los huevos, la leche y el aceite y a\u00f1adimos el az\u00facar. Precalentar el horno a 180 grados, calor arriba y abajo sin aire.<\/div>\n<div style=\"text-align: center;\"><\/div>\n<div class=\"separator\" style=\"clear: both; text-align: center;\"><a style=\"margin-left: 1em; margin-right: 1em;\" href=\"http:\/\/3.bp.blogspot.com\/-Lrf9XsZMaKY\/UbYOi9YBf3I\/AAAAAAAAANA\/VG0gumo2IWw\/s1600\/IMGP7624.JPG\"><img decoding=\"async\" loading=\"lazy\" src=\"https:\/\/elcalaixetdelaiaia.es\/wp-content\/uploads\/2013\/06\/IMGP7624.jpg\" width=\"640\" height=\"480\" border=\"0\" \/><\/a><\/div>\n<div class=\"separator\" style=\"clear: both; text-align: center;\"><\/div>\n<div style=\"text-align: center;\">A\u00f1adimos la harina, (si us\u00e1is harina bizcochona o preparado para bizcochos, no es necesario a\u00f1adir los gasificantes, el resultado sera similar, pero el sabor NO) gasificantes, y la ralladura de lim\u00f3n pero teniendo cuidado de rallar solo la parte amarilla, ya que la parte blanca amarga.<\/div>\n<div style=\"text-align: center;\"><\/div>\n<div class=\"separator\" style=\"clear: both; text-align: center;\"><a style=\"margin-left: 1em; margin-right: 1em;\" href=\"http:\/\/1.bp.blogspot.com\/-jI87ZC7iS8k\/UbYOijcgmEI\/AAAAAAAAAM8\/Ae6l9V1eTYA\/s1600\/IMGP7625.JPG\"><img decoding=\"async\" loading=\"lazy\" src=\"https:\/\/elcalaixetdelaiaia.es\/wp-content\/uploads\/2013\/06\/IMGP7625.jpg\" width=\"640\" height=\"480\" border=\"0\" \/><\/a><\/div>\n<div style=\"text-align: center;\"><\/div>\n<div style=\"text-align: center;\">Mezclamos az\u00facar con canela&#8230; al gusto<\/div>\n<div class=\"separator\" style=\"clear: both; text-align: center;\"><\/div>\n<div class=\"separator\" style=\"clear: both; text-align: center;\"><a style=\"margin-left: 1em; margin-right: 1em;\" href=\"http:\/\/1.bp.blogspot.com\/-hLp-BNWwrnk\/UbYOjuHIJ2I\/AAAAAAAAANM\/uke2C_ARJoQ\/s1600\/IMGP7626.JPG\"><img decoding=\"async\" loading=\"lazy\" src=\"https:\/\/elcalaixetdelaiaia.es\/wp-content\/uploads\/2013\/06\/IMGP7626.jpg\" width=\"478\" height=\"640\" border=\"0\" \/><\/a><\/div>\n<div class=\"separator\" style=\"clear: both; text-align: center;\"><\/div>\n<div style=\"text-align: center;\">Volcamos la masa en un molde y echamos el az\u00facar encanelado por encima.<\/div>\n<div><\/div>\n<div class=\"separator\" style=\"clear: both; text-align: center;\"><a style=\"margin-left: 1em; margin-right: 1em;\" href=\"http:\/\/4.bp.blogspot.com\/-_t-MjPuK7e8\/UbYOj2-mekI\/AAAAAAAAANs\/jvt7JgKhLrk\/s1600\/IMGP7629.JPG\"><img decoding=\"async\" loading=\"lazy\" src=\"https:\/\/elcalaixetdelaiaia.es\/wp-content\/uploads\/2013\/06\/IMGP7629.jpg\" width=\"478\" height=\"640\" border=\"0\" \/><\/a><\/div>\n<div style=\"text-align: center;\"><\/div>\n<div style=\"text-align: center;\">Meter al horno a 180 grados en la altura que le sigue al medio, hacia abajo, durante unos 25 minutos, pasados los cuales, pinchar con varilla de madera en el centro y si sale limpia, ya est\u00e1 listo. De todas maneras cada cual conoce su horno y dependiendo de si es el\u00e9ctrico \u00f3 de gas&#8230; necesita un tiempo diferente, tambi\u00e9n depende del recipiente para el horneado, de la altura y de la anchura, en el molde de silicona, necesita diez minutos mas, que en el de \u00abllanda\u00bb, que en mi horno suele ser de unos 35m.<\/div>\n<div style=\"text-align: center;\"><\/div>\n<div style=\"text-align: center;\">\n<div class=\"separator\" style=\"clear: both;\"><a style=\"margin-left: 1em; margin-right: 1em;\" href=\"http:\/\/3.bp.blogspot.com\/-xe_GrXpj7oU\/UbYOj2nQz4I\/AAAAAAAAANQ\/_A-tWku85-U\/s1600\/IMGP7636.JPG\"><img decoding=\"async\" loading=\"lazy\" src=\"https:\/\/elcalaixetdelaiaia.es\/wp-content\/uploads\/2013\/06\/IMGP7636.jpg\" width=\"640\" height=\"480\" border=\"0\" \/><\/a><\/div>\n<div class=\"separator\" style=\"clear: both;\"><\/div>\n<div style=\"text-align: center;\">Dejamos enfriar.<\/div>\n<div style=\"text-align: center;\"><\/div>\n<div class=\"separator\" style=\"clear: both;\"><a style=\"margin-left: 1em; margin-right: 1em;\" href=\"http:\/\/1.bp.blogspot.com\/-9pABx7tYhk0\/UbYOkswwqsI\/AAAAAAAAANo\/WCAWsz-24_s\/s1600\/IMGP7638.JPG\"><img decoding=\"async\" loading=\"lazy\" src=\"https:\/\/elcalaixetdelaiaia.es\/wp-content\/uploads\/2013\/06\/IMGP7638.jpg\" width=\"478\" height=\"640\" border=\"0\" \/><\/a><\/div>\n<div class=\"separator\" style=\"clear: both;\"><\/div>\n<div style=\"text-align: center;\">Como veis queda alto&#8230;pero muy jugoso.<\/div>\n<\/div>\n<div style=\"text-align: center;\">\n<div class=\"MsoNormal\" style=\"background-color: white; background-position: initial initial; background-repeat: initial initial; margin-bottom: 0.0001pt;\"><\/div>\n<div class=\"separator\" style=\"clear: both;\"><a style=\"margin-left: 1em; margin-right: 1em;\" href=\"http:\/\/1.bp.blogspot.com\/--DSlfXCXv6w\/UbYOkk6pkeI\/AAAAAAAAANg\/nw2QO0BIKqI\/s1600\/IMGP7639.JPG\"><img decoding=\"async\" loading=\"lazy\" src=\"https:\/\/elcalaixetdelaiaia.es\/wp-content\/uploads\/2013\/06\/IMGP7639.jpg\" width=\"640\" height=\"480\" border=\"0\" \/><\/a><\/div>\n<p>Ideal para un caf\u00e9 o un chocolate caliente, y mucho mejor si es en buena compa\u00f1\u00eda&#8230;espero que os guste, mi padre se relame recordando las que hac\u00eda su suegra.<br \/>\n\u00abA la taula i&#8230;BON PROFIT!!!\u00bb<\/p>\n<div style=\"text-align: center;\">Si os gusta mi receta, pod\u00e9is compartirla para que llegue a m\u00e1s gente.<\/div>\n<div style=\"text-align: center;\">Espero vuestros comentarios que para mi son MUY importantes y recordad que tambi\u00e9n estoy en Facebook <a href=\"https:\/\/www.facebook.com\/El-calaixet-de-la-iaia-533062140099386\/\">https:\/\/www.facebook.com\/El-calaixet-de-la-iaia-533062140099386\/<\/a><\/div>\n<\/div>\n","protected":false},"excerpt":{"rendered":"<p>\u00abRefrany; Qui amb bon mestre est\u00e0, bon ofici apr\u00e9n\u00bb Quien con buen maestro est\u00e1, buen oficio aprende. Y yo tuve a mis dos iaias que me ense\u00f1aron mucho sobre cocina tradicional, de las que hac\u00edan las iaias, cuando apenas ten\u00edan nada&#8230; 10 de Junio 2013 Cuando puse el final del &hellip; <\/p>\n","protected":false},"author":2,"featured_media":14199,"comment_status":"open","ping_status":"open","sticky":false,"template":"","format":"standard","meta":[],"categories":[137,6,1],"tags":[],"_links":{"self":[{"href":"https:\/\/elcalaixetdelaiaia.es\/index.php?rest_route=\/wp\/v2\/posts\/1234"}],"collection":[{"href":"https:\/\/elcalaixetdelaiaia.es\/index.php?rest_route=\/wp\/v2\/posts"}],"about":[{"href":"https:\/\/elcalaixetdelaiaia.es\/index.php?rest_route=\/wp\/v2\/types\/post"}],"author":[{"embeddable":true,"href":"https:\/\/elcalaixetdelaiaia.es\/index.php?rest_route=\/wp\/v2\/users\/2"}],"replies":[{"embeddable":true,"href":"https:\/\/elcalaixetdelaiaia.es\/index.php?rest_route=%2Fwp%2Fv2%2Fcomments&post=1234"}],"version-history":[{"count":13,"href":"https:\/\/elcalaixetdelaiaia.es\/index.php?rest_route=\/wp\/v2\/posts\/1234\/revisions"}],"predecessor-version":[{"id":29331,"href":"https:\/\/elcalaixetdelaiaia.es\/index.php?rest_route=\/wp\/v2\/posts\/1234\/revisions\/29331"}],"wp:featuredmedia":[{"embeddable":true,"href":"https:\/\/elcalaixetdelaiaia.es\/index.php?rest_route=\/wp\/v2\/media\/14199"}],"wp:attachment":[{"href":"https:\/\/elcalaixetdelaiaia.es\/index.php?rest_route=%2Fwp%2Fv2%2Fmedia&parent=1234"}],"wp:term":[{"taxonomy":"category","embeddable":true,"href":"https:\/\/elcalaixetdelaiaia.es\/index.php?rest_route=%2Fwp%2Fv2%2Fcategories&post=1234"},{"taxonomy":"post_tag","embeddable":true,"href":"https:\/\/elcalaixetdelaiaia.es\/index.php?rest_route=%2Fwp%2Fv2%2Ftags&post=1234"}],"curies":[{"name":"wp","href":"https:\/\/api.w.org\/{rel}","templated":true}]}}