{"id":1231,"date":"2013-06-14T16:02:00","date_gmt":"2013-06-14T16:02:00","guid":{"rendered":"http:\/\/elcalaixetdelaiaia.es\/raparar-reclicar-restaurar"},"modified":"2023-02-23T15:20:11","modified_gmt":"2023-02-23T15:20:11","slug":"raparar-reclicar-restaurar","status":"publish","type":"post","link":"https:\/\/elcalaixetdelaiaia.es\/?p=1231","title":{"rendered":"Reparar, reclicar, restaurar&#8230;"},"content":{"rendered":"<p>\u00abRefrany;\u00a0\u00a0\u00a0 No cambies senda vella por novella\u00bb\u00a0 No cambies senda vieja por nueva<\/p>\n<p>Aqu\u00ed estoy&#8230; zurciendo un calcet\u00edn que tiene una considerable \u00abpatata\u00bb&#8230; y mis pensamientos se van precisamente a que yo soy de la generaci\u00f3n, del arreglo, de la reparaci\u00f3n&#8230; y no solo de los objetos, si no de las relaciones, de los sentimientos, siempre que tengan arreglo claro, porque hay cosas, que ya no se puede, zurcir<\/p>\n<p><a href=\"http:\/\/4.bp.blogspot.com\/-fKEFssP9y8A\/UbsB6pMMCWI\/AAAAAAAAAPo\/K9TljpjFE2Y\/s1600\/ou+de+fusta.jpg\"><img decoding=\"async\" loading=\"lazy\" class=\"aligncenter\" src=\"https:\/\/images-blogger-opensocial.googleusercontent.com\/gadgets\/proxy?url=http%3A%2F%2F4.bp.blogspot.com%2F-fKEFssP9y8A%2FUbsB6pMMCWI%2FAAAAAAAAAPo%2FK9TljpjFE2Y%2Fs320%2Fou%2Bde%2Bfusta.jpg&amp;container=blogger&amp;gadget=a&amp;rewriteMime=image%2F*\" width=\"640\" height=\"425\" border=\"0\" \/><\/a><\/p>\n<p style=\"text-align: center;\">&#8230; y me viene a la cabeza un escrito, atribuido a Eduardo Galeano, aunque el autor es otro uruguayo, el escritor Marciano Dur\u00e1n. Nos costaba mucho declarar la muerte de nuestros objetos. Y hoy, sin embargo, deciden &#8216;matarlos&#8217; apenas aparentan dejar de servir.<\/p>\n<p style=\"text-align: center;\">Os recomiendo \u00e9sta lectura que nos hace reflexionar;<\/p>\n<div>\n<p>Lo que me pasa es que no consigo andar por el mundo tirando cosas y cambi\u00e1ndolas por el modelo siguiente s\u00f3lo porque a alguien se le ocurre agregarle una funci\u00f3n o achicarlo un poco.<\/p>\n<p style=\"text-align: center;\">No hace tanto, con mi mujer, lav\u00e1bamos los pa\u00f1ales de los cr\u00edos, los colg\u00e1bamos en la cuerda junto a otra ropita, los planch\u00e1bamos, los dobl\u00e1bamos y los prepar\u00e1bamos para que los volvieran a ensuciar. Y ellos, nuestros nenes, apenas crecieron y tuvieron sus propios hijos se encargaron de tirar todo por la borda, incluyendo los pa\u00f1ales. \u00a1Se entregaron inescrupulosamente a los desechables!<\/p>\n<p style=\"text-align: center;\">Si, ya lo s\u00e9. A nuestra generaci\u00f3n siempre le cost\u00f3 tirar. \u00a1Ni los desechos nos resultaron muy desechables! Y as\u00ed anduvimos por las calles guardando los mocos, en el pa\u00f1uelo de tela del bolsillo.<\/p>\n<p style=\"text-align: center;\">Yo no digo que eso era mejor. Lo que digo es que en alg\u00fan momento me distraje, me ca\u00ed del mundo y ahora no s\u00e9 por d\u00f3nde se entra. Lo m\u00e1s probable es que lo de ahora est\u00e9 bien, eso no lo discuto. Lo que pasa es que no consigo cambiar el equipo de m\u00fasica una vez por a\u00f1o, el m\u00f3vil cada tres meses, o el monitor del ordenador todas las navidades. Es que vengo de un tiempo en el que las cosas se compraban para toda la vida. Es m\u00e1s! Se compraban para la vida de los que ven\u00edan despu\u00e9s! La gente heredaba relojes de pared, juegos de copas, vajillas y hasta palanganas&#8230;<\/p>\n<p style=\"text-align: center;\">El otro d\u00eda le\u00ed que se produjo m\u00e1s basura en los \u00faltimos 40 a\u00f1os, que en toda la historia de la humanidad. Tiramos absolutamente todo. Ya no hay zapatero que remiende un zapato, ni colchonero que sacuda un colch\u00f3n y lo deje como nuevo, ni afiladores por la calle para los cuchillos&#8230;<\/p>\n<p style=\"text-align: center;\">De &#8216;por ah\u00ed&#8217; vengo yo, de cuando todo eso exist\u00eda y nada se tiraba. Y no es que haya sido mejor. Es que no es f\u00e1cil para un pobre tipo al que lo educaron con el \u00abguarde y guarde que alguna vez puede servir para algo\u00bb, pasarse al \u00abcompre y tire, que ya llega el modelo nuevo\u00bb. Hay que cambiar el coche cada 3 a\u00f1os porque si no, eres un arruinado. Aunque el coche est\u00e9 en buen estado. Y hay que vivir endeudado eternamente para pagar el nuevo!!!! Pero, por Dios. Mi cabeza no resiste tanto.<\/p>\n<p style=\"text-align: center;\">Ahora mis parientes y los hijos de mis amigos no s\u00f3lo cambian de m\u00f3vil una vez por mes, (bueno, \u00e9sto es un poco exagerado) sino que, adem\u00e1s, cambian el n\u00famero, la direcci\u00f3n electr\u00f3nica y hasta la direcci\u00f3n real.<\/p>\n<p style=\"text-align: center;\">Y a m\u00ed me prepararon para vivir con el mismo n\u00famero, la misma mujer, la misma casa y el mismo nombre. Me educaron para guardar todo. Lo que serv\u00eda y lo que no. Porque alg\u00fan d\u00eda las cosas pod\u00edan volver a servir.<\/p>\n<p style=\"text-align: center;\">Si, ya lo s\u00e9, tuvimos un gran problema: nunca nos explicaron qu\u00e9 cosas nos pod\u00edan servir y qu\u00e9 cosas no. Y en el af\u00e1n de guardar (porque \u00e9ramos de hacer caso a las tradiciones) guardamos hasta el ombligo de nuestro primer hijo, el diente del segundo, las carpetas del jard\u00edn de infantes, el primer cabello que le cortaron en la peluquer\u00eda&#8230;<\/p>\n<p style=\"text-align: center;\">\u00bfC\u00f3mo quieren que entienda a esa gente que se desprende de su m\u00f3vil a los pocos meses de comprarlo? \u00bfSer\u00e1 que cuando las cosas se consiguen f\u00e1cilmente, no se valoran y se vuelven desechables con la misma facilidad con la que se consiguieron?<\/p>\n<p style=\"text-align: center;\">En casa ten\u00edamos un mueble con cuatro cajones. El primer caj\u00f3n era para los manteles y los trapos de cocina, el segundo para los cubiertos, y el tercero y el cuarto para todo lo que no fuera mantel ni cubierto. Y guard\u00e1bamos&#8230; \u00a1\u00a1Guard\u00e1bamos hasta las tapas de los refrescos!!, los corchos de las botellas, las llavecitas que tra\u00edan las latas de sardinas. \u00a1Y las pilas! Las pilas pasaban del congelador al techo de la casa. Porque no sab\u00edamos bien si hab\u00eda que darles calor o fr\u00edo para que vivieran un poco m\u00e1s. No nos resign\u00e1bamos a que se terminara su vida \u00fatil en un par de usos.<\/p>\n<p style=\"text-align: center;\">Las cosas no eran desechables. Eran guardables. \u00a1Los diarios! Serv\u00edan para todo: para hacer plantillas para las botas de goma, para poner en el piso los d\u00edas de lluvia, para limpiar vidrios, para envolver. \u00a1Las veces que nos enter\u00e1bamos de alg\u00fan resultado leyendo el diario pegado al trozo de carne o desenvolviendo los huevos que meticulosamente hab\u00eda envuelto en un peri\u00f3dico el tendero del barrio.<\/p>\n<p style=\"text-align: center;\">Y guard\u00e1bamos el papel plata de los chocolates y de los cigarros, para hacer adornos de Navidad y las p\u00e1ginas de los calendarios para hacer cuadros y los goteros de las medicinas por si alg\u00fan medicamento no tra\u00eda el cuentagotas y los f\u00f3sforos usados porque pod\u00edamos reutilizarlos estando encendida otra vela, y las cajas de zapatos que se convirtieron en los primeros \u00e1lbumes de fotos y los mazos de naipes se reutilizaban aunque faltara alguna, con la inscripci\u00f3n a mano en una sota de espada que dec\u00eda 2\u00e9ste es un 4 de bastos\u00bb.<\/p>\n<p style=\"text-align: center;\">Los cajones guardaban pedazos izquierdos de pinzas de ropa y el ganchito de metal. Con el tiempo, aparec\u00eda alg\u00fan pedazo derecho que esperaba a su otra mitad para convertirse otra vez en una pinza completa. Nos costaba mucho declarar la muerte de nuestros objetos. Y hoy, sin embargo, deciden &#8216;matarlos&#8217; apenas aparentan dejar de servir.<\/p>\n<p style=\"text-align: center;\">Y cuando nos vendieron helados en copitas cuya tapa se convert\u00eda en base las pusimos a vivir en el estante de los vasos y de las copas. Las latas de duraznos se volvieron macetas, porta l\u00e1pices y hasta tel\u00e9fonos. Las primeras botellas de pl\u00e1stico se transformaron en adornos de dudosa belleza, y los corchos esperaban pacientemente en un caj\u00f3n hasta encontrarse con una botella.<\/p>\n<p style=\"text-align: center;\">Y me muerdo para no hacer un paralelo entre los valores que se desechan y los que preserv\u00e1bamos. Me muero por decir que hoy no s\u00f3lo los electrodom\u00e9sticos son desechables; que tambi\u00e9n el matrimonio y hasta la amistad son descartables. Pero no cometer\u00e9 la imprudencia de comparar objetos con personas.<\/p>\n<p style=\"text-align: center;\">Me muerdo para no hablar de la identidad que se va perdiendo, de la memoria colectiva que se va tirando, del pasado ef\u00edmero. De la moral que se desecha si de ganar dinero se trata. No lo voy a hacer. No voy a mezclar los temas, no voy a decir que a lo perenne lo han vuelto caduco y a lo caduco lo hicieron perenne.<br \/>\nNo voy a decir que a los ancianos se les declara la muerte en cuanto confunden el nombre de dos de sus nietos, que los c\u00f3nyuges se cambian por modelos m\u00e1s nuevos en cuanto a uno de ellos se le cae la barriga, o le sale alguna arruga.<\/p>\n<p style=\"text-align: center;\">Esto s\u00f3lo es una cr\u00f3nica que habla de pa\u00f1ales y de celulares. De lo contrario, si mezcl\u00e1ramos las cosas, tendr\u00eda que plantearme seriamente entregar a mi se\u00f1ora como parte de pago de otra con menos kil\u00f3metros y alguna funci\u00f3n nueva. Pero yo soy lento para transitar este mundo de la reposici\u00f3n y corro el riesgo de que ella me gane de mano y sea yo el entregado.<\/p>\n<p style=\"text-align: center;\">Yo tambi\u00e9n me ca\u00ed del mundo&#8230;y AHORA NO SE COMO ENTRAR<\/p>\n<p>Como sab\u00e9is estoy en facebook https:\/\/www.facebook.com\/El-calaixet-de-la-iaia-533062140099386\/<\/p>\n<p>Gracias por leerme, y espero vuestros comentarios&#8230;si quer\u00e9is.. Muakssss!!!<\/p>\n<\/div>\n","protected":false},"excerpt":{"rendered":"<p>\u00abRefrany;\u00a0\u00a0\u00a0 No cambies senda vella por novella\u00bb\u00a0 No cambies senda vieja por nueva Aqu\u00ed estoy&#8230; zurciendo un calcet\u00edn que tiene una considerable \u00abpatata\u00bb&#8230; y mis pensamientos se van precisamente a que yo soy de la generaci\u00f3n, del arreglo, de la reparaci\u00f3n&#8230; y no solo de los objetos, si no de &hellip; <\/p>\n","protected":false},"author":2,"featured_media":14191,"comment_status":"open","ping_status":"open","sticky":false,"template":"","format":"standard","meta":[],"categories":[1],"tags":[48],"_links":{"self":[{"href":"https:\/\/elcalaixetdelaiaia.es\/index.php?rest_route=\/wp\/v2\/posts\/1231"}],"collection":[{"href":"https:\/\/elcalaixetdelaiaia.es\/index.php?rest_route=\/wp\/v2\/posts"}],"about":[{"href":"https:\/\/elcalaixetdelaiaia.es\/index.php?rest_route=\/wp\/v2\/types\/post"}],"author":[{"embeddable":true,"href":"https:\/\/elcalaixetdelaiaia.es\/index.php?rest_route=\/wp\/v2\/users\/2"}],"replies":[{"embeddable":true,"href":"https:\/\/elcalaixetdelaiaia.es\/index.php?rest_route=%2Fwp%2Fv2%2Fcomments&post=1231"}],"version-history":[{"count":6,"href":"https:\/\/elcalaixetdelaiaia.es\/index.php?rest_route=\/wp\/v2\/posts\/1231\/revisions"}],"predecessor-version":[{"id":24599,"href":"https:\/\/elcalaixetdelaiaia.es\/index.php?rest_route=\/wp\/v2\/posts\/1231\/revisions\/24599"}],"wp:featuredmedia":[{"embeddable":true,"href":"https:\/\/elcalaixetdelaiaia.es\/index.php?rest_route=\/wp\/v2\/media\/14191"}],"wp:attachment":[{"href":"https:\/\/elcalaixetdelaiaia.es\/index.php?rest_route=%2Fwp%2Fv2%2Fmedia&parent=1231"}],"wp:term":[{"taxonomy":"category","embeddable":true,"href":"https:\/\/elcalaixetdelaiaia.es\/index.php?rest_route=%2Fwp%2Fv2%2Fcategories&post=1231"},{"taxonomy":"post_tag","embeddable":true,"href":"https:\/\/elcalaixetdelaiaia.es\/index.php?rest_route=%2Fwp%2Fv2%2Ftags&post=1231"}],"curies":[{"name":"wp","href":"https:\/\/api.w.org\/{rel}","templated":true}]}}