{"id":123,"date":"2017-01-23T20:42:00","date_gmt":"2017-01-23T20:42:00","guid":{"rendered":"http:\/\/elcalaixetdelaiaia.es\/bizcocho-de-chocolate-para-tartas-y"},"modified":"2024-06-06T18:40:55","modified_gmt":"2024-06-06T18:40:55","slug":"bizcocho-de-chocolate-para-tartas-y","status":"publish","type":"post","link":"https:\/\/elcalaixetdelaiaia.es\/?p=123","title":{"rendered":"Bizcocho de chocolate para tartas y fondant paso a paso foto a foto"},"content":{"rendered":"<p>\u00abRefrany; Si tens bescuit; no menges pa florit\u00bb. Si tienes bizcocho, no comas pan florecido\u00bb<\/p>\n<p>Hay que ver que cosas tienen los refranes \u00bfverdad? pero todo tiene su explicaci\u00f3n, aunque traducido al pi\u00e9 de la letra parece un poco cosa de tontos.<\/p>\n<p>En fin, que hoy os traigo un bizcocho de chocolate, ideal para tartas de cumplea\u00f1os y en especial para cubrir con fondant.<\/p>\n<p><a style=\"margin-left: 1em; margin-right: 1em;\" href=\"https:\/\/2.bp.blogspot.com\/-fZPJJ-VJQFs\/WE2DbCLZ0JI\/AAAAAAAAn8o\/m8A-Q7IzT4kc4t3xsMswaWijeB8S68JyQCEw\/s1600\/h.jpg\"><img decoding=\"async\" loading=\"lazy\" class=\"aligncenter\" src=\"https:\/\/elcalaixetdelaiaia.es\/wp-content\/uploads\/2017\/01\/h.jpg\" width=\"640\" height=\"480\" border=\"0\" \/><\/a><\/p>\n<div>Ten\u00e9is que tener en cuenta que para recubrir de fondant y y que aguante bien, no sirve cualquier bizcocho. Por las pruebas que he ido haciendo, (y han sido unas cuantas), este es el mejor que he probado hasta la fecha, y no solo para cubrir con fondant, incluso est\u00e1 divino para comer tal cual, sin mas a\u00f1adidos.<\/div>\n<p>Para un molde de 20cm<\/p>\n<p>Necesitaremos;<\/p>\n<div style=\"text-align: center;\"><a style=\"margin-left: 1em; margin-right: 1em;\" href=\"http:\/\/1.bp.blogspot.com\/--HTjJxn4n5w\/U5cuEuCO8QI\/AAAAAAAANZI\/Gejcoc04Sy8\/s1600\/10436343_430263110447419_1084942414419278138_n.jpg\"><img decoding=\"async\" loading=\"lazy\" src=\"https:\/\/elcalaixetdelaiaia.es\/wp-content\/uploads\/2017\/01\/10436343_430263110447419_1084942414419278138_n.jpg\" width=\"480\" height=\"640\" border=\"0\" \/><\/a><\/div>\n<ol>\n<li>260g de harina<\/li>\n<li>40g de cacao en polvo sin az\u00facar Valor<\/li>\n<li>4 huevos XL a temperatura ambiente<\/li>\n<li>200g de mantequilla (no margarina) a temperatura ambiente<\/li>\n<li>200g de az\u00facar blanquilla<\/li>\n<li>Una pizca de sal<\/li>\n<li>Un sobre de levadura en polvo (16g)<\/li>\n<\/ol>\n<div style=\"text-align: center;\">Batimos la mantequilla con el az\u00facar, agregamos los huevos uno a uno y seguimos batiendo<\/div>\n<div style=\"text-align: center;\"><\/div>\n<div class=\"separator\" style=\"clear: both; text-align: center;\"><a style=\"margin-left: 1em; margin-right: 1em;\" href=\"https:\/\/1.bp.blogspot.com\/-x-t8ibeWb_E\/WE2DYLP0JKI\/AAAAAAAAn8U\/XKttOj4-bz0_ha185MK4okKT0OSSt26bACEw\/s1600\/a.jpg\"><img decoding=\"async\" loading=\"lazy\" src=\"https:\/\/elcalaixetdelaiaia.es\/wp-content\/uploads\/2017\/01\/a.jpg\" width=\"640\" height=\"480\" border=\"0\" \/><\/a><\/div>\n<div style=\"text-align: center;\"><\/div>\n<div style=\"text-align: center;\">tamizamos la harina y mezclamos con la levadura, y una pizquita de sal<\/div>\n<div class=\"separator\" style=\"clear: both; text-align: center;\"><\/div>\n<div class=\"separator\" style=\"clear: both; text-align: center;\"><a style=\"margin-left: 1em; margin-right: 1em;\" href=\"https:\/\/3.bp.blogspot.com\/-NYN54OwPjB8\/WE2DX7aKvjI\/AAAAAAAAn8Q\/-QFTRS33yvUJACxRMZHFy_RW0AyxEp7fgCEw\/s1600\/b.jpg\"><img decoding=\"async\" loading=\"lazy\" src=\"https:\/\/elcalaixetdelaiaia.es\/wp-content\/uploads\/2017\/01\/b.jpg\" width=\"640\" height=\"480\" border=\"0\" \/><\/a><\/div>\n<div><\/div>\n<div class=\"separator\" style=\"clear: both; text-align: center;\">a\u00f1adimos el chocolate en polvo, procurad que sea cacao puro sin az\u00facar, y batimos hasta que todo se integre muy bien y nos quede una masa uniforme, sin grumos. El resultado ser\u00e1 una masa muy muy densa, tranquilos, es as\u00ed&#8230;<\/div>\n<div class=\"separator\" style=\"clear: both; text-align: center;\"><\/div>\n<div class=\"separator\" style=\"clear: both; text-align: center;\"><a style=\"margin-left: 1em; margin-right: 1em;\" href=\"https:\/\/4.bp.blogspot.com\/-gxEac5S-4cY\/WE2DXWC4Y7I\/AAAAAAAAn8M\/tkg8pplKHAMUWYQumcFXois8duoECNgEACEw\/s1600\/c.jpg\"><img decoding=\"async\" loading=\"lazy\" src=\"https:\/\/elcalaixetdelaiaia.es\/wp-content\/uploads\/2017\/01\/c.jpg\" width=\"640\" height=\"480\" border=\"0\" \/><\/a><\/div>\n<div style=\"text-align: center;\"><\/div>\n<div style=\"text-align: center;\">encamisamos un molde desmoldable y pinzamos una hoja de papel sulfurizada, de horno o manteca, entre la base y el ruedo, para que quede mas estanco y nos ayude a desmoldar<\/div>\n<div style=\"text-align: center;\"><\/div>\n<div class=\"separator\" style=\"clear: both; text-align: center;\"><a style=\"margin-left: 1em; margin-right: 1em;\" href=\"https:\/\/2.bp.blogspot.com\/-0Ov1rnoGB-8\/WE2DYqV35SI\/AAAAAAAAn8Y\/Gu5w4lTkr8kd6tzjbx5mh00ssGupcOzSgCEw\/s1600\/d.jpg\"><img decoding=\"async\" loading=\"lazy\" src=\"https:\/\/elcalaixetdelaiaia.es\/wp-content\/uploads\/2017\/01\/d.jpg\" width=\"640\" height=\"480\" border=\"0\" \/><\/a><\/div>\n<div style=\"text-align: center;\"><\/div>\n<div style=\"text-align: center;\">Volcamos la masa en el molde<\/div>\n<div style=\"text-align: center;\"><\/div>\n<div class=\"separator\" style=\"clear: both; text-align: center;\"><a style=\"margin-left: 1em; margin-right: 1em;\" href=\"https:\/\/3.bp.blogspot.com\/-vYV3rTEoXlc\/WE2DZYBI22I\/AAAAAAAAn8c\/ze3UTr3eLlYsvYQmKVSaoK4ATdVmPXAVwCEw\/s1600\/e.jpg\"><img decoding=\"async\" loading=\"lazy\" src=\"https:\/\/elcalaixetdelaiaia.es\/wp-content\/uploads\/2017\/01\/e.jpg\" width=\"640\" height=\"480\" border=\"0\" \/><\/a><\/div>\n<div style=\"text-align: center;\"><\/div>\n<div style=\"text-align: center;\">y damos unos golpecitos sobre la mesa de trabajo para hacer desaparecer las burbujas de aire<\/div>\n<div style=\"text-align: center;\"><\/div>\n<div class=\"separator\" style=\"clear: both; text-align: center;\"><a style=\"margin-left: 1em; margin-right: 1em;\" href=\"https:\/\/4.bp.blogspot.com\/-36MjkXiRhAU\/WE2DZy3RBfI\/AAAAAAAAn8g\/0Pak_H7uJjcrb-qTY8x3ydF1AsgflfxbwCEw\/s1600\/f.jpg\"><img decoding=\"async\" loading=\"lazy\" src=\"https:\/\/elcalaixetdelaiaia.es\/wp-content\/uploads\/2017\/01\/f.jpg\" width=\"640\" height=\"480\" border=\"0\" \/><\/a><\/div>\n<div style=\"text-align: center;\"><\/div>\n<div style=\"text-align: center;\">Colocamos en la parte baja del horno precalentado a 170\u00ba, durante 60 minutos. \u00c9stos tiempos son orientativos, porque cada horno funciona de una manera y necesita unos tiempos distintos, controlad el vuestro, hasta que le coj\u00e1is el \u00abtruqui\u00bb, de hecho tengo que deciros, que cuando he hecho \u00e9ste bizcocho en otros hornos, en cada uno he necesitado un tiempo distinto<\/div>\n<div style=\"text-align: center;\"><\/div>\n<div class=\"separator\" style=\"clear: both; text-align: center;\"><a style=\"margin-left: 1em; margin-right: 1em;\" href=\"https:\/\/2.bp.blogspot.com\/-IQos7LokN-0\/WE2DaZ0QbaI\/AAAAAAAAn8k\/FP_Qz4T9aBI7kKtJrZzwww2Xh7kJYxu2QCEw\/s1600\/g.jpg\"><img decoding=\"async\" loading=\"lazy\" src=\"https:\/\/elcalaixetdelaiaia.es\/wp-content\/uploads\/2017\/01\/g.jpg\" width=\"640\" height=\"480\" border=\"0\" \/><\/a><\/div>\n<div style=\"text-align: center;\"><\/div>\n<div style=\"text-align: center;\">a los 45 minutos m\u00e1s o meno,(abrid y cerrad el horno lo m\u00e1s r\u00e1pido posible para que pierda el m\u00ednimo calor) os aconsejo que comprob\u00e9is como va la cocci\u00f3n pinchando en el centro del bizcocho con un palito de brocheta, si sale limpio, ya est\u00e1 listo, de lo contrario dejaremos unos minutos mas. Cuando est\u00e9 horneado y el palitosalga limpio, abrimos la puerta del horno y dejamos en bizcocho dentro unos 5 minutos, pero con la puerta abierta.<\/div>\n<div style=\"text-align: center;\"><\/div>\n<div class=\"separator\" style=\"clear: both; text-align: center;\"><a style=\"margin-left: 1em; margin-right: 1em;\" href=\"https:\/\/2.bp.blogspot.com\/-fZPJJ-VJQFs\/WE2DbCLZ0JI\/AAAAAAAAn8o\/m8A-Q7IzT4kc4t3xsMswaWijeB8S68JyQCEw\/s1600\/h.jpg\"><img decoding=\"async\" loading=\"lazy\" src=\"https:\/\/elcalaixetdelaiaia.es\/wp-content\/uploads\/2017\/01\/h.jpg\" width=\"640\" height=\"480\" border=\"0\" \/><\/a><\/div>\n<div style=\"text-align: center;\"><\/div>\n<div style=\"text-align: center;\">desmoldaremos\u00a0 y procederemos a dejarlo sobre la rejilla tal cual pero solo 5 minutos<\/div>\n<div style=\"text-align: center;\"><\/div>\n<div class=\"separator\" style=\"clear: both; text-align: center;\"><a style=\"margin-left: 1em; margin-right: 1em;\" href=\"https:\/\/4.bp.blogspot.com\/-l-eEndDM0_4\/WE2DbpA1FSI\/AAAAAAAAn8s\/a3tHhyWEcqYKpTIfvDsLkFCYazjbckrmgCEw\/s1600\/i.jpg\"><img decoding=\"async\" loading=\"lazy\" src=\"https:\/\/elcalaixetdelaiaia.es\/wp-content\/uploads\/2017\/01\/i.jpg\" width=\"640\" height=\"480\" border=\"0\" \/><\/a><\/div>\n<div style=\"text-align: center;\"><\/div>\n<div style=\"text-align: center;\">quitaremos el copete con la lira, que reservaremos en el congelador para cualquier otra receta (por ejemplo unos popcakes) y envolveremos el bizcocho con papel film, de esta manera el bizcocho no perder\u00e1<br \/>\nhumedad. Dejaremos que el bizcocho repose un d\u00eda antes de rellenarlo y<br \/>\ndecorarlo con fondant.<\/div>\n<div style=\"text-align: center;\">Ah, y tranquilos porque incluso se puede congelar, \u00e9so si, descogel\u00e1ndolo lentamente en el frigo, para que no pierda en calidad.<\/div>\n<div style=\"text-align: center;\"><\/div>\n<div class=\"separator\" style=\"clear: both; text-align: center;\"><a style=\"margin-left: 1em; margin-right: 1em;\" href=\"https:\/\/3.bp.blogspot.com\/-nQhTyR2PZPc\/WIYweIJ7C9I\/AAAAAAAAou0\/Q-9NeNlRvEAyymZHNAIPhKLrFih4YEBcwCLcB\/s1600\/IMG_7287.PNG\"><img decoding=\"async\" loading=\"lazy\" src=\"https:\/\/elcalaixetdelaiaia.es\/wp-content\/uploads\/2017\/01\/IMG_7287-1.png\" width=\"640\" height=\"480\" border=\"0\" \/><\/a><\/div>\n<div><\/div>\n<div style=\"text-align: center;\">Cuando llegue el momento de montar la tarta, la cortaremos, si es posible con lira o cortador y si no, con un cuchillo muy largo, por ejemplo un\u00a0 jamonero, pero ir con mucho cuidado<\/div>\n<div><\/div>\n<div class=\"separator\" style=\"clear: both; text-align: center;\"><a style=\"margin-left: 1em; margin-right: 1em;\" href=\"https:\/\/4.bp.blogspot.com\/-GI10cCYVG_E\/WIYwa5Ph3uI\/AAAAAAAAouw\/0QR1LanNpN0Qcazj2-Z1jAT8j3uKdBO3wCLcB\/s1600\/IMG_7288.PNG\"><img decoding=\"async\" loading=\"lazy\" src=\"https:\/\/elcalaixetdelaiaia.es\/wp-content\/uploads\/2017\/01\/IMG_7288.png\" width=\"640\" height=\"480\" border=\"0\" \/><\/a><\/div>\n<div><\/div>\n<div style=\"text-align: center;\">un truco que comparto con vosotros es marcar con unos palillos cada capa de bizcocho antes de rellenarlo, para que luego al volver a montarlo coincidan los cortes, y nos quede muy igualado \ud83d\ude09<\/div>\n<div><\/div>\n<div class=\"separator\" style=\"clear: both; text-align: center;\"><a style=\"margin-left: 1em; margin-right: 1em;\" href=\"https:\/\/3.bp.blogspot.com\/-EeKy7QTgWjY\/WIYwjrG2OeI\/AAAAAAAAou4\/YMkr3ZtXJvwQKSJrTyJ0TmQG7pN3EUfNwCLcB\/s1600\/IMG_7289.PNG\"><img decoding=\"async\" loading=\"lazy\" src=\"https:\/\/elcalaixetdelaiaia.es\/wp-content\/uploads\/2017\/01\/IMG_7289-1.png\" width=\"640\" height=\"480\" border=\"0\" \/><\/a><\/div>\n<div><\/div>\n<div style=\"text-align: center;\">y ahora ya podemos rellenar con nuestra crema elegida<\/div>\n<div style=\"text-align: center;\"><\/div>\n<div class=\"separator\" style=\"clear: both; text-align: center;\"><a style=\"margin-left: 1em; margin-right: 1em;\" href=\"https:\/\/2.bp.blogspot.com\/-eR1WOs49h9w\/WIYyrMXeFEI\/AAAAAAAAovE\/Rtp1ihwhEToe-6_rum900TB3YKl8lMPjwCLcB\/s1600\/IMG_7293.PNG\"><img decoding=\"async\" loading=\"lazy\" src=\"https:\/\/elcalaixetdelaiaia.es\/wp-content\/uploads\/2017\/01\/IMG_7293-1.png\" width=\"640\" height=\"480\" border=\"0\" \/><\/a><\/div>\n<div style=\"text-align: center;\"><\/div>\n<div style=\"text-align: center;\">cubrir con el fondant<\/div>\n<div style=\"text-align: center;\"><\/div>\n<div class=\"separator\" style=\"clear: both; text-align: center;\"><a style=\"margin-left: 1em; margin-right: 1em;\" href=\"https:\/\/3.bp.blogspot.com\/-T965rf6ns6s\/WIYwqbO3q2I\/AAAAAAAAou8\/to6byel1FNERLDH434WmfZGodDC3kBmkgCLcB\/s1600\/IMG_7318.PNG\"><img decoding=\"async\" loading=\"lazy\" src=\"https:\/\/elcalaixetdelaiaia.es\/wp-content\/uploads\/2017\/01\/IMG_7318.png\" width=\"640\" height=\"480\" border=\"0\" \/><\/a><\/div>\n<div style=\"text-align: center;\"><\/div>\n<div style=\"text-align: center;\">y crear una tarta&#8230;.como por ejemplo \u00e9sta cuyo detallad\u00ediiiisimo paso a paso podr\u00e9is ver pinchando en \u00e9ste enlace<a href=\"https:\/\/elcalaixetdelaiaia.es\/2017\/01\/tarta-de-la-doctora-juguetes-de\/\">https:\/\/elcalaixetdelaiaia.es\/2017\/01\/tarta-de-la-doctora-juguetes-de\/<\/a><\/div>\n<div><\/div>\n<div style=\"text-align: center;\">\u00aba la taula i&#8230;BON PROFIT!!!\u00bb<\/div>\n<div style=\"text-align: center;\">\u00a0si os gusta mi receta, pod\u00e9is compartirla para que llegue a m\u00e1s gente.<br \/>\nEspero vuestro comentarios que para mi son MUY importantes y recordad que tambi\u00e9n estoy en Facebook <a href=\"https:\/\/www.facebook.com\/El-calaixet-de-la-iaia-533062140099386\/\">https:\/\/www.facebook.com\/El-calaixet-de-la-iaia-533062140099386\/<\/a><\/div>\n","protected":false},"excerpt":{"rendered":"<p>\u00abRefrany; Si tens bescuit; no menges pa florit\u00bb. Si tienes bizcocho, no comas pan florecido\u00bb Hay que ver que cosas tienen los refranes \u00bfverdad? pero todo tiene su explicaci\u00f3n, aunque traducido al pi\u00e9 de la letra parece un poco cosa de tontos. En fin, que hoy os traigo un bizcocho &hellip; <\/p>\n","protected":false},"author":2,"featured_media":2386,"comment_status":"open","ping_status":"open","sticky":false,"template":"","format":"standard","meta":[],"categories":[6,1],"tags":[],"_links":{"self":[{"href":"https:\/\/elcalaixetdelaiaia.es\/index.php?rest_route=\/wp\/v2\/posts\/123"}],"collection":[{"href":"https:\/\/elcalaixetdelaiaia.es\/index.php?rest_route=\/wp\/v2\/posts"}],"about":[{"href":"https:\/\/elcalaixetdelaiaia.es\/index.php?rest_route=\/wp\/v2\/types\/post"}],"author":[{"embeddable":true,"href":"https:\/\/elcalaixetdelaiaia.es\/index.php?rest_route=\/wp\/v2\/users\/2"}],"replies":[{"embeddable":true,"href":"https:\/\/elcalaixetdelaiaia.es\/index.php?rest_route=%2Fwp%2Fv2%2Fcomments&post=123"}],"version-history":[{"count":12,"href":"https:\/\/elcalaixetdelaiaia.es\/index.php?rest_route=\/wp\/v2\/posts\/123\/revisions"}],"predecessor-version":[{"id":27769,"href":"https:\/\/elcalaixetdelaiaia.es\/index.php?rest_route=\/wp\/v2\/posts\/123\/revisions\/27769"}],"wp:featuredmedia":[{"embeddable":true,"href":"https:\/\/elcalaixetdelaiaia.es\/index.php?rest_route=\/wp\/v2\/media\/2386"}],"wp:attachment":[{"href":"https:\/\/elcalaixetdelaiaia.es\/index.php?rest_route=%2Fwp%2Fv2%2Fmedia&parent=123"}],"wp:term":[{"taxonomy":"category","embeddable":true,"href":"https:\/\/elcalaixetdelaiaia.es\/index.php?rest_route=%2Fwp%2Fv2%2Fcategories&post=123"},{"taxonomy":"post_tag","embeddable":true,"href":"https:\/\/elcalaixetdelaiaia.es\/index.php?rest_route=%2Fwp%2Fv2%2Ftags&post=123"}],"curies":[{"name":"wp","href":"https:\/\/api.w.org\/{rel}","templated":true}]}}