{"id":1227,"date":"2013-06-19T11:45:00","date_gmt":"2013-06-19T11:45:00","guid":{"rendered":"http:\/\/elcalaixetdelaiaia.es\/bebes_19"},"modified":"2018-07-14T18:04:59","modified_gmt":"2018-07-14T18:04:59","slug":"bebes_19","status":"publish","type":"post","link":"https:\/\/elcalaixetdelaiaia.es\/?p=1227","title":{"rendered":"Irritaciones en la piel del beb\u00e9."},"content":{"rendered":"<p>Refranes, \u00abrefranys\u00bb<br \/>\nQuien no llora, no mama<br \/>\n\u00abQui no plora, no mama\u00bb<\/p>\n<p>La delicada piel del beb\u00e9.<\/p>\n<p><a href=\"http:\/\/1.bp.blogspot.com\/-4_K75a9463I\/UcGPwT5qQTI\/AAAAAAAAARI\/6VyWQhei4b8\/s1600\/IMG_9901.JPG\"><img decoding=\"async\" class=\"aligncenter\" src=\"https:\/\/elcalaixetdelaiaia.es\/wp-content\/uploads\/2013\/06\/IMG_9901.jpg\" border=\"0\" \/><\/a><\/p>\n<div>Me comentaba ayer una seguidora sobre alg\u00fan truco para la piel del beb\u00e9.Mi iaia, para las rojeces y el eritema \u00f3 eccema de pa\u00f1al, utilizaba simplemente aceite de oliva puro. Hoy en d\u00eda hay infinidad de productos para \u00e9stos casos, la dermatitis del pa\u00f1al es una irritaci\u00f3n de la piel ubicada alrededor de los genitales de los beb\u00e9s que provoca sarpullido o escaldaduras y que generalmente es debido a la combinaci\u00f3n de amoniaco de la orina y la humedad. Esta combinaci\u00f3n propicia la multiplicaci\u00f3n de hongos en los pliegues que cubren el \u00e1rea del pa\u00f1al afectando as\u00ed al beb\u00e9, tod@s sab\u00e9is que es muy importante el cambio frecuente de pa\u00f1al para que est\u00e9n lo mas sequit@s posible, pero a veces \u00e9stas rojeces aparecen en distintas partes de su cuerpecito. Sin embargo por propia experiencia, os recomiendo el aceite de rosa de mosqueta que va fenomenal para la delicada piel de vuestros beb\u00e9s. La he usado para mis hijos, sobrinos y nieta y es fabulosa.<br \/>\nSu composici\u00f3n con numerosos \u00e1cidos grasos esenciales (\u00e1cido omega 6, omega 3,lineico), \u00a0vitaminas, antioxidantes (vitamina A- retinol , vitamina C, E) lo convierten en un objeto imprescindible en nuestra casa,<br \/>\nEn Mercadona, tienen la marca Delipl\u00fas que seg\u00fan una gran amiga dermat\u00f3loga, es de las que mejor combina la relaci\u00f3n calidad-precio. Tengamos en cuenta que el frasco sale por 6,20 \u20ac.<br \/>\nEn otro momento os contar\u00e9 para que otros truquis es perfecto.<\/p>\n<p>Un saludo de;<br \/>\niaia Maimen<br \/>\nPinchando en cada foto podr\u00e1s verla en tama\u00f1o grande, y si te gusta \u00e9sta entrada,\u00a0punt\u00faala\u00a0con g+1, as\u00ed mucha gente podr\u00e1 disfrutar de esta receta.<\/p>\n<p>Y recuerda que estoy tambien en Faceboock https:\/\/www.facebook.com\/El-calaixet-de-la-iaia-533062140099386\/<\/p>\n<\/div>\n","protected":false},"excerpt":{"rendered":"<p>Refranes, \u00abrefranys\u00bb Quien no llora, no mama \u00abQui no plora, no mama\u00bb La delicada piel del beb\u00e9. Me comentaba ayer una seguidora sobre alg\u00fan truco para la piel del beb\u00e9.Mi iaia, para las rojeces y el eritema \u00f3 eccema de pa\u00f1al, utilizaba simplemente aceite de oliva puro. Hoy en d\u00eda &hellip; <\/p>\n","protected":false},"author":2,"featured_media":14182,"comment_status":"open","ping_status":"open","sticky":false,"template":"","format":"standard","meta":[],"categories":[1,95],"tags":[],"_links":{"self":[{"href":"https:\/\/elcalaixetdelaiaia.es\/index.php?rest_route=\/wp\/v2\/posts\/1227"}],"collection":[{"href":"https:\/\/elcalaixetdelaiaia.es\/index.php?rest_route=\/wp\/v2\/posts"}],"about":[{"href":"https:\/\/elcalaixetdelaiaia.es\/index.php?rest_route=\/wp\/v2\/types\/post"}],"author":[{"embeddable":true,"href":"https:\/\/elcalaixetdelaiaia.es\/index.php?rest_route=\/wp\/v2\/users\/2"}],"replies":[{"embeddable":true,"href":"https:\/\/elcalaixetdelaiaia.es\/index.php?rest_route=%2Fwp%2Fv2%2Fcomments&post=1227"}],"version-history":[{"count":2,"href":"https:\/\/elcalaixetdelaiaia.es\/index.php?rest_route=\/wp\/v2\/posts\/1227\/revisions"}],"predecessor-version":[{"id":17692,"href":"https:\/\/elcalaixetdelaiaia.es\/index.php?rest_route=\/wp\/v2\/posts\/1227\/revisions\/17692"}],"wp:featuredmedia":[{"embeddable":true,"href":"https:\/\/elcalaixetdelaiaia.es\/index.php?rest_route=\/wp\/v2\/media\/14182"}],"wp:attachment":[{"href":"https:\/\/elcalaixetdelaiaia.es\/index.php?rest_route=%2Fwp%2Fv2%2Fmedia&parent=1227"}],"wp:term":[{"taxonomy":"category","embeddable":true,"href":"https:\/\/elcalaixetdelaiaia.es\/index.php?rest_route=%2Fwp%2Fv2%2Fcategories&post=1227"},{"taxonomy":"post_tag","embeddable":true,"href":"https:\/\/elcalaixetdelaiaia.es\/index.php?rest_route=%2Fwp%2Fv2%2Ftags&post=1227"}],"curies":[{"name":"wp","href":"https:\/\/api.w.org\/{rel}","templated":true}]}}