{"id":1226,"date":"2013-06-20T11:09:00","date_gmt":"2013-06-20T11:09:00","guid":{"rendered":"http:\/\/elcalaixetdelaiaia.es\/tarta-de-tres-chocolates"},"modified":"2019-11-13T19:02:59","modified_gmt":"2019-11-13T19:02:59","slug":"tarta-de-tres-chocolates","status":"publish","type":"post","link":"https:\/\/elcalaixetdelaiaia.es\/?p=1226","title":{"rendered":"Tarta de tres chocolates y vasos paso a paso foto a foto"},"content":{"rendered":"<p>\u00abRefrany\u00bb<br \/>\nLas cuentas claras, y el chocolate espeso.<br \/>\n\u00abEls contes clars, i el chocolate esp\u00e9s\u00bb<\/p>\n<div style=\"text-align: center;\">\u00a0<img decoding=\"async\" src=\"https:\/\/elcalaixetdelaiaia.es\/wp-content\/uploads\/2013\/06\/IMG_5560.jpg\" border=\"0\" \/><\/div>\n<p>Hoy os traigo una receta f\u00e1cil y vistosa, que es una tarta o postre cuya<br \/>\npresentaci\u00f3n y sabor son dignos de la mejor pasteler\u00eda o restaurant y<br \/>\nnada nada, complicada de hacer .<br \/>\nLa primera vez que la prob\u00e9 me gust\u00f3 taaaaanto, que no par\u00e9 hasta conseguir la receta y hacerla yo en casa, de \u00e9sto hace ya&#8230;unos cuantos a\u00f1os, aunque parece que de un tiempo a \u00e9sta parte, se ha puesto de moda, no es una tarta nueva.<\/p>\n<p>Pero empecemos por el principio.<br \/>\nNecesitaremos;<\/p>\n<div style=\"text-align: center;\"><img decoding=\"async\" src=\"https:\/\/elcalaixetdelaiaia.es\/wp-content\/uploads\/2013\/06\/IMG_5543.jpg\" border=\"0\" \/><\/div>\n<p>&nbsp;<\/p>\n<ol>\n<li>250 g chocolate puro<\/li>\n<li>250 g chocolate con leche<\/li>\n<li>250 g chocolate blanco<\/li>\n<li>600 ml nata ( \u00f3 3 bricks)<\/li>\n<li>600 ml leche entera<\/li>\n<li>3 sobres cuajada<\/li>\n<li>1 rulo galletas Mar\u00eda o similar para la base<\/li>\n<li>150 gramos mantequilla para la base<\/li>\n<\/ol>\n<p>&nbsp;<\/p>\n<div style=\"text-align: center;\">Para la decoraci\u00f3n de las hojas:<br \/>\n250 g chocolate negro (cambiad el chocolate si vais a invertir el orden de los colores.)<br \/>\nhojas de naranjo,de platanero \u00f3 limonero, son las ideales, aunque las he hecho hasta con hojas de parra y de rosal.<a href=\"http:\/\/4.bp.blogspot.com\/-pVl4hUsl0ag\/UcLFwnPVyNI\/AAAAAAAAARo\/6UFzq7NGiz8\/s1600\/IMG_5553.jpg\"><img decoding=\"async\" src=\"https:\/\/elcalaixetdelaiaia.es\/wp-content\/uploads\/2013\/06\/IMG_5553.jpg\" border=\"0\" \/><\/a><\/p>\n<\/div>\n<div style=\"text-align: center;\">\nLimpiamos bien a fondo las hojas y las secamos.<br \/>\nEn un bol apto para microondas, ponemos el chocolate troceado a baja temperatura y los vamos derritiendo con golpes de pocos segundos, y removiendo para que no se nos queme<a href=\"http:\/\/1.bp.blogspot.com\/-jK0dbwDgbgM\/UcLGc6tV5mI\/AAAAAAAAARw\/rwhBXUn0d9I\/s1600\/IMG_5555.jpg\"><img decoding=\"async\" src=\"https:\/\/elcalaixetdelaiaia.es\/wp-content\/uploads\/2013\/06\/IMG_5555.jpg\" border=\"0\" \/><\/a><\/p>\n<\/div>\n<div style=\"text-align: center;\">\nCon mucho cuidado, vamos pintando las hojas POR LA PARTE TRASERA, es decir por la parte del nervio y dejamos enfriar. Yo os aconsejo dar primero una pasada de chocolate delgada y una vez enfriada, repetir hasta que quede del grosor deseado.<a href=\"http:\/\/2.bp.blogspot.com\/-Ml8_GHtDI4c\/UcLH4F5mHkI\/AAAAAAAAASE\/L5Ae1sbPtJE\/s1600\/IMG_5556.jpg\"><img decoding=\"async\" src=\"https:\/\/elcalaixetdelaiaia.es\/wp-content\/uploads\/2013\/06\/IMG_5556.jpg\" border=\"0\" \/><\/a><\/p>\n<p>Con cuidado, despegamos la hoja del naranjo y obtendremos unas deliciosas hojas de chocolate.<\/p>\n<p><a href=\"http:\/\/3.bp.blogspot.com\/-NLPuzVm-FdU\/UcLH3mBigXI\/AAAAAAAAASI\/IGXNW2BNPJ0\/s1600\/fulles+de+tres+xocolates.jpg\"><img decoding=\"async\" src=\"https:\/\/elcalaixetdelaiaia.es\/wp-content\/uploads\/2013\/06\/fulles-de-tres-xocolates.jpg\" border=\"0\" \/><\/a><\/p>\n<p>Las suelo hacer de chocolate puro porque me parecen mas vistosas pero si voy a hacer varias tartas o copas (tambi\u00e9n se pueden hacer con la presentaci\u00f3n de copas \u00f3 vasos), hago una tanda de hojas tricolores para combinar y reservo en el frigor\u00edfico, pero lejos de la humedad, ya que duran varios d\u00edas.<\/p>\n<p><a href=\"http:\/\/1.bp.blogspot.com\/-ufK0ddjLXMM\/UcLReagOgVI\/AAAAAAAAATY\/RtpcXPX02bE\/s1600\/IMG_9910.JPG\"><img decoding=\"async\" src=\"https:\/\/elcalaixetdelaiaia.es\/wp-content\/uploads\/2013\/06\/IMG_9910.jpg\" border=\"0\" \/><\/a><\/p>\n<\/div>\n<div style=\"text-align: center;\">En primer lugar se prepara la base:<br \/>\nSi tienes Iber tritura las galletas 1 minuto en velocidad 10. A\u00f1ade la mantequilla y lo vuelves a triturar unos 1 minuto mas a la misma velocidad. Y si no, machacamos las galletas. Yo lo hago metiendo el paquete dentro de una bolsa de congelaci\u00f3n y pasando el rulo amasador hasta que queden muy picaditas.<a href=\"http:\/\/1.bp.blogspot.com\/-5A9e0i1JnXE\/UcLRW3VdilI\/AAAAAAAAASc\/lWUYoVcAjh0\/s1600\/IMG_5546.jpg\"><img decoding=\"async\" src=\"https:\/\/elcalaixetdelaiaia.es\/wp-content\/uploads\/2013\/06\/IMG_5546.jpg\" border=\"0\" \/><\/a><\/p>\n<\/div>\n<div style=\"text-align: center;\">\u00a0Entonces la mezclaremos con la mantequilla hasta obtener una mezcla tipo arena mojada, y la pondremos en el molde desmoldable, esparcida y prensada con la cuchara por toda la base y el siguiente paso se puede hacer de dos maneras \u00f3 se mete en el horno unos minutos para que se ponga durita y crujiente, o se deja enfriar en el frigo.<br \/>\nSi la hacemos en el horno, hemos de cuidar que no quede demasiado tostada, cada horno es un mundo. En el m\u00edo la pongo 10 min. a 180 grados.<\/div>\n<div style=\"text-align: center;\">\n<a href=\"http:\/\/3.bp.blogspot.com\/-Y_NPkdLF37g\/UcLRYC_uROI\/AAAAAAAAASw\/cHuuYFLEFW8\/s1600\/IMG_5547.jpg\"><img decoding=\"async\" src=\"https:\/\/elcalaixetdelaiaia.es\/wp-content\/uploads\/2013\/06\/IMG_5547.jpg\" border=\"0\" \/><\/a>Y ahora vamos con los chocolates. Empiezo casi siempre con el negro, pero si quieres invertir colores&#8230;no hay problema. De hecho si empiezamos por el blanco, no necesitaremo,s limpiar el vaso en la siguiente tanda de chocolate y encima sale como a modo atigrado y queda muy bien.<br \/>\nPondremos un brick de nata (\u00f3 200 ml) y la cantidad de leche en el brick vac\u00edo (unos 200 ml.) a calentar a fuego suave.Se a\u00f1ade el chocolate negro troceado y cuando est\u00e1 disuelto se a\u00f1ade 1 sobre de cuajada, moviendo sin parar durante 7 minutos, procurando que no llegue a hervir.<br \/>\nTambi\u00e9n se puede hacer con la Iber&#8230;que es similar a la Thermomix. Con la Iber pongo todos los ingredientes 7 minutos a 90\u00ba y velocidad 5. Vuelcas sobre la galleta y lo dejas enfriar para hacer la siguiente capa.<br \/>\nCon el tiempo que se tarda en preparar cada chocolate, es suficiente.<br \/>\nAntes poner la siguiente capa de chocolate, pod\u00e9is hacer unas marcas con un tenedor para que agarre mejor, aunque no es imprescindible, yo no lo hago y me agarran fenomenal<\/p>\n<p><a href=\"http:\/\/1.bp.blogspot.com\/-o4uyRXfF1DQ\/UcLRYC2txHI\/AAAAAAAAASs\/XctxS0fazvE\/s1600\/IMG_5548.jpg\"><img decoding=\"async\" src=\"https:\/\/elcalaixetdelaiaia.es\/wp-content\/uploads\/2013\/06\/IMG_5548.jpg\" border=\"0\" \/><\/a><\/p>\n<p>Haremos exactamente igual para siguiente capa. En el momento de incorporar la mezcla la volcaremos suavemente sobre una cuchara sopera, para que no se mezclen los chocolates y queden en capas visiblemente separadas. Dejaremos enfriar mientras preparamos la \u00faltima.<\/p>\n<p>No necesitaremos a\u00f1adir az\u00facar en absoluto, de verdad porque es mas que suficiente con el dulzor de los chocolates. Incluso m\u00e1s de una vez se la hice a mi madre que era diab\u00e9tica, con chocolates sin az\u00facar<\/p>\n<p><a href=\"http:\/\/2.bp.blogspot.com\/-jbiFlRASFr4\/UcLRYYDhzCI\/AAAAAAAAAS0\/rfaUmoKjTuw\/s1600\/IMG_5550.jpg\"><img decoding=\"async\" src=\"https:\/\/elcalaixetdelaiaia.es\/wp-content\/uploads\/2013\/06\/IMG_5550.jpg\" border=\"0\" \/><\/a><\/p>\n<p>Incorporamos el \u00faltimo chocolate<\/p>\n<p><a href=\"http:\/\/1.bp.blogspot.com\/-eX5zl0_917Y\/UcLRZZ3wihI\/AAAAAAAAAS8\/EEVmxa0rnzY\/s1600\/IMG_5552.jpg\"><img decoding=\"async\" src=\"https:\/\/elcalaixetdelaiaia.es\/wp-content\/uploads\/2013\/06\/IMG_5552.jpg\" border=\"0\" \/><\/a><\/p>\n<p>Cubrir con papel film y dejar cuajar procurando no mover del sitio.Finalmente se guarda en fr\u00edo, hasta el d\u00eda siguiente.<\/p>\n<p><a href=\"http:\/\/2.bp.blogspot.com\/-cbHnYvR92tc\/UcLRbN2qoKI\/AAAAAAAAATE\/e8A3R3bINH0\/s1600\/IMG_5557.jpg\"><img decoding=\"async\" src=\"https:\/\/elcalaixetdelaiaia.es\/wp-content\/uploads\/2013\/06\/IMG_5557.jpg\" border=\"0\" \/><\/a><\/p>\n<p>\u00a1\u00a1\u00a1 Este es el resultado final.!!!<\/p>\n<p><a href=\"http:\/\/2.bp.blogspot.com\/-Uai5o4IFxdU\/UcLRb5OYRnI\/AAAAAAAAATQ\/Lxv0tliWMWs\/s1600\/IMG_5560.jpg\"><img decoding=\"async\" src=\"https:\/\/elcalaixetdelaiaia.es\/wp-content\/uploads\/2013\/06\/IMG_5560.jpg\" border=\"0\" \/><\/a><\/p>\n<p>\u00bfA que parece de pasteler\u00eda?&#8230;pues est\u00e1 de rica&#8230;que la ten\u00e9is que hacer para probarla mmmmm buen\u00edsima&#8230;<\/p>\n<p><a href=\"http:\/\/3.bp.blogspot.com\/-pQxNCjB_L0Q\/UcLRcRLAlwI\/AAAAAAAAATU\/BF0n1m2cUCY\/s1600\/IMG_5817.jpg\"><img decoding=\"async\" src=\"https:\/\/elcalaixetdelaiaia.es\/wp-content\/uploads\/2013\/06\/IMG_5817.jpg\" border=\"0\" \/><\/a><\/p>\n<p>y aqu\u00ed ten\u00e9is otra con \u00e9stos adornos que pod\u00e9is ver como se hacen pinchando en \u00e9ste enlace; <a href=\"https:\/\/elcalaixetdelaiaia.es\/como-hacer-adornos-de-chocolate-para\">https:\/\/elcalaixetdelaiaia.es\/como-hacer-adornos-de-chocolate-para<\/a><\/p>\n<p><a href=\"http:\/\/2.bp.blogspot.com\/-j7_YIAaUM0M\/U6P0_UeC9BI\/AAAAAAAANhk\/AMLMUG7MnEk\/s1600\/SAM_0584.JPG\"><img decoding=\"async\" src=\"https:\/\/elcalaixetdelaiaia.es\/wp-content\/uploads\/2013\/06\/SAM_0584.jpg\" border=\"0\" \/><\/a><\/p>\n<p><a href=\"http:\/\/2.bp.blogspot.com\/-jPOmVTG-98w\/U6P05zRz4WI\/AAAAAAAANhc\/fE0t615jQkM\/s1600\/SAM_0580.JPG\"><img decoding=\"async\" src=\"https:\/\/elcalaixetdelaiaia.es\/wp-content\/uploads\/2013\/06\/SAM_0580.jpg\" border=\"0\" \/><\/a><\/p>\n<p><a href=\"http:\/\/2.bp.blogspot.com\/-AZQxMkQa_Go\/VKW4c9qaAcI\/AAAAAAAAQIY\/PagWgb2vjwY\/s1600\/feliii.jpg\"><img decoding=\"async\" src=\"https:\/\/elcalaixetdelaiaia.es\/wp-content\/uploads\/2013\/06\/feliii.jpg\" border=\"0\" \/><\/a><\/p>\n<p>y \u00e9sta invernal, que resulta muy navide\u00f1a verdad? unicamente he a\u00f1adido unas flores de fondant que recuerdan a la nieve y unas bolitas de caramelo de plata en lugar de las hojas de chocolate<\/p>\n<\/div>\n<div style=\"text-align: center;\">\n<a href=\"http:\/\/2.bp.blogspot.com\/-PPJnWyxCkKk\/UgubJIwZNPI\/AAAAAAAABNo\/t_si3rlu6cI\/s1600\/IMG_0872.JPG\"><img decoding=\"async\" src=\"https:\/\/elcalaixetdelaiaia.es\/wp-content\/uploads\/2013\/06\/IMG_0872.jpg\" border=\"0\" \/><\/a>Otra presentaci\u00f3n, vaso de copa, con base de galleta y mantequilla. Como es cristal fino, no se puede poner en el horno. Lo que hago es meterlo en el congelador para que se ponga la base durita.<\/p>\n<p><a href=\"http:\/\/3.bp.blogspot.com\/-vrE95LsGQ-Q\/UgubERvx8qI\/AAAAAAAABNU\/Vw6IzAwrLYI\/s1600\/IMG_0873.JPG\"><img decoding=\"async\" src=\"https:\/\/elcalaixetdelaiaia.es\/wp-content\/uploads\/2013\/06\/IMG_0873.jpg\" border=\"0\" \/><\/a><\/p>\n<p>Tambi\u00e9n como base se puede poner simplemente una galleta Mar\u00eda, sin mas.<\/p>\n<p><a href=\"http:\/\/1.bp.blogspot.com\/-OgYB4uJrC60\/UgubEARW02I\/AAAAAAAABNQ\/zEWOSdpzi1g\/s1600\/IMG_0876.JPG\"><img decoding=\"async\" src=\"https:\/\/elcalaixetdelaiaia.es\/wp-content\/uploads\/2013\/06\/IMG_0876.jpg\" border=\"0\" \/><\/a><\/p>\n<p>Y por \u00faltimo en este caso, sin base.<\/p>\n<\/div>\n<div style=\"text-align: center;\">\n<a href=\"http:\/\/1.bp.blogspot.com\/-yUaOMwwKTF0\/UgubI8ogIgI\/AAAAAAAABNk\/QVx-urLcEc8\/s1600\/IMG_0877.JPG\"><img decoding=\"async\" src=\"https:\/\/elcalaixetdelaiaia.es\/wp-content\/uploads\/2013\/06\/IMG_0877.jpg\" border=\"0\" \/><\/a><\/div>\n<div style=\"text-align: center;\">\nRecordar que es muy empalagosa y como veis las copas son muy anchas, por lo tanto poner una cantidad peque\u00f1a de cada chocolate, de lo contrario, es demasiado pesada de comer.<a href=\"http:\/\/4.bp.blogspot.com\/-MKBk6y6Ma1w\/UgubIvp4f6I\/AAAAAAAABNg\/tQbOZBJLLVo\/s1600\/IMG_0878.JPG\"><img decoding=\"async\" src=\"https:\/\/elcalaixetdelaiaia.es\/wp-content\/uploads\/2013\/06\/IMG_0878.jpg\" border=\"0\" \/><\/a><\/p>\n<\/div>\n<div style=\"text-align: center;\">\nTambi\u00e9n os recuerdo que se sirve MUY FR\u00cdA<a href=\"http:\/\/3.bp.blogspot.com\/-wJ4XAwZ8wk4\/UgubKz-hTVI\/AAAAAAAABN0\/LgBji6xIp90\/s1600\/IMG_0880.JPG\"><img decoding=\"async\" src=\"https:\/\/elcalaixetdelaiaia.es\/wp-content\/uploads\/2013\/06\/IMG_0880.jpg\" border=\"0\" \/><\/a><\/p>\n<p>Espero que os haya gustado y os aseguro que es mas complicada la explicaci\u00f3n que la elaboraci\u00f3n de la misma. estoy segura de que os animar\u00e9is a hacerla, y si es as\u00ed y quer\u00e9is compartir con nosotr@s el resultado, pod\u00e9is enviar vuestras im\u00e1genes a mi correo electr\u00f3nico y las publicar\u00e9 encantada.<br \/>\nEspero vuestros comentarios, gracias anticipadas por ellos.<br \/>\nA la taula i&#8230;.BON PROFIT!<br \/>\nSi te gusta \u00e9sta entrada, y la compartes, llegar\u00e1 a mas gente<\/p>\n<div>Recuerda que tambi\u00e9n estoy en Facebook<\/div>\n<div><a href=\"https:\/\/www.facebook.com\/El-calaixet-de-la-iaia-533062140099386\/\">https:\/\/www.facebook.com\/El-calaixet-de-la-iaia-533062140099386\/<\/a><\/div>\n<div>Y si \u00a0quieres dejar un comentario&#8230;..Gracias<\/div>\n<\/div>\n","protected":false},"excerpt":{"rendered":"<p>\u00abRefrany\u00bb Las cuentas claras, y el chocolate espeso. \u00abEls contes clars, i el chocolate esp\u00e9s\u00bb \u00a0 Hoy os traigo una receta f\u00e1cil y vistosa, que es una tarta o postre cuya presentaci\u00f3n y sabor son dignos de la mejor pasteler\u00eda o restaurant y nada nada, complicada de hacer . La &hellip; <\/p>\n","protected":false},"author":2,"featured_media":14170,"comment_status":"open","ping_status":"open","sticky":false,"template":"","format":"standard","meta":[],"categories":[6,1],"tags":[],"_links":{"self":[{"href":"https:\/\/elcalaixetdelaiaia.es\/index.php?rest_route=\/wp\/v2\/posts\/1226"}],"collection":[{"href":"https:\/\/elcalaixetdelaiaia.es\/index.php?rest_route=\/wp\/v2\/posts"}],"about":[{"href":"https:\/\/elcalaixetdelaiaia.es\/index.php?rest_route=\/wp\/v2\/types\/post"}],"author":[{"embeddable":true,"href":"https:\/\/elcalaixetdelaiaia.es\/index.php?rest_route=\/wp\/v2\/users\/2"}],"replies":[{"embeddable":true,"href":"https:\/\/elcalaixetdelaiaia.es\/index.php?rest_route=%2Fwp%2Fv2%2Fcomments&post=1226"}],"version-history":[{"count":4,"href":"https:\/\/elcalaixetdelaiaia.es\/index.php?rest_route=\/wp\/v2\/posts\/1226\/revisions"}],"predecessor-version":[{"id":19842,"href":"https:\/\/elcalaixetdelaiaia.es\/index.php?rest_route=\/wp\/v2\/posts\/1226\/revisions\/19842"}],"wp:featuredmedia":[{"embeddable":true,"href":"https:\/\/elcalaixetdelaiaia.es\/index.php?rest_route=\/wp\/v2\/media\/14170"}],"wp:attachment":[{"href":"https:\/\/elcalaixetdelaiaia.es\/index.php?rest_route=%2Fwp%2Fv2%2Fmedia&parent=1226"}],"wp:term":[{"taxonomy":"category","embeddable":true,"href":"https:\/\/elcalaixetdelaiaia.es\/index.php?rest_route=%2Fwp%2Fv2%2Fcategories&post=1226"},{"taxonomy":"post_tag","embeddable":true,"href":"https:\/\/elcalaixetdelaiaia.es\/index.php?rest_route=%2Fwp%2Fv2%2Ftags&post=1226"}],"curies":[{"name":"wp","href":"https:\/\/api.w.org\/{rel}","templated":true}]}}