{"id":1225,"date":"2013-06-21T09:20:00","date_gmt":"2013-06-21T09:20:00","guid":{"rendered":"http:\/\/elcalaixetdelaiaia.es\/bienvenido-verano"},"modified":"2017-12-04T17:46:23","modified_gmt":"2017-12-04T17:46:23","slug":"bienvenido-verano","status":"publish","type":"post","link":"https:\/\/elcalaixetdelaiaia.es\/?p=1225","title":{"rendered":"Bienvenido VERANO"},"content":{"rendered":"<div class=\"separator\" style=\"clear: both; text-align: center;\">\n<\/div>\n<div class=\"separator\" style=\"clear: both; text-align: left;\">\nRefr\u00e1n \u00abrefrany\u00bb<\/div>\n<div class=\"separator\" style=\"clear: both; text-align: left;\">\nEn verano todo el mundo vive<\/div>\n<div class=\"separator\" style=\"clear: both; text-align: left;\">\n\u00abA l&#8217;est\u00edu, tot lo m\u00f3n v\u00edu\u00bb<\/div>\n<div class=\"separator\" style=\"clear: both; text-align: center;\">\n<\/div>\n<div class=\"separator\" style=\"clear: both; text-align: center;\">\n<\/div>\n<div class=\"separator\" style=\"clear: both; text-align: center;\">\n<a href=\"http:\/\/4.bp.blogspot.com\/-t0_lRSsw8IM\/UcQaRraRJjI\/AAAAAAAAAUY\/Q86-b0ViR2U\/s1600\/verano.jpg\" imageanchor=\"1\" style=\"margin-left: 1em; margin-right: 1em;\"><img decoding=\"async\" loading=\"lazy\" border=\"0\" height=\"180\" src=\"https:\/\/elcalaixetdelaiaia.es\/wp-content\/uploads\/2013\/06\/verano.jpg\" width=\"320\" \/><\/a><\/div>\n<p><a href=\"http:\/\/1.bp.blogspot.com\/-4291dHRO_lc\/UcQYyXLxIwI\/AAAAAAAAAUI\/WvX8AkVVLNQ\/s1600\/botella+en+blanc.jpg\" imageanchor=\"1\" style=\"clear: left; float: left; margin-bottom: 1em; margin-right: 1em;\"><br \/><\/a><br \/>\n<br \/>\n&nbsp; &nbsp;Todo llega en esta vida. Incluso el verano en esta primavera tan revuelta y tan&#8230;. primavera.<\/p>\n<p>El verano es la estaci\u00f3n del crecimiento y la maduraci\u00f3n, de mucho sol y diversi\u00f3n, de ejercicio intenso y comida ligera. En el verano gobierna el fuego, la energ\u00eda del coraz\u00f3n.<br \/>Entreabres los ojos, un d\u00eda cualquiera y a trav\u00e9s de las pesta\u00f1as,ves que tu habitaci\u00f3n est\u00e1 ba\u00f1ada de rayos de sol.<br \/>Hoy  el cielo tiene un azul  mas intenso , salpicado por algunas nubes muy blancas. Hoy te espera un d\u00eda diferente y piensas lo bella que es la vida, lo afortunad@ que eres de poder disfrutar de un d\u00eda mas, de un verano mas.<\/p>\n<div>\nHa llegado el tiempo de piscina, de playa, de leer por placer, de fiesta, de veladas con amigos,&nbsp;escuchar m\u00fasica,&nbsp;de largos paseos, de siestas pl\u00e1cidas mecidas por la brisa, del olor a yodo, a mar, a bosque mojado por el roc\u00edo de la ma\u00f1ana,de hierba reci\u00e9n cortada, tiempo de trilla, de p\u00e1jaros en el alf\u00e9izar de tu ventana, de dormir sin despertador, de tomar el sol,en definitiva&#8230;.. de disfrutar de la vida .<br \/>\nEl verano que deseabas  esperabas y merec\u00edas. Pero,  ante todo un verano especial y diferente gracias a aquellas personas que con una sonrisa, un abrazo, un gesto \u00f3 unas palabras  hacen que cada d\u00eda de tu vida sea un d\u00eda para recordar\u2026.si ya est\u00e1 aqu\u00ed, ya ha llegado &nbsp; &nbsp;\u00a1BIENVENIDO VERANO!<\/p>\n<p>Os deseo un verano inolvidable , maravilloso \u2026\u2026.y que no pas\u00e9is demasiado calor.<\/p>\n<div>\n<\/div>\n<div>\n<\/div>\n<div>\n<\/div>\n<div class=\"separator\" style=\"clear: both; text-align: center;\">\n<a href=\"http:\/\/4.bp.blogspot.com\/-4291dHRO_lc\/UcQYyXLxIwI\/AAAAAAAAAUM\/jREw-W_i6nQ\/s1600\/botella+en+blanc.jpg\" imageanchor=\"1\" style=\"clear: left; float: left; margin-bottom: 1em; margin-right: 1em;\"><img decoding=\"async\" loading=\"lazy\" border=\"0\" height=\"240\" src=\"https:\/\/elcalaixetdelaiaia.es\/wp-content\/uploads\/2013\/06\/botella-en-blanc.jpg\" width=\"320\" \/><\/a><\/div>\n<div>\n<div>\n<\/div>\n<div>\n<\/div>\n<div>\n<\/div>\n<div>\n<\/div>\n<div>\n<\/div>\n<div>\n<\/div>\n<div>\n<\/div>\n<div>\n<\/div>\n<div>\n<\/div>\n<div>\n<\/div>\n<div>\n<\/div>\n<div>\n<\/div>\n<div>\nUn abrazo de;<br \/>Iaia Maimen<\/div>\n<div>\n<\/div>\n<div>\n<\/div>\n<\/div>\n<\/div>\n","protected":false},"excerpt":{"rendered":"<p>Refr\u00e1n \u00abrefrany\u00bb En verano todo el mundo vive \u00abA l&#8217;est\u00edu, tot lo m\u00f3n v\u00edu\u00bb &nbsp; &nbsp;Todo llega en esta vida. Incluso el verano en esta primavera tan revuelta y tan&#8230;. primavera. El verano es la estaci\u00f3n del crecimiento y la maduraci\u00f3n, de mucho sol y diversi\u00f3n, de ejercicio intenso y &hellip; <\/p>\n","protected":false},"author":2,"featured_media":14154,"comment_status":"open","ping_status":"open","sticky":false,"template":"","format":"standard","meta":[],"categories":[23,1],"tags":[],"_links":{"self":[{"href":"https:\/\/elcalaixetdelaiaia.es\/index.php?rest_route=\/wp\/v2\/posts\/1225"}],"collection":[{"href":"https:\/\/elcalaixetdelaiaia.es\/index.php?rest_route=\/wp\/v2\/posts"}],"about":[{"href":"https:\/\/elcalaixetdelaiaia.es\/index.php?rest_route=\/wp\/v2\/types\/post"}],"author":[{"embeddable":true,"href":"https:\/\/elcalaixetdelaiaia.es\/index.php?rest_route=\/wp\/v2\/users\/2"}],"replies":[{"embeddable":true,"href":"https:\/\/elcalaixetdelaiaia.es\/index.php?rest_route=%2Fwp%2Fv2%2Fcomments&post=1225"}],"version-history":[{"count":1,"href":"https:\/\/elcalaixetdelaiaia.es\/index.php?rest_route=\/wp\/v2\/posts\/1225\/revisions"}],"predecessor-version":[{"id":14156,"href":"https:\/\/elcalaixetdelaiaia.es\/index.php?rest_route=\/wp\/v2\/posts\/1225\/revisions\/14156"}],"wp:featuredmedia":[{"embeddable":true,"href":"https:\/\/elcalaixetdelaiaia.es\/index.php?rest_route=\/wp\/v2\/media\/14154"}],"wp:attachment":[{"href":"https:\/\/elcalaixetdelaiaia.es\/index.php?rest_route=%2Fwp%2Fv2%2Fmedia&parent=1225"}],"wp:term":[{"taxonomy":"category","embeddable":true,"href":"https:\/\/elcalaixetdelaiaia.es\/index.php?rest_route=%2Fwp%2Fv2%2Fcategories&post=1225"},{"taxonomy":"post_tag","embeddable":true,"href":"https:\/\/elcalaixetdelaiaia.es\/index.php?rest_route=%2Fwp%2Fv2%2Ftags&post=1225"}],"curies":[{"name":"wp","href":"https:\/\/api.w.org\/{rel}","templated":true}]}}