{"id":1224,"date":"2013-06-21T21:41:00","date_gmt":"2013-06-21T21:41:00","guid":{"rendered":"http:\/\/elcalaixetdelaiaia.es\/papilla-de-frutas"},"modified":"2017-12-04T17:46:01","modified_gmt":"2017-12-04T17:46:01","slug":"papilla-de-frutas","status":"publish","type":"post","link":"https:\/\/elcalaixetdelaiaia.es\/?p=1224","title":{"rendered":"Las primeras papillas de frutas de nuestros beb\u00e9s."},"content":{"rendered":"<p>Refr\u00e1n, \u00abrefrany\u00bb<br \/>\nDe las manzanas y las peras, las que callan son las buenas.<br \/>\n\u00abDe les&nbsp;peres&nbsp;i les&nbsp;pomes, les que callen s\u00f3n les bones\u00bb.<br \/>\nHola, como ya comente con una joven mam\u00e1, voy a daros mi opini\u00f3n sobre las papillas de frutas.<\/p>\n<div>\n<\/div>\n<div>\n<a href=\"http:\/\/3.bp.blogspot.com\/-_aXHJbxJ--w\/UcTD9ekBHLI\/AAAAAAAAAUo\/fRGtKuhjq40\/s1600\/pera+y+poma.jpg\"><img decoding=\"async\" border=\"0\" src=\"https:\/\/elcalaixetdelaiaia.es\/wp-content\/uploads\/2013\/06\/pera-y-poma.jpg\" \/><\/a><\/p>\n<p>La papilla de frutas&nbsp;es una de las primeras que se empiezan a dar a los beb\u00e9s (junto a la de cereales sin gluten&nbsp;y las verduras).<\/p>\n<p>En \u00e9ste tema hay muchas contradicciones intentar\u00e9 daros mi punto de vista al respecto.<\/p>\n<p>A partir de los 6 meses si el beb\u00e9 toma lactancia materna, y a partir de los 4 a 6 meses si toma leche de biber\u00f3n, ya podemos ofrecerles fruta.<\/p>\n<p>Hay pediatras que recomiendan hacer la primera papilla de frutas con un pl\u00e1tano, una pera, una manzana y el zumo de una naranja pero yo pienso \u00bfno cre\u00e9is que esto es demasiado para un beb\u00e9 que hasta el momento solo ha &nbsp;tomado leche? \u00bfOs com\u00e9is vosotros 4 piezas de fruta de una sentada? Creo que el est\u00f3mago de un beb\u00e9 no est\u00e1 preparado para dar de golpe toda \u00e9sta cantidad de fruta..<\/p>\n<p>Opino que es muy importante la suavidad y lentitud a la hora de incorporar los nuevos alimentos.No hay prisa, adem\u00e1s \u00bfSi ponemos 4 frutas en la papilla y le da alergia, c\u00f3mo sabremos cu\u00e1l ha sido la fruta que se la ha provocado?\u2026<\/p>\n<p>Si tu beb\u00e9 es de los que les gusta todo \u00a1Felicidades! la comer\u00e1 encantado, pero seguro que hay otros que en cuanto pueben \u00e9sta papilla, que es un tanto \u00e1cida y fr\u00eda rechace con desagrado la cuchara, teniendo en cuenta cuan distinta es de su dulce y c\u00e1lida lechita a la que est\u00e1 acostumbrado.<\/p>\n<p>La primera papilla la podr\u00edamos hacer  triturando 50g de pera y 50g. de manzana a\u00f1adiendo 60 ml. de leche tibia, as\u00ed no notar\u00e1 tanto el contraste de temperatura pasados unos d\u00edas podemos a\u00f1adir 1-2 cacitos de cereales, pero recordar que nunca a\u00f1adiremos az\u00facar, galletas (con gluten) o miel.<\/p>\n<p>Seguiremos otro d\u00eda,incorporando otras frutas pero recordad&#8230;yo solo soy una iaia. Seguid los consejos de los expertos, vuestros pediatras.<\/p>\n<p>Un saludo de;<br \/>\niaia Maimen<\/div>\n","protected":false},"excerpt":{"rendered":"<p>Refr\u00e1n, \u00abrefrany\u00bb De las manzanas y las peras, las que callan son las buenas. \u00abDe les&nbsp;peres&nbsp;i les&nbsp;pomes, les que callen s\u00f3n les bones\u00bb. Hola, como ya comente con una joven mam\u00e1, voy a daros mi opini\u00f3n sobre las papillas de frutas. La papilla de frutas&nbsp;es una de las primeras que &hellip; <\/p>\n","protected":false},"author":2,"featured_media":14152,"comment_status":"open","ping_status":"open","sticky":false,"template":"","format":"standard","meta":[],"categories":[1],"tags":[],"_links":{"self":[{"href":"https:\/\/elcalaixetdelaiaia.es\/index.php?rest_route=\/wp\/v2\/posts\/1224"}],"collection":[{"href":"https:\/\/elcalaixetdelaiaia.es\/index.php?rest_route=\/wp\/v2\/posts"}],"about":[{"href":"https:\/\/elcalaixetdelaiaia.es\/index.php?rest_route=\/wp\/v2\/types\/post"}],"author":[{"embeddable":true,"href":"https:\/\/elcalaixetdelaiaia.es\/index.php?rest_route=\/wp\/v2\/users\/2"}],"replies":[{"embeddable":true,"href":"https:\/\/elcalaixetdelaiaia.es\/index.php?rest_route=%2Fwp%2Fv2%2Fcomments&post=1224"}],"version-history":[{"count":1,"href":"https:\/\/elcalaixetdelaiaia.es\/index.php?rest_route=\/wp\/v2\/posts\/1224\/revisions"}],"predecessor-version":[{"id":14153,"href":"https:\/\/elcalaixetdelaiaia.es\/index.php?rest_route=\/wp\/v2\/posts\/1224\/revisions\/14153"}],"wp:featuredmedia":[{"embeddable":true,"href":"https:\/\/elcalaixetdelaiaia.es\/index.php?rest_route=\/wp\/v2\/media\/14152"}],"wp:attachment":[{"href":"https:\/\/elcalaixetdelaiaia.es\/index.php?rest_route=%2Fwp%2Fv2%2Fmedia&parent=1224"}],"wp:term":[{"taxonomy":"category","embeddable":true,"href":"https:\/\/elcalaixetdelaiaia.es\/index.php?rest_route=%2Fwp%2Fv2%2Fcategories&post=1224"},{"taxonomy":"post_tag","embeddable":true,"href":"https:\/\/elcalaixetdelaiaia.es\/index.php?rest_route=%2Fwp%2Fv2%2Ftags&post=1224"}],"curies":[{"name":"wp","href":"https:\/\/api.w.org\/{rel}","templated":true}]}}