{"id":1222,"date":"2013-06-22T11:01:00","date_gmt":"2013-06-22T11:01:00","guid":{"rendered":"http:\/\/elcalaixetdelaiaia.es\/truco-de-cocina"},"modified":"2023-12-29T09:55:15","modified_gmt":"2023-12-29T09:55:15","slug":"truco-de-cocina","status":"publish","type":"post","link":"https:\/\/elcalaixetdelaiaia.es\/?p=1222","title":{"rendered":"Como conservar las aceitunas rellenas paso a paso"},"content":{"rendered":"<p>\u00abRefrany\u00bb Comer aceitunas para cenar, hacen so\u00f1ar. \u00abMenjar olives per sopar, fan somniar\u00bb<\/p>\n<p>Hoy, un \u00abtruqui\u00bb para que no se nos estropeen las aceitunas.<\/p>\n<div style=\"text-align: center;\">\n<p><a href=\"http:\/\/4.bp.blogspot.com\/-j3LGRe3yM2Y\/UcV-NGiTuQI\/AAAAAAAAAVI\/5FbDht2ceQo\/s1600\/IMG_9897.JPG\"><img decoding=\"async\" src=\"https:\/\/elcalaixetdelaiaia.es\/wp-content\/uploads\/2013\/06\/IMG_9897.jpg\" border=\"0\" \/><\/a><\/p>\n<p>En casa nos encantan las aceitunas, sobretodo las rellenas de anchoa, aunque tenemos el coraz\u00f3n partido, entre estas y las negras de Arag\u00f3n. Ahora es el tiempo en el que mas utilizo, ya que \u00ababusamos\u00bb de ensaladas y ensaladillas, por \u00e9ste motivo el formato de gran tama\u00f1o es el que mejor me resulta de precio.<\/p>\n<p>Pero&#8230; al hacer calor y a pesar de guardarlas en el frigo, a los dos d\u00edas de abierta la lata se suele formar una capa blanquecina y mohosa que hace que huelan mal y se acaben estropeando.<\/p>\n<p>Para que \u00e9sto no suceda tengo un \u00abtruqui\u00bb.<\/p>\n<p><a href=\"http:\/\/1.bp.blogspot.com\/-AzDTs_n43xI\/UcV-NTea2xI\/AAAAAAAAAVU\/IJWzsIvM1JY\/s1600\/IMG_9900.JPG\"><img decoding=\"async\" src=\"https:\/\/elcalaixetdelaiaia.es\/wp-content\/uploads\/2013\/06\/IMG_9900.jpg\" border=\"0\" \/><\/a><\/p>\n<p>Al abrir la lata, echo un chorritoncito de aceite de oliva. Esto proporciona una capa de grasa que evita se produzca la de moho y nuestras aceitunas duran mucho mas (si no hay multitud de manos que pican demasiadas veces)\u00a0 \ud83d\ude09<\/p>\n<p>Por cierto&#8230; se me olvidaba, si utiliz\u00e1is \u00e9ste formato guardar la lata al terminar las aceitunas&#8230; os ense\u00f1ar\u00e9 como hacer un bonito florero con ella.<\/p>\n<p>Una saludo de;<br \/>\niaia Maimen<\/p>\n<p>Si te gusta mi truco, puedes compartirlo, para que llegue a m\u00e1s gente.<br \/>\nEspero tus comentarios y recuerda que tambi\u00e9n estoy en Facebook <a href=\"https:\/\/www.facebook.com\/El-calaixet-de-la-iaia-533062140099386\/\">https:\/\/www.facebook.com\/El-calaixet-de-la-iaia-533062140099386\/<\/a><\/p>\n<\/div>\n","protected":false},"excerpt":{"rendered":"<p>\u00abRefrany\u00bb Comer aceitunas para cenar, hacen so\u00f1ar. \u00abMenjar olives per sopar, fan somniar\u00bb Hoy, un \u00abtruqui\u00bb para que no se nos estropeen las aceitunas. En casa nos encantan las aceitunas, sobretodo las rellenas de anchoa, aunque tenemos el coraz\u00f3n partido, entre estas y las negras de Arag\u00f3n. Ahora es el &hellip; <\/p>\n","protected":false},"author":2,"featured_media":14147,"comment_status":"open","ping_status":"open","sticky":false,"template":"","format":"standard","meta":[],"categories":[1,54],"tags":[],"_links":{"self":[{"href":"https:\/\/elcalaixetdelaiaia.es\/index.php?rest_route=\/wp\/v2\/posts\/1222"}],"collection":[{"href":"https:\/\/elcalaixetdelaiaia.es\/index.php?rest_route=\/wp\/v2\/posts"}],"about":[{"href":"https:\/\/elcalaixetdelaiaia.es\/index.php?rest_route=\/wp\/v2\/types\/post"}],"author":[{"embeddable":true,"href":"https:\/\/elcalaixetdelaiaia.es\/index.php?rest_route=\/wp\/v2\/users\/2"}],"replies":[{"embeddable":true,"href":"https:\/\/elcalaixetdelaiaia.es\/index.php?rest_route=%2Fwp%2Fv2%2Fcomments&post=1222"}],"version-history":[{"count":5,"href":"https:\/\/elcalaixetdelaiaia.es\/index.php?rest_route=\/wp\/v2\/posts\/1222\/revisions"}],"predecessor-version":[{"id":26442,"href":"https:\/\/elcalaixetdelaiaia.es\/index.php?rest_route=\/wp\/v2\/posts\/1222\/revisions\/26442"}],"wp:featuredmedia":[{"embeddable":true,"href":"https:\/\/elcalaixetdelaiaia.es\/index.php?rest_route=\/wp\/v2\/media\/14147"}],"wp:attachment":[{"href":"https:\/\/elcalaixetdelaiaia.es\/index.php?rest_route=%2Fwp%2Fv2%2Fmedia&parent=1222"}],"wp:term":[{"taxonomy":"category","embeddable":true,"href":"https:\/\/elcalaixetdelaiaia.es\/index.php?rest_route=%2Fwp%2Fv2%2Fcategories&post=1222"},{"taxonomy":"post_tag","embeddable":true,"href":"https:\/\/elcalaixetdelaiaia.es\/index.php?rest_route=%2Fwp%2Fv2%2Ftags&post=1222"}],"curies":[{"name":"wp","href":"https:\/\/api.w.org\/{rel}","templated":true}]}}