{"id":121,"date":"2018-04-19T08:21:50","date_gmt":"2018-04-19T08:21:50","guid":{"rendered":"http:\/\/elcalaixetdelaiaia.es\/?p=121"},"modified":"2026-04-10T08:37:14","modified_gmt":"2026-04-10T08:37:14","slug":"pollo-al-horno-con-patatas-al-limon","status":"publish","type":"post","link":"https:\/\/elcalaixetdelaiaia.es\/?p=121","title":{"rendered":"Pollo al horno con patatas al lim\u00f3n paso a paso foto a foto"},"content":{"rendered":"<p>\u00abRefrany; <span class=\"st\">Abril anat, hivern acabat\u00bb . Abril ido, invierno acabado.<br \/>\n<\/span><\/p>\n<p>El pollo se puede cocinar de tantas tant\u00edsimas formas&#8230;y de todas ellas queda buen\u00edsimo, porque es un producto al que se le puede sacar mucho partido y gusta a todos.<\/p>\n<p>La de hoy es una receta cl\u00e1sica y de un sabor estupendo, sencilla de preparar y que el marinado con hierbas arom\u00e1ticas, ajo, lim\u00f3n y vino dan un sabor muy bueno.<\/p>\n<p>Necesitaremos;<\/p>\n<p><img decoding=\"async\" loading=\"lazy\" class=\"alignnone size-large wp-image-16714\" src=\"https:\/\/elcalaixetdelaiaia.es\/wp-content\/uploads\/2018\/04\/IMG_9952-1024x768.png\" alt=\"\" width=\"750\" height=\"563\" srcset=\"https:\/\/elcalaixetdelaiaia.es\/wp-content\/uploads\/2018\/04\/IMG_9952-1024x768.png 1024w, https:\/\/elcalaixetdelaiaia.es\/wp-content\/uploads\/2018\/04\/IMG_9952-300x225.png 300w, https:\/\/elcalaixetdelaiaia.es\/wp-content\/uploads\/2018\/04\/IMG_9952-768x576.png 768w\" sizes=\"(max-width: 750px) 100vw, 750px\" \/><\/p>\n<ol>\n<li>Cuatro contramuslos<\/li>\n<li>Dos patatas grandes<\/li>\n<li>Media cabeza de ajos<\/li>\n<li>Un lim\u00f3n<\/li>\n<li>250ml de vino blanco<\/li>\n<li>Aceite de Oliva<\/li>\n<li>Sal<\/li>\n<li>Unas cebolletas francesas<\/li>\n<li>Unos champi\u00f1ones blancos<\/li>\n<li>Un puerro<\/li>\n<li>Pimienta<\/li>\n<li>Dos hojas de laurel<\/li>\n<li>Perejil fresco<\/li>\n<li>Tomillo fresco<\/li>\n<\/ol>\n<p><img decoding=\"async\" loading=\"lazy\" class=\"alignnone size-large wp-image-16720\" src=\"https:\/\/elcalaixetdelaiaia.es\/wp-content\/uploads\/2018\/04\/IMG_9916-1024x768.jpg\" alt=\"\" width=\"750\" height=\"563\" srcset=\"https:\/\/elcalaixetdelaiaia.es\/wp-content\/uploads\/2018\/04\/IMG_9916-1024x768.jpg 1024w, https:\/\/elcalaixetdelaiaia.es\/wp-content\/uploads\/2018\/04\/IMG_9916-300x225.jpg 300w, https:\/\/elcalaixetdelaiaia.es\/wp-content\/uploads\/2018\/04\/IMG_9916-768x576.jpg 768w\" sizes=\"(max-width: 750px) 100vw, 750px\" \/><\/p>\n<p style=\"text-align: center;\">\u00a0Las cebolletas francesas son las que uso para glasear muchas veces como guarnici\u00f3n, y para poner a macerar en vinagreta y acompa\u00f1ar las ensaladas cuando preparo arroz \ud83d\ude09<\/p>\n<p><img decoding=\"async\" loading=\"lazy\" class=\"alignnone size-large wp-image-16717\" src=\"https:\/\/elcalaixetdelaiaia.es\/wp-content\/uploads\/2018\/04\/IMG_9912-1024x768.jpg\" alt=\"\" width=\"750\" height=\"563\" srcset=\"https:\/\/elcalaixetdelaiaia.es\/wp-content\/uploads\/2018\/04\/IMG_9912-1024x768.jpg 1024w, https:\/\/elcalaixetdelaiaia.es\/wp-content\/uploads\/2018\/04\/IMG_9912-300x225.jpg 300w, https:\/\/elcalaixetdelaiaia.es\/wp-content\/uploads\/2018\/04\/IMG_9912-768x576.jpg 768w\" sizes=\"(max-width: 750px) 100vw, 750px\" \/><\/p>\n<p style=\"text-align: center;\">comenzaremos colocando los contramuslos que hoy van sin piel, en una bandeja apta para horno y salpimentando<\/p>\n<p><img decoding=\"async\" loading=\"lazy\" class=\"alignnone size-large wp-image-16711\" src=\"https:\/\/elcalaixetdelaiaia.es\/wp-content\/uploads\/2018\/04\/IMG_9953-1024x768.png\" alt=\"\" width=\"750\" height=\"563\" srcset=\"https:\/\/elcalaixetdelaiaia.es\/wp-content\/uploads\/2018\/04\/IMG_9953-1024x768.png 1024w, https:\/\/elcalaixetdelaiaia.es\/wp-content\/uploads\/2018\/04\/IMG_9953-300x225.png 300w, https:\/\/elcalaixetdelaiaia.es\/wp-content\/uploads\/2018\/04\/IMG_9953-768x576.png 768w\" sizes=\"(max-width: 750px) 100vw, 750px\" \/><\/p>\n<p style=\"text-align: center;\">En el mortero, macacharemos los dientes de ajo pelados con una pizca de sal (para que no resbalen al majarlos),\u00a0 el perejil y el tomillo fresco<\/p>\n<p><img decoding=\"async\" loading=\"lazy\" class=\"alignnone size-large wp-image-16712\" src=\"https:\/\/elcalaixetdelaiaia.es\/wp-content\/uploads\/2018\/04\/IMG_9954-1024x768.png\" alt=\"\" width=\"750\" height=\"563\" srcset=\"https:\/\/elcalaixetdelaiaia.es\/wp-content\/uploads\/2018\/04\/IMG_9954-1024x768.png 1024w, https:\/\/elcalaixetdelaiaia.es\/wp-content\/uploads\/2018\/04\/IMG_9954-300x225.png 300w, https:\/\/elcalaixetdelaiaia.es\/wp-content\/uploads\/2018\/04\/IMG_9954-768x576.png 768w\" sizes=\"(max-width: 750px) 100vw, 750px\" \/><\/p>\n<p style=\"text-align: center;\">a\u00f1adiremos el zumo de un lim\u00f3n<\/p>\n<p><img decoding=\"async\" loading=\"lazy\" class=\"alignnone size-large wp-image-16713\" src=\"https:\/\/elcalaixetdelaiaia.es\/wp-content\/uploads\/2018\/04\/IMG_9955-1024x768.png\" alt=\"\" width=\"750\" height=\"563\" srcset=\"https:\/\/elcalaixetdelaiaia.es\/wp-content\/uploads\/2018\/04\/IMG_9955-1024x768.png 1024w, https:\/\/elcalaixetdelaiaia.es\/wp-content\/uploads\/2018\/04\/IMG_9955-300x225.png 300w, https:\/\/elcalaixetdelaiaia.es\/wp-content\/uploads\/2018\/04\/IMG_9955-768x576.png 768w\" sizes=\"(max-width: 750px) 100vw, 750px\" \/><\/p>\n<p style=\"text-align: center;\">250ml de vino blanco<\/p>\n<p><img decoding=\"async\" loading=\"lazy\" class=\"alignnone size-large wp-image-16716\" src=\"https:\/\/elcalaixetdelaiaia.es\/wp-content\/uploads\/2018\/04\/IMG_9911-1024x768.jpg\" alt=\"\" width=\"750\" height=\"563\" srcset=\"https:\/\/elcalaixetdelaiaia.es\/wp-content\/uploads\/2018\/04\/IMG_9911-1024x768.jpg 1024w, https:\/\/elcalaixetdelaiaia.es\/wp-content\/uploads\/2018\/04\/IMG_9911-300x225.jpg 300w, https:\/\/elcalaixetdelaiaia.es\/wp-content\/uploads\/2018\/04\/IMG_9911-768x576.jpg 768w\" sizes=\"(max-width: 750px) 100vw, 750px\" \/><\/p>\n<p style=\"text-align: center;\">y un chorrito de aceite de oliva, removeremos<\/p>\n<p><img decoding=\"async\" loading=\"lazy\" class=\"alignnone size-large wp-image-16718\" src=\"https:\/\/elcalaixetdelaiaia.es\/wp-content\/uploads\/2018\/04\/IMG_9913-1024x768.jpg\" alt=\"\" width=\"750\" height=\"563\" srcset=\"https:\/\/elcalaixetdelaiaia.es\/wp-content\/uploads\/2018\/04\/IMG_9913-1024x768.jpg 1024w, https:\/\/elcalaixetdelaiaia.es\/wp-content\/uploads\/2018\/04\/IMG_9913-300x225.jpg 300w, https:\/\/elcalaixetdelaiaia.es\/wp-content\/uploads\/2018\/04\/IMG_9913-768x576.jpg 768w\" sizes=\"(max-width: 750px) 100vw, 750px\" \/><\/p>\n<p style=\"text-align: center;\">y regaremos bien los muslos con el contenido del mortero<\/p>\n<p><img decoding=\"async\" loading=\"lazy\" class=\"alignnone size-large wp-image-16719\" src=\"https:\/\/elcalaixetdelaiaia.es\/wp-content\/uploads\/2018\/04\/IMG_9914-1024x768.jpg\" alt=\"\" width=\"750\" height=\"563\" srcset=\"https:\/\/elcalaixetdelaiaia.es\/wp-content\/uploads\/2018\/04\/IMG_9914-1024x768.jpg 1024w, https:\/\/elcalaixetdelaiaia.es\/wp-content\/uploads\/2018\/04\/IMG_9914-300x225.jpg 300w, https:\/\/elcalaixetdelaiaia.es\/wp-content\/uploads\/2018\/04\/IMG_9914-768x576.jpg 768w\" sizes=\"(max-width: 750px) 100vw, 750px\" \/><\/p>\n<p style=\"text-align: center;\">dejaremos macerando una media hora dando algunas vueltas, para que se impregne bien el pollo con el marinado. Si hace mucho calor meteremos la bandeja en el frigo cubri\u00e9ndola con papel film, si es un d\u00eda de fr\u00edo, no es necesario, todo depende de la temperatura que haya en nuestra cocina<\/p>\n<p><img decoding=\"async\" loading=\"lazy\" class=\"alignnone size-large wp-image-16721\" src=\"https:\/\/elcalaixetdelaiaia.es\/wp-content\/uploads\/2018\/04\/IMG_9917-1024x768.jpg\" alt=\"\" width=\"750\" height=\"563\" srcset=\"https:\/\/elcalaixetdelaiaia.es\/wp-content\/uploads\/2018\/04\/IMG_9917-1024x768.jpg 1024w, https:\/\/elcalaixetdelaiaia.es\/wp-content\/uploads\/2018\/04\/IMG_9917-300x225.jpg 300w, https:\/\/elcalaixetdelaiaia.es\/wp-content\/uploads\/2018\/04\/IMG_9917-768x576.jpg 768w\" sizes=\"(max-width: 750px) 100vw, 750px\" \/><\/p>\n<p style=\"text-align: center;\">mientras tanto, pelaremos y partiremos las patatas en rodajas de un cm. mas o menos, cortaremos en rodajas el puerro igual que los champi\u00f1ones, pelaremos las cebollitas y las dejaremos enteras. Mezclaremos con el pollo que tenemos en maceraci\u00f3n<\/p>\n<p><img decoding=\"async\" loading=\"lazy\" class=\"alignnone size-large wp-image-16736\" src=\"https:\/\/elcalaixetdelaiaia.es\/wp-content\/uploads\/2018\/04\/fornfirmat-1024x768.jpg\" alt=\"\" width=\"750\" height=\"563\" srcset=\"https:\/\/elcalaixetdelaiaia.es\/wp-content\/uploads\/2018\/04\/fornfirmat-1024x768.jpg 1024w, https:\/\/elcalaixetdelaiaia.es\/wp-content\/uploads\/2018\/04\/fornfirmat-300x225.jpg 300w, https:\/\/elcalaixetdelaiaia.es\/wp-content\/uploads\/2018\/04\/fornfirmat-768x576.jpg 768w\" sizes=\"(max-width: 750px) 100vw, 750px\" \/><\/p>\n<p>y al horno a PRECALENTADO a 180\u00ba con calor arriba y abajo, a media altura\u00a0 y aire, si ten\u00e9is . Lo mantendremos aproximadamente unos 60 minutos en mi horno. Ya sab\u00e9is que los tiempos de horno que os doy son orientativos, pues cada uno funciona de distinta forma y necesita unos tiempos, lo mismo que las piezas de pollo, si son mas grandes necesitaran mas tiempo y menos si son mas peque\u00f1as. Id controlando, que ni se os queme o quede seco, ni por supuesto crudo.<\/p>\n<p style=\"text-align: center;\"><img decoding=\"async\" loading=\"lazy\" class=\"alignnone size-large wp-image-16728\" src=\"https:\/\/elcalaixetdelaiaia.es\/wp-content\/uploads\/2018\/04\/IMG_9944-1024x768.jpg\" alt=\"\" width=\"750\" height=\"563\" srcset=\"https:\/\/elcalaixetdelaiaia.es\/wp-content\/uploads\/2018\/04\/IMG_9944-1024x768.jpg 1024w, https:\/\/elcalaixetdelaiaia.es\/wp-content\/uploads\/2018\/04\/IMG_9944-300x225.jpg 300w, https:\/\/elcalaixetdelaiaia.es\/wp-content\/uploads\/2018\/04\/IMG_9944-768x576.jpg 768w\" sizes=\"(max-width: 750px) 100vw, 750px\" \/><\/p>\n<p style=\"text-align: center;\">a los 60 minutos en mi horno, \u00e9ste es el aspecto<\/p>\n<p><img decoding=\"async\" loading=\"lazy\" class=\"alignnone size-large wp-image-16727\" src=\"https:\/\/elcalaixetdelaiaia.es\/wp-content\/uploads\/2018\/04\/IMG_9943-1024x768.jpg\" alt=\"\" width=\"750\" height=\"563\" srcset=\"https:\/\/elcalaixetdelaiaia.es\/wp-content\/uploads\/2018\/04\/IMG_9943-1024x768.jpg 1024w, https:\/\/elcalaixetdelaiaia.es\/wp-content\/uploads\/2018\/04\/IMG_9943-300x225.jpg 300w, https:\/\/elcalaixetdelaiaia.es\/wp-content\/uploads\/2018\/04\/IMG_9943-768x576.jpg 768w\" sizes=\"(max-width: 750px) 100vw, 750px\" \/><\/p>\n<p style=\"text-align: center;\">ya podemos emplatar<\/p>\n<p style=\"text-align: center;\"><img decoding=\"async\" loading=\"lazy\" class=\"alignnone size-large wp-image-16725\" src=\"https:\/\/elcalaixetdelaiaia.es\/wp-content\/uploads\/2018\/04\/IMG_9941-1024x768.jpg\" alt=\"\" width=\"750\" height=\"563\" srcset=\"https:\/\/elcalaixetdelaiaia.es\/wp-content\/uploads\/2018\/04\/IMG_9941-1024x768.jpg 1024w, https:\/\/elcalaixetdelaiaia.es\/wp-content\/uploads\/2018\/04\/IMG_9941-300x225.jpg 300w, https:\/\/elcalaixetdelaiaia.es\/wp-content\/uploads\/2018\/04\/IMG_9941-768x576.jpg 768w\" sizes=\"(max-width: 750px) 100vw, 750px\" \/><\/p>\n<p style=\"text-align: center;\">y servir de inmediato, antes de que se enfr\u00ede, si sois de salsitas y de mojar pan<\/p>\n<p><img decoding=\"async\" loading=\"lazy\" class=\"alignnone size-large wp-image-16724\" src=\"https:\/\/elcalaixetdelaiaia.es\/wp-content\/uploads\/2018\/04\/IMG_9940-1024x768.jpg\" alt=\"\" width=\"750\" height=\"563\" srcset=\"https:\/\/elcalaixetdelaiaia.es\/wp-content\/uploads\/2018\/04\/IMG_9940-1024x768.jpg 1024w, https:\/\/elcalaixetdelaiaia.es\/wp-content\/uploads\/2018\/04\/IMG_9940-300x225.jpg 300w, https:\/\/elcalaixetdelaiaia.es\/wp-content\/uploads\/2018\/04\/IMG_9940-768x576.jpg 768w\" sizes=\"(max-width: 750px) 100vw, 750px\" \/><\/p>\n<p style=\"text-align: center;\">preparar una buena barra y recoger todo el jugo que queda en la bandeja, porque es caldito es&#8230;mmmmmm deliciosooooooooo<\/p>\n<p><img decoding=\"async\" loading=\"lazy\" class=\"alignnone size-large wp-image-16723\" src=\"https:\/\/elcalaixetdelaiaia.es\/wp-content\/uploads\/2018\/04\/IMG_9939-1024x867.jpg\" alt=\"\" width=\"750\" height=\"635\" srcset=\"https:\/\/elcalaixetdelaiaia.es\/wp-content\/uploads\/2018\/04\/IMG_9939-1024x867.jpg 1024w, https:\/\/elcalaixetdelaiaia.es\/wp-content\/uploads\/2018\/04\/IMG_9939-300x254.jpg 300w, https:\/\/elcalaixetdelaiaia.es\/wp-content\/uploads\/2018\/04\/IMG_9939-768x650.jpg 768w\" sizes=\"(max-width: 750px) 100vw, 750px\" \/><\/p>\n<p style=\"text-align: center;\">El pollo est\u00e1 rico, pero las patatas salen&#8230;buaaaa de lujo!!!!<\/p>\n<p><img decoding=\"async\" loading=\"lazy\" class=\"alignnone size-large wp-image-16722\" src=\"https:\/\/elcalaixetdelaiaia.es\/wp-content\/uploads\/2018\/04\/IMG_9938-1-1024x768.jpg\" alt=\"\" width=\"750\" height=\"563\" srcset=\"https:\/\/elcalaixetdelaiaia.es\/wp-content\/uploads\/2018\/04\/IMG_9938-1-1024x768.jpg 1024w, https:\/\/elcalaixetdelaiaia.es\/wp-content\/uploads\/2018\/04\/IMG_9938-1-300x225.jpg 300w, https:\/\/elcalaixetdelaiaia.es\/wp-content\/uploads\/2018\/04\/IMG_9938-1-768x576.jpg 768w\" sizes=\"(max-width: 750px) 100vw, 750px\" \/><\/p>\n<p>\u00abA la taula i&#8230; BON PROFIT!!!<\/p>\n<p>Si te gusta \u00e9sta entrada, comp\u00e1rtela, as\u00ed llegar\u00e1 a mas gente y si quieres compartir el enlace, estupendo. Graciassss y te recuerdo que tambien estoy en Facebook <a href=\"https:\/\/www.facebook.com\/El-calaixet-de-la-iaia-533062140099386\/\">https:\/\/www.facebook.com\/El-calaixet-de-la-iaia-533062140099386\/\u00a0<\/a><\/p>\n","protected":false},"excerpt":{"rendered":"<p>\u00abRefrany; Abril anat, hivern acabat\u00bb . Abril ido, invierno acabado. El pollo se puede cocinar de tantas tant\u00edsimas formas&#8230;y de todas ellas queda buen\u00edsimo, porque es un producto al que se le puede sacar mucho partido y gusta a todos. La de hoy es una receta cl\u00e1sica y de un &hellip; <\/p>\n","protected":false},"author":2,"featured_media":16727,"comment_status":"open","ping_status":"open","sticky":false,"template":"","format":"standard","meta":[],"categories":[12,1],"tags":[],"_links":{"self":[{"href":"https:\/\/elcalaixetdelaiaia.es\/index.php?rest_route=\/wp\/v2\/posts\/121"}],"collection":[{"href":"https:\/\/elcalaixetdelaiaia.es\/index.php?rest_route=\/wp\/v2\/posts"}],"about":[{"href":"https:\/\/elcalaixetdelaiaia.es\/index.php?rest_route=\/wp\/v2\/types\/post"}],"author":[{"embeddable":true,"href":"https:\/\/elcalaixetdelaiaia.es\/index.php?rest_route=\/wp\/v2\/users\/2"}],"replies":[{"embeddable":true,"href":"https:\/\/elcalaixetdelaiaia.es\/index.php?rest_route=%2Fwp%2Fv2%2Fcomments&post=121"}],"version-history":[{"count":9,"href":"https:\/\/elcalaixetdelaiaia.es\/index.php?rest_route=\/wp\/v2\/posts\/121\/revisions"}],"predecessor-version":[{"id":29614,"href":"https:\/\/elcalaixetdelaiaia.es\/index.php?rest_route=\/wp\/v2\/posts\/121\/revisions\/29614"}],"wp:featuredmedia":[{"embeddable":true,"href":"https:\/\/elcalaixetdelaiaia.es\/index.php?rest_route=\/wp\/v2\/media\/16727"}],"wp:attachment":[{"href":"https:\/\/elcalaixetdelaiaia.es\/index.php?rest_route=%2Fwp%2Fv2%2Fmedia&parent=121"}],"wp:term":[{"taxonomy":"category","embeddable":true,"href":"https:\/\/elcalaixetdelaiaia.es\/index.php?rest_route=%2Fwp%2Fv2%2Fcategories&post=121"},{"taxonomy":"post_tag","embeddable":true,"href":"https:\/\/elcalaixetdelaiaia.es\/index.php?rest_route=%2Fwp%2Fv2%2Ftags&post=121"}],"curies":[{"name":"wp","href":"https:\/\/api.w.org\/{rel}","templated":true}]}}