{"id":1174,"date":"2013-09-12T15:51:00","date_gmt":"2013-09-12T15:51:00","guid":{"rendered":"http:\/\/elcalaixetdelaiaia.es\/adios-amiga-teresa"},"modified":"2017-12-04T18:02:36","modified_gmt":"2017-12-04T18:02:36","slug":"adios-amiga-teresa","status":"publish","type":"post","link":"https:\/\/elcalaixetdelaiaia.es\/?p=1174","title":{"rendered":"Adi\u00f3s amiga Teresa"},"content":{"rendered":"<div class=\"separator\" style=\"clear: both; text-align: center;\">\n<a href=\"http:\/\/1.bp.blogspot.com\/-VsSGPUDYmkE\/UjHixXpjOVI\/AAAAAAAABfQ\/DjdOpihDsO4\/s1600\/bizcocho30.JPG\" imageanchor=\"1\" style=\"margin-left: 1em; margin-right: 1em;\"><img decoding=\"async\" loading=\"lazy\" border=\"0\" height=\"320\" src=\"https:\/\/elcalaixetdelaiaia.es\/wp-content\/uploads\/2013\/09\/bizcocho30-1.jpg\" width=\"213\" \/><\/a><\/div>\n<div class=\"separator\" style=\"clear: both; text-align: center;\">\n<\/div>\n<p>Despu\u00e9s de unos d\u00edas dif\u00edciles de explicar, sumida en la vor\u00e1gine del mundo hospitalario, encuentro unos minutos de paz, para expresar el dolor que siento por la muerte de una amiga , de TERESA.<\/p>\n<p>Se ha marchado dej\u00e1ndonos hu\u00e9rfanos de sus poemas, de sus fotos dedicadas, de sus canciones , de sus buenos, d\u00edas, buenas tardes, buenas noches&#8230;..<br \/>\nTERESA, compa\u00f1era de tantas y tantas horas de charla, siempre con su sonrisa y sus palabras de aliento, compartimos confidencias y consejos, nuestra pasi\u00f3n por el mar y las flores.<br \/>\nFue la primera seguidora de mi blog, y de \u00e9sta p\u00e1gina. Fu\u00e9 una de las destinatarias de mis tarritos de masa madre del bizcocho del padre P\u00edo , cuando empec\u00e9 \u00e9sto. Cuando le coment\u00e9 la idea de iniciar el blog, le pareci\u00f3 fant\u00e1stica y me anim\u00f3 sin dudar a que lo hiciera. Me dec\u00eda privadamente&#8230;penj\u00e1 \u00e9sta \u00f3 aquella recepta&#8230;.ella tan bona cuinera&#8230;<br \/>\nSe lo envi\u00e9 por correo, junto con el pergamino. Al recibirlo me dijo que lo pon\u00eda en el congelador&#8230;a espera de encontrar el tiempo necesario para el paso de los 10 d\u00edas y que me enviar\u00eda la foto al blog, para que la subiera&#8230;.PER\u00d3 LA VIDA NO T&#8217;HA DEIXAT FER-HO Tesu&#8230;.no ens ha deixat compartir eixe trosset de biscuit.<br \/>\nEstoy triste y desconsolada, como tod@s l@s que tuvimos el honor, el placer, la dicha, de conocer a TERESA.<br \/>\nNo he podido despedirme de ella, no he podido asistir a su funeral, pero siempre estar\u00e1 en mi coraz\u00f3n, en sus poes\u00edas, en ese libro que ha quedado pendiente, en mi pensamiento.<br \/>\nMi mas sincero p\u00e9same a su hija, padre, hermanos, familia y amigos.<br \/>\nAd\u00e9u Tesu, bon viatge AMIGA.<\/p>\n","protected":false},"excerpt":{"rendered":"<p>Despu\u00e9s de unos d\u00edas dif\u00edciles de explicar, sumida en la vor\u00e1gine del mundo hospitalario, encuentro unos minutos de paz, para expresar el dolor que siento por la muerte de una amiga , de TERESA. Se ha marchado dej\u00e1ndonos hu\u00e9rfanos de sus poemas, de sus fotos dedicadas, de sus canciones , &hellip; <\/p>\n","protected":false},"author":2,"featured_media":13714,"comment_status":"open","ping_status":"open","sticky":false,"template":"","format":"standard","meta":[],"categories":[23,1],"tags":[],"_links":{"self":[{"href":"https:\/\/elcalaixetdelaiaia.es\/index.php?rest_route=\/wp\/v2\/posts\/1174"}],"collection":[{"href":"https:\/\/elcalaixetdelaiaia.es\/index.php?rest_route=\/wp\/v2\/posts"}],"about":[{"href":"https:\/\/elcalaixetdelaiaia.es\/index.php?rest_route=\/wp\/v2\/types\/post"}],"author":[{"embeddable":true,"href":"https:\/\/elcalaixetdelaiaia.es\/index.php?rest_route=\/wp\/v2\/users\/2"}],"replies":[{"embeddable":true,"href":"https:\/\/elcalaixetdelaiaia.es\/index.php?rest_route=%2Fwp%2Fv2%2Fcomments&post=1174"}],"version-history":[{"count":1,"href":"https:\/\/elcalaixetdelaiaia.es\/index.php?rest_route=\/wp\/v2\/posts\/1174\/revisions"}],"predecessor-version":[{"id":13715,"href":"https:\/\/elcalaixetdelaiaia.es\/index.php?rest_route=\/wp\/v2\/posts\/1174\/revisions\/13715"}],"wp:featuredmedia":[{"embeddable":true,"href":"https:\/\/elcalaixetdelaiaia.es\/index.php?rest_route=\/wp\/v2\/media\/13714"}],"wp:attachment":[{"href":"https:\/\/elcalaixetdelaiaia.es\/index.php?rest_route=%2Fwp%2Fv2%2Fmedia&parent=1174"}],"wp:term":[{"taxonomy":"category","embeddable":true,"href":"https:\/\/elcalaixetdelaiaia.es\/index.php?rest_route=%2Fwp%2Fv2%2Fcategories&post=1174"},{"taxonomy":"post_tag","embeddable":true,"href":"https:\/\/elcalaixetdelaiaia.es\/index.php?rest_route=%2Fwp%2Fv2%2Ftags&post=1174"}],"curies":[{"name":"wp","href":"https:\/\/api.w.org\/{rel}","templated":true}]}}