{"id":1168,"date":"2013-09-21T21:34:00","date_gmt":"2013-09-21T21:34:00","guid":{"rendered":"http:\/\/elcalaixetdelaiaia.es\/bizcocho-de-almendra-biscuit-dametla"},"modified":"2023-02-02T18:48:28","modified_gmt":"2023-02-02T18:48:28","slug":"bizcocho-de-almendra-biscuit-dametla","status":"publish","type":"post","link":"https:\/\/elcalaixetdelaiaia.es\/?p=1168","title":{"rendered":"Bizcocho de almendra -Biscuit d&#8217;ametla paso a paso foto a foto"},"content":{"rendered":"<div class=\"separator\" style=\"clear: both; text-align: left;\">\u00abRefrany;<\/div>\n<p>Cuant l&#8217;Agost \u00e9st\u00e1 ac\u00ed i l&#8217;ametla hi\u00e1 que collir\u00bb. Cuando Agosto est\u00e1 aqu\u00ed, la almendra hay que cosechar.<\/p>\n<div>\n<div class=\"separator\" style=\"clear: both; text-align: center;\"><a style=\"margin-left: 1em; margin-right: 1em;\" href=\"http:\/\/3.bp.blogspot.com\/-Hlg_MgvtnpY\/Uj4Jo6DAmzI\/AAAAAAAABkM\/Ah0WJMuHOi4\/s1600\/IMG_1457+modified.jpg\"><img decoding=\"async\" loading=\"lazy\" src=\"https:\/\/elcalaixetdelaiaia.es\/wp-content\/uploads\/2013\/09\/IMG_1457-modified.jpg\" width=\"640\" height=\"426\" border=\"0\" \/><\/a><\/div>\n<div class=\"separator\" style=\"clear: both; text-align: center;\"><\/div>\n<div>Hoy os presento una receta muy f\u00e1cil de un biscuit d&#8217;atmetla espectacular.<\/div>\n<div class=\"separator\" style=\"clear: both; text-align: center;\"><\/div>\n<div>\n<div class=\"separator\" style=\"clear: both; text-align: center;\">Para \u00e9sta receta no necesitamos ni aceite, ni harina de trigo, ni leche, \u00e9ste es un bizcocho distinto que ha de quedar muy fino, como de un dedo de alto, se cuece en un recipiente que aqu\u00ed llamamos \u00abllanda\u00bb, pero pod\u00e9is usar una bandeja del horno que no sea alta.<\/div>\n<div class=\"separator\" style=\"clear: both; text-align: center;\"><\/div>\n<div>\n<div>Por cierto, tengo una amiga que dice que le recuerda much\u00edsimo a la tarta de Santiago, solo que \u00e9sta no lleva manteca y la de Santiago si y \u00e9sta tampoco lleva \u00a0licor, ralladura de lim\u00f3n &#8230;ni canela. La de Santiago, la haremos otro d\u00eda. La tarta de Santiago pod\u00e9is verla si pinch\u00e1is aqu\u00ed<br \/>\n<a href=\"https:\/\/elcalaixetdelaiaia.es\/tarta-de-santiago\">https:\/\/elcalaixetdelaiaia.es\/tarta-de-santiago<\/a><\/div>\n<div>\nNecesitaremos;<\/div>\n<div><\/div>\n<div class=\"separator\" style=\"clear: both; text-align: center;\"><a style=\"margin-left: 1em; margin-right: 1em;\" href=\"http:\/\/2.bp.blogspot.com\/-Y7ZeqV2Vm6w\/Uj4JIAzFMsI\/AAAAAAAABh0\/aakfyCAGORo\/s1600\/IMG_1428+modified.jpg\"><img decoding=\"async\" loading=\"lazy\" src=\"https:\/\/elcalaixetdelaiaia.es\/wp-content\/uploads\/2013\/09\/IMG_1428-modified.jpg\" width=\"640\" height=\"426\" border=\"0\" \/><\/a><\/div>\n<div>\n<ol>\n<li>100gr. Az\u00facar blanquilla<\/li>\n<li>300gr. Almendra molida<\/li>\n<li>6 huevos enteros<\/li>\n<li>Az\u00facar glass<\/li>\n<li>150gr. Almendra picada cruda<\/li>\n<\/ol>\n<div class=\"separator\" style=\"clear: both; text-align: center;\"><a style=\"margin-left: 1em; margin-right: 1em;\" href=\"http:\/\/1.bp.blogspot.com\/-SrJN7Nik16A\/Uj4JH8zTXKI\/AAAAAAAABhw\/ahjxgMAHsBI\/s1600\/IMG_1430+modified.jpg\"><img decoding=\"async\" loading=\"lazy\" src=\"https:\/\/elcalaixetdelaiaia.es\/wp-content\/uploads\/2013\/09\/IMG_1430-modified.jpg\" width=\"640\" height=\"426\" border=\"0\" \/><\/a><\/div>\n<div class=\"separator\" style=\"clear: both; text-align: center;\"><\/div>\n<div class=\"separator\" style=\"clear: both; text-align: center;\"><\/div>\n<div>\n<div style=\"text-align: center;\">Hemos de empezar separando las claras y las yemas, ponemos en un bol grande las claras, y en otro las yemas. Tengo separadores de yemas, pero&#8230;me gusta hacerlo en el cuenco de la palma de la mano, \u00e9so si, con las manos suuuuperlimpias, en cocina yo utilizo much\u00edsimo las manos<\/div>\n<\/div>\n<div class=\"separator\" style=\"clear: both; text-align: center;\"><\/div>\n<div class=\"separator\" style=\"clear: both; text-align: center;\"><a style=\"margin-left: 1em; margin-right: 1em;\" href=\"http:\/\/2.bp.blogspot.com\/-bua63n6nwTw\/Uj4JOxA7EyI\/AAAAAAAABiU\/Z-5El1ZCI20\/s1600\/IMG_1440+modified.jpg\"><img decoding=\"async\" loading=\"lazy\" src=\"https:\/\/elcalaixetdelaiaia.es\/wp-content\/uploads\/2013\/09\/IMG_1440-modified.jpg\" width=\"640\" height=\"426\" border=\"0\" \/><\/a><\/div>\n<div class=\"separator\" style=\"clear: both; text-align: center;\"><\/div>\n<div>\n<div style=\"text-align: center;\">a\u00f1adimos una pizca de sal \u00a0a las claras y montamos con la batidora y las varillas hasta conseguir el punto de nieve, siempre con movimientos circulares<\/div>\n<\/div>\n<div class=\"separator\" style=\"clear: both; text-align: center;\"><a style=\"margin-left: 1em; margin-right: 1em;\" href=\"http:\/\/2.bp.blogspot.com\/-02oJBXzkbHU\/Uj4JRHfwKlI\/AAAAAAAABic\/ktnitHwLTJk\/s1600\/IMG_1441+modified.jpg\"><img decoding=\"async\" loading=\"lazy\" src=\"https:\/\/elcalaixetdelaiaia.es\/wp-content\/uploads\/2013\/09\/IMG_1441-modified.jpg\" width=\"640\" height=\"426\" border=\"0\" \/><\/a><\/div>\n<div class=\"separator\" style=\"clear: both; text-align: center;\"><\/div>\n<div>\n<div style=\"text-align: center;\">sabemos que est\u00e1 listo el punto de nieve cuando las claras est\u00e1n muy blancas, duras y poniendo el<br \/>\nrecipiente boca abajo&#8230;no caen. Cuidad\u00edn no las vay\u00e1is a volcar antes de tiempo, y os qued\u00e9is sin claras&#8230;<\/div>\n<\/div>\n<div class=\"separator\" style=\"clear: both; text-align: center;\"><\/div>\n<div class=\"separator\" style=\"clear: both; text-align: center;\"><\/div>\n<div>\n<div class=\"separator\" style=\"clear: both; text-align: center;\"><a style=\"margin-left: 1em; margin-right: 1em;\" href=\"http:\/\/1.bp.blogspot.com\/-l0jlC1wMyjc\/Uj6z2oaA5DI\/AAAAAAAABks\/EngXIrTjM58\/s1600\/IMG_1431.JPG\"><img decoding=\"async\" loading=\"lazy\" src=\"https:\/\/elcalaixetdelaiaia.es\/wp-content\/uploads\/2013\/09\/IMG_1431.jpg\" width=\"640\" height=\"406\" border=\"0\" \/><\/a><\/div>\n<div class=\"separator\" style=\"clear: both; text-align: center;\"><\/div>\n<div style=\"text-align: center;\">En el bol de las yemas, a\u00f1adimos el az\u00facar, la almendra molida y batimos manualmente hasta que<br \/>\nformen una masa homog\u00e9nea.Y como hoy tengo fot\u00f3grafoooooo<\/p>\n<\/div>\n<\/div>\n<div class=\"separator\" style=\"clear: both; text-align: center;\"><a style=\"margin-left: 1em; margin-right: 1em;\" href=\"http:\/\/4.bp.blogspot.com\/-s1Z_eGAjyw8\/Uj4JLUtaJCI\/AAAAAAAABiA\/9tA3HvrberQ\/s1600\/IMG_1438+modified.jpg\"><img decoding=\"async\" loading=\"lazy\" src=\"https:\/\/elcalaixetdelaiaia.es\/wp-content\/uploads\/2013\/09\/IMG_1438-modified.jpg\" width=\"640\" height=\"426\" border=\"0\" \/><\/a><\/div>\n<div class=\"separator\" style=\"clear: both; text-align: center;\"><\/div>\n<div>\n<div style=\"text-align: center;\">me puedo permitir el lujo de cocinar mientras otro hace las fotos y de paso comprobar\u00e9is que tengo dooos manoooosss jajajaja.<br \/>\nAhora procedemos a juntar las yemas con el az\u00facar y la almendra a las claras, con movimientos suaves y envolventes.<\/div>\n<\/div>\n<div class=\"separator\" style=\"clear: both; text-align: center;\"><a style=\"margin-left: 1em; margin-right: 1em;\" href=\"http:\/\/1.bp.blogspot.com\/-dTF-hr4-UnI\/Uj4JOlKhu7I\/AAAAAAAABiQ\/M_WgsFckqb8\/s1600\/IMG_1439+modified.jpg\"><img decoding=\"async\" loading=\"lazy\" src=\"https:\/\/elcalaixetdelaiaia.es\/wp-content\/uploads\/2013\/09\/IMG_1439-modified.jpg\" width=\"640\" height=\"406\" border=\"0\" \/><\/a><\/div>\n<div class=\"separator\" style=\"clear: both; text-align: center;\"><\/div>\n<div>\n<div style=\"text-align: center;\">\u00a0Lo suelo hacer a mano, como me ense\u00f1\u00f3 mi iaia Isabel, procurando que no queden grumos, pero<br \/>\ntambi\u00e9n se puede hacer con amasadora pero muuuy suavemente.<\/div>\n<\/div>\n<div>\n<div style=\"text-align: center;\">Mientra,s precalentaremos el horno a 180\u00ba y pondremos la rejilla a media altura.<\/div>\n<div><\/div>\n<\/div>\n<div class=\"separator\" style=\"clear: both; text-align: center;\"><a style=\"margin-left: 1em; margin-right: 1em;\" href=\"http:\/\/1.bp.blogspot.com\/--qDRgJ1_bxU\/Uj4JSwwYDbI\/AAAAAAAABis\/5Og3ZQDg2LM\/s1600\/IMG_1443+modified.jpg\"><img decoding=\"async\" loading=\"lazy\" src=\"https:\/\/elcalaixetdelaiaia.es\/wp-content\/uploads\/2013\/09\/IMG_1443-modified.jpg\" width=\"640\" height=\"426\" border=\"0\" \/><\/a><\/div>\n<div class=\"separator\" style=\"clear: both; text-align: center;\"><\/div>\n<div>\n<div style=\"text-align: center;\">Preparamos un molde que sea ancho y bajo, con papel de hornear.<\/div>\n<\/div>\n<div class=\"separator\" style=\"clear: both; text-align: center;\"><a style=\"margin-left: 1em; margin-right: 1em;\" href=\"http:\/\/2.bp.blogspot.com\/-5AaSARa6bkY\/Uj4JmEDVGqI\/AAAAAAAABkE\/fhOXRNuk-80\/s1600\/IMG_1456+modified.jpg\"><img decoding=\"async\" loading=\"lazy\" src=\"https:\/\/elcalaixetdelaiaia.es\/wp-content\/uploads\/2013\/09\/IMG_1456-modified.jpg\" width=\"640\" height=\"426\" border=\"0\" \/><\/a><\/div>\n<div class=\"separator\" style=\"clear: both; text-align: center;\"><\/div>\n<div>\n<div style=\"text-align: center;\">Esta es mi \u00abllanda\u00bb, mide 38&#215;26 y solo tiene 3cm. de alto<\/div>\n<\/div>\n<div class=\"separator\" style=\"clear: both; text-align: center;\"><a style=\"margin-left: 1em; margin-right: 1em;\" href=\"http:\/\/3.bp.blogspot.com\/-ozu5NQ8ssfA\/Uj4JYIwceyI\/AAAAAAAABjE\/SpysEluncRo\/s1600\/IMG_1444+modified.jpg\"><img decoding=\"async\" loading=\"lazy\" src=\"https:\/\/elcalaixetdelaiaia.es\/wp-content\/uploads\/2013\/09\/IMG_1444-modified.jpg\" width=\"640\" height=\"426\" border=\"0\" \/><\/a><\/div>\n<div class=\"separator\" style=\"clear: both; text-align: center;\"><\/div>\n<div>\n<div style=\"text-align: center;\">Vertemos la masa sobre el papel<\/div>\n<\/div>\n<div class=\"separator\" style=\"clear: both; text-align: center;\"><a style=\"margin-left: 1em; margin-right: 1em;\" href=\"http:\/\/2.bp.blogspot.com\/-cG39dVCTMEc\/Uj4JX9J9kWI\/AAAAAAAABjA\/AHuMDtAUER4\/s1600\/IMG_1445+modified.jpg\"><img decoding=\"async\" loading=\"lazy\" src=\"https:\/\/elcalaixetdelaiaia.es\/wp-content\/uploads\/2013\/09\/IMG_1445-modified.jpg\" width=\"640\" height=\"426\" border=\"0\" \/><\/a><\/div>\n<div class=\"separator\" style=\"clear: both; text-align: center;\"><\/div>\n<div>\n<div style=\"text-align: center;\">\u00a0y esparcimos la almendra cruda por encima del mismo.<\/div>\n<\/div>\n<div class=\"separator\" style=\"clear: both; text-align: center;\"><a style=\"margin-left: 1em; margin-right: 1em;\" href=\"http:\/\/2.bp.blogspot.com\/-Lq33ecI-qaU\/Uj4JXcurwwI\/AAAAAAAABi8\/SZsQVsQnF1w\/s1600\/IMG_1446+modified.jpg\"><img decoding=\"async\" loading=\"lazy\" src=\"https:\/\/elcalaixetdelaiaia.es\/wp-content\/uploads\/2013\/09\/IMG_1446-modified.jpg\" width=\"640\" height=\"426\" border=\"0\" \/><\/a><\/div>\n<div class=\"separator\" style=\"clear: both; text-align: center;\"><\/div>\n<div>\n<div style=\"text-align: center;\">quedar\u00e1 con \u00e9ste aspecto.<\/div>\n<\/div>\n<div>\n<div style=\"text-align: center;\"><\/div>\n<\/div>\n<div class=\"separator\" style=\"clear: both; text-align: center;\"><a style=\"margin-left: 1em; margin-right: 1em;\" href=\"http:\/\/1.bp.blogspot.com\/-R9Uqagq2Zv0\/Uj4Jaui_maI\/AAAAAAAABjM\/d699cA84Joc\/s1600\/IMG_1449+modified.jpg\"><img decoding=\"async\" loading=\"lazy\" src=\"https:\/\/elcalaixetdelaiaia.es\/wp-content\/uploads\/2013\/09\/IMG_1449-modified.jpg\" width=\"640\" height=\"424\" border=\"0\" \/><\/a><\/div>\n<div class=\"separator\" style=\"clear: both; text-align: center;\"><\/div>\n<div>\n<div style=\"text-align: center;\">35 minutos de horno y comprobamos con el truco del palillo si queda limpio. Como digo en cada<br \/>\nreceta de horno, cada uno es un mundo, mejor ir comprobando no se os queme \u00f3 quede cruda.<\/div>\n<\/div>\n<div class=\"separator\" style=\"clear: both; text-align: center;\"><a style=\"margin-left: 1em; margin-right: 1em;\" href=\"http:\/\/4.bp.blogspot.com\/-KiRLDSPG9xs\/Uj4JdOwSiQI\/AAAAAAAABjU\/B-1aHy38vmA\/s1600\/IMG_1450+modified.jpg\"><img decoding=\"async\" loading=\"lazy\" src=\"https:\/\/elcalaixetdelaiaia.es\/wp-content\/uploads\/2013\/09\/IMG_1450-modified.jpg\" width=\"640\" height=\"426\" border=\"0\" \/><\/a><\/div>\n<div class=\"separator\" style=\"clear: both; text-align: center;\"><\/div>\n<div>\n<div style=\"text-align: center;\">Apagamos el horno y sacamos el biscuit para dejar enfriar sobre la bancada de la cocina y enseguida<br \/>\npasarlo a la rejilla<\/div>\n<\/div>\n<div class=\"separator\" style=\"clear: both; text-align: center;\"><a style=\"margin-left: 1em; margin-right: 1em;\" href=\"http:\/\/3.bp.blogspot.com\/-cube-tTCN10\/Uj4Jivpo5LI\/AAAAAAAABjs\/k8BdEz4qLB0\/s1600\/IMG_1453+modified.jpg\"><img decoding=\"async\" loading=\"lazy\" src=\"https:\/\/elcalaixetdelaiaia.es\/wp-content\/uploads\/2013\/09\/IMG_1453-modified.jpg\" width=\"640\" height=\"426\" border=\"0\" \/><\/a><\/div>\n<div class=\"separator\" style=\"clear: both; text-align: center;\"><\/div>\n<div>\n<div style=\"text-align: center;\">Posteriormente, sacamos del papel vegetal y decoramos espolvoreando por encima con az\u00facar glass,<br \/>\nutilizando un tamizador.<\/div>\n<\/div>\n<div class=\"separator\" style=\"clear: both; text-align: center;\"><a style=\"margin-left: 1em; margin-right: 1em;\" href=\"http:\/\/1.bp.blogspot.com\/-13_puGor1JA\/Uj4JloJUWwI\/AAAAAAAABkA\/3oK-o7mPn8k\/s1600\/IMG_1454+modified.jpg\"><img decoding=\"async\" loading=\"lazy\" src=\"https:\/\/elcalaixetdelaiaia.es\/wp-content\/uploads\/2013\/09\/IMG_1454-modified.jpg\" width=\"640\" height=\"426\" border=\"0\" \/><\/a><\/div>\n<div class=\"separator\" style=\"clear: both; text-align: center;\"><\/div>\n<div>\n<div style=\"text-align: center;\">Os aseguro un acompa\u00f1amiento para el caf\u00e9 sumamente delicioso,<\/div>\n<\/div>\n<div class=\"separator\" style=\"clear: both; text-align: center;\"><a style=\"margin-left: 1em; margin-right: 1em;\" href=\"http:\/\/2.bp.blogspot.com\/-xfhykEmC7AI\/Uj4JfdMlr5I\/AAAAAAAABjk\/IlWjju5mzWc\/s1600\/IMG_1451+modified.jpg\"><img decoding=\"async\" loading=\"lazy\" src=\"https:\/\/elcalaixetdelaiaia.es\/wp-content\/uploads\/2013\/09\/IMG_1451-modified.jpg\" width=\"640\" height=\"420\" border=\"0\" \/><\/a><\/div>\n<div class=\"separator\" style=\"clear: both; text-align: center;\"><\/div>\n<div>\n<div style=\"text-align: center;\">\u00a0aunque recordad que es un bizcocho cargadito de calor\u00edas<\/div>\n<\/div>\n<div class=\"separator\" style=\"clear: both; text-align: center;\"><a style=\"margin-left: 1em; margin-right: 1em;\" href=\"http:\/\/2.bp.blogspot.com\/-ul5xFl5DRco\/Uj4JlMFVCjI\/AAAAAAAABj8\/wK6j98zMX_A\/s1600\/IMG_1455+modified.jpg\"><img decoding=\"async\" loading=\"lazy\" src=\"https:\/\/elcalaixetdelaiaia.es\/wp-content\/uploads\/2013\/09\/IMG_1455-modified.jpg\" width=\"640\" height=\"426\" border=\"0\" \/><\/a><\/div>\n<div class=\"separator\" style=\"clear: both; text-align: center;\"><\/div>\n<div>\n<div style=\"text-align: center;\">.no os pas\u00e9is demasiado repitiendo porci\u00f3n \ud83d\ude09<\/div>\n<\/div>\n<div class=\"separator\" style=\"clear: both; text-align: center;\"><a style=\"margin-left: 1em; margin-right: 1em;\" href=\"http:\/\/2.bp.blogspot.com\/-xfhykEmC7AI\/Uj4JfdMlr5I\/AAAAAAAABjk\/IlWjju5mzWc\/s1600\/IMG_1451+modified.jpg\"><img decoding=\"async\" loading=\"lazy\" src=\"https:\/\/elcalaixetdelaiaia.es\/wp-content\/uploads\/2013\/09\/IMG_1451-modified.jpg\" width=\"640\" height=\"420\" border=\"0\" \/><\/a><\/div>\n<div class=\"separator\" style=\"clear: both; text-align: center;\"><\/div>\n<div class=\"separator\" style=\"clear: both; text-align: center;\">\u00abA la taula i&#8230;..BON PROFIT!<\/div>\n<div class=\"separator\" style=\"clear: both; text-align: center;\"><\/div>\n<div>\n<div style=\"text-align: center;\">Espero que lo hag\u00e1is, seguro que os encanta y si quer\u00e9is compartir las fotos con nosotr@s, las envi\u00e1is a mi correo electr\u00f3nico y las compartir\u00e9 en el blog.<\/div>\n<\/div>\n<p>Si os gusta \u00e9sta tradicional y antigua receta y compart\u00eds, me ayudar\u00e9is a que no se pierda. Muchas gracias<br \/>\nSi quer\u00e9is comentar \u00a1estupendo! y recordad que tambi\u00e9n estoy en Facebook\u00a0<a href=\"https:\/\/www.facebook.com\/El-calaixet-de-la-iaia-533062140099386\/\">https:\/\/www.facebook.com\/El-calaixet-de-la-iaia-533062140099386\/<\/a><\/p>\n<\/div>\n<\/div>\n<\/div>\n<\/div>\n","protected":false},"excerpt":{"rendered":"<p>\u00abRefrany; Cuant l&#8217;Agost \u00e9st\u00e1 ac\u00ed i l&#8217;ametla hi\u00e1 que collir\u00bb. Cuando Agosto est\u00e1 aqu\u00ed, la almendra hay que cosechar. Hoy os presento una receta muy f\u00e1cil de un biscuit d&#8217;atmetla espectacular. Para \u00e9sta receta no necesitamos ni aceite, ni harina de trigo, ni leche, \u00e9ste es un bizcocho distinto que &hellip; <\/p>\n","protected":false},"author":2,"featured_media":13675,"comment_status":"open","ping_status":"open","sticky":false,"template":"","format":"standard","meta":[],"categories":[6,1],"tags":[],"_links":{"self":[{"href":"https:\/\/elcalaixetdelaiaia.es\/index.php?rest_route=\/wp\/v2\/posts\/1168"}],"collection":[{"href":"https:\/\/elcalaixetdelaiaia.es\/index.php?rest_route=\/wp\/v2\/posts"}],"about":[{"href":"https:\/\/elcalaixetdelaiaia.es\/index.php?rest_route=\/wp\/v2\/types\/post"}],"author":[{"embeddable":true,"href":"https:\/\/elcalaixetdelaiaia.es\/index.php?rest_route=\/wp\/v2\/users\/2"}],"replies":[{"embeddable":true,"href":"https:\/\/elcalaixetdelaiaia.es\/index.php?rest_route=%2Fwp%2Fv2%2Fcomments&post=1168"}],"version-history":[{"count":4,"href":"https:\/\/elcalaixetdelaiaia.es\/index.php?rest_route=\/wp\/v2\/posts\/1168\/revisions"}],"predecessor-version":[{"id":24295,"href":"https:\/\/elcalaixetdelaiaia.es\/index.php?rest_route=\/wp\/v2\/posts\/1168\/revisions\/24295"}],"wp:featuredmedia":[{"embeddable":true,"href":"https:\/\/elcalaixetdelaiaia.es\/index.php?rest_route=\/wp\/v2\/media\/13675"}],"wp:attachment":[{"href":"https:\/\/elcalaixetdelaiaia.es\/index.php?rest_route=%2Fwp%2Fv2%2Fmedia&parent=1168"}],"wp:term":[{"taxonomy":"category","embeddable":true,"href":"https:\/\/elcalaixetdelaiaia.es\/index.php?rest_route=%2Fwp%2Fv2%2Fcategories&post=1168"},{"taxonomy":"post_tag","embeddable":true,"href":"https:\/\/elcalaixetdelaiaia.es\/index.php?rest_route=%2Fwp%2Fv2%2Ftags&post=1168"}],"curies":[{"name":"wp","href":"https:\/\/api.w.org\/{rel}","templated":true}]}}