{"id":1167,"date":"2013-09-21T22:40:00","date_gmt":"2013-09-21T22:40:00","guid":{"rendered":"http:\/\/elcalaixetdelaiaia.es\/ya-estamos-en-otono"},"modified":"2017-12-04T18:00:06","modified_gmt":"2017-12-04T18:00:06","slug":"ya-estamos-en-otono","status":"publish","type":"post","link":"https:\/\/elcalaixetdelaiaia.es\/?p=1167","title":{"rendered":"Ya estamos en Oto\u00f1o"},"content":{"rendered":"<p><iframe loading=\"lazy\" allowfullscreen=\"\" frameborder=\"0\" height=\"344\" src=\"\/\/www.youtube.com\/embed\/nhi-qkxIjFs\" width=\"459\"><\/iframe><\/p>\n<p>\nPues nada&#8230;que ya lo tenemos aqu\u00ed.<br \/>\nHa dado comienzo el oto\u00f1o 2013 el d\u00eda 22 de septiembre de 2013, s\u00e1bado, a las 22h 44m hora oficial peninsular (en Espa\u00f1a, una hora menos en Canarias).<\/p>\n<p>Eso s\u00ed, el cambio de hora no tendr\u00e1 lugar hasta finales de mes. M\u00e1s concretamente, el d\u00eda 28 de octubre, en el que se recuperar\u00e1 el horario de invierno (atras\u00e1ndose la hora hasta las dos).<\/p>\n<p>Debido a ello, principalmente al cambio de horarios y a la reducci\u00f3n de luz solar, muchas personas tienden a deprimirse, apareciendo la denominada como depresi\u00f3n oto\u00f1al. Te\u00f3ricamente, llega el tiempo fr\u00edo,aunque seg\u00fan la predicci\u00f3n, parece que en algunas zonas de Espa\u00f1a a\u00fan tardar\u00e1 unos d\u00edas.<\/p>\n<p>Es precisamente durante los equinoccios cuando el acortamiento (o alargamiento en el de primavera) de los d\u00edas es m\u00e1s notorio.: El Sol sale por las ma\u00f1anas m\u00e1s de un minuto m\u00e1s tarde que el d\u00eda anterior y por la tarde se pone casi dos minutos antes, por lo que el acortamiento del d\u00eda se hace especialmente apreciable por las tardes.<\/p>\n<p>Y lo mejor de todo, es que como hemos sido afortunados en cuanto a lluvias se refiere, teniendo el monte la humedad y temperatura adecuada, pronto podremos disfrutar de las deliciosas setas de oto\u00f1o, as\u00ed que a preparar las cestas de mimbre \ud83d\ude09<\/p>\n<div class=\"separator\" style=\"clear: both; text-align: center;\">\n<a href=\"http:\/\/2.bp.blogspot.com\/-NannI0XE3Es\/Ukb13TjCwVI\/AAAAAAAABo8\/AyFgkddkSE0\/s1600\/oto%C3%B1o-cash-converters1.jpg\" imageanchor=\"1\" style=\"margin-left: 1em; margin-right: 1em;\"><img decoding=\"async\" loading=\"lazy\" border=\"0\" height=\"117\" src=\"https:\/\/elcalaixetdelaiaia.es\/wp-content\/uploads\/2013\/09\/oto\u00f1o-cash-converters1.jpg\" width=\"320\" \/><\/a><\/div>\n<p><\/p>\n","protected":false},"excerpt":{"rendered":"<p>Pues nada&#8230;que ya lo tenemos aqu\u00ed. Ha dado comienzo el oto\u00f1o 2013 el d\u00eda 22 de septiembre de 2013, s\u00e1bado, a las 22h 44m hora oficial peninsular (en Espa\u00f1a, una hora menos en Canarias). Eso s\u00ed, el cambio de hora no tendr\u00e1 lugar hasta finales de mes. M\u00e1s concretamente, el &hellip; <\/p>\n","protected":false},"author":2,"featured_media":13673,"comment_status":"open","ping_status":"open","sticky":false,"template":"","format":"standard","meta":[],"categories":[23,1],"tags":[],"_links":{"self":[{"href":"https:\/\/elcalaixetdelaiaia.es\/index.php?rest_route=\/wp\/v2\/posts\/1167"}],"collection":[{"href":"https:\/\/elcalaixetdelaiaia.es\/index.php?rest_route=\/wp\/v2\/posts"}],"about":[{"href":"https:\/\/elcalaixetdelaiaia.es\/index.php?rest_route=\/wp\/v2\/types\/post"}],"author":[{"embeddable":true,"href":"https:\/\/elcalaixetdelaiaia.es\/index.php?rest_route=\/wp\/v2\/users\/2"}],"replies":[{"embeddable":true,"href":"https:\/\/elcalaixetdelaiaia.es\/index.php?rest_route=%2Fwp%2Fv2%2Fcomments&post=1167"}],"version-history":[{"count":1,"href":"https:\/\/elcalaixetdelaiaia.es\/index.php?rest_route=\/wp\/v2\/posts\/1167\/revisions"}],"predecessor-version":[{"id":13674,"href":"https:\/\/elcalaixetdelaiaia.es\/index.php?rest_route=\/wp\/v2\/posts\/1167\/revisions\/13674"}],"wp:featuredmedia":[{"embeddable":true,"href":"https:\/\/elcalaixetdelaiaia.es\/index.php?rest_route=\/wp\/v2\/media\/13673"}],"wp:attachment":[{"href":"https:\/\/elcalaixetdelaiaia.es\/index.php?rest_route=%2Fwp%2Fv2%2Fmedia&parent=1167"}],"wp:term":[{"taxonomy":"category","embeddable":true,"href":"https:\/\/elcalaixetdelaiaia.es\/index.php?rest_route=%2Fwp%2Fv2%2Fcategories&post=1167"},{"taxonomy":"post_tag","embeddable":true,"href":"https:\/\/elcalaixetdelaiaia.es\/index.php?rest_route=%2Fwp%2Fv2%2Ftags&post=1167"}],"curies":[{"name":"wp","href":"https:\/\/api.w.org\/{rel}","templated":true}]}}