{"id":1163,"date":"2013-09-25T22:40:00","date_gmt":"2013-09-25T22:40:00","guid":{"rendered":"http:\/\/elcalaixetdelaiaia.es\/ensaladilla"},"modified":"2023-12-28T20:28:00","modified_gmt":"2023-12-28T20:28:00","slug":"ensaladilla","status":"publish","type":"post","link":"https:\/\/elcalaixetdelaiaia.es\/?p=1163","title":{"rendered":"Ensaladilla Rusa paso a paso"},"content":{"rendered":"<p>\u00abRefrany;Acabats els bens, acabats els parents\u00bb. Acabados los bienes, acabados los parientes.<\/p>\n<div>Ensaladilla Rusa, tambi\u00e9n llamada ensalada Olivier en honor a su creador, un chef franc\u00e9s, afincado en Mosc\u00fa.<\/p>\n<div class=\"separator\" style=\"clear: both; text-align: center;\"><a style=\"margin-left: 1em; margin-right: 1em;\" href=\"http:\/\/3.bp.blogspot.com\/--O_MTdAvMvM\/UkNjyq5Sf_I\/AAAAAAAABmg\/I8Ftyfw8aHo\/s1600\/IMG_1516+modified.jpg\"><img decoding=\"async\" loading=\"lazy\" src=\"https:\/\/elcalaixetdelaiaia.es\/wp-content\/uploads\/2013\/09\/IMG_1516-modified.jpg\" width=\"640\" height=\"426\" border=\"0\" \/><\/a><\/div>\n<p>Hoy no la voy a preparar como la original que llevaba incluso carne de venado, ni como la preparaba mi madre, pelando las patatas y verduras y cort\u00e1ndolas en peque\u00f1os dados para hervirlas despu\u00e9s, o sin verduras, solo con patatas chafadas con el tenedor, principalmente por dos motivos, la jud\u00eda boby natural est\u00e1 cara y no tengo demasiado tiempo para pelar y trocear, as\u00ed que cual atareada ama de casa y trabajadora, hecho mano de lo m\u00e1s f\u00e1cil, la socorrida bolsa de ensaladilla congelada del s\u00faper, que no me gusta nada, porque la congelada, al d\u00eda siguiente suelta agua, aunque prometo cuando disponga de mas tiempo, hacerla de la manera tradicional, con ajonesa casera y caballa, como la hac\u00edan en el Bar Navarro de Monteolivete, \u00a0ains&#8230; que recuerdos, cuando iba con mi novio los domingos a tomar una cervecita y una raci\u00f3n de aquella riqu\u00edsima ensaladilla que no he vuelto a probar desde que los hermanos Navarro traspasaron el Bar, aunque la que hago en casa nos la recuerda mucho.<\/p>\n<div class=\"separator\" style=\"clear: both; text-align: center;\"><a style=\"margin-left: 1em; margin-right: 1em;\" href=\"http:\/\/1.bp.blogspot.com\/--UFY9Ndt7eI\/UkNYAfvwL0I\/AAAAAAAABlc\/eZaDMZ1Qoas\/s1600\/IMG_1500+modified.jpg\"><img decoding=\"async\" loading=\"lazy\" src=\"https:\/\/elcalaixetdelaiaia.es\/wp-content\/uploads\/2013\/09\/IMG_1500-modified.jpg\" width=\"640\" height=\"436\" border=\"0\" \/><\/a><\/div>\n<p>Necesitaremos<\/p>\n<ol>\n<li>200 grs de patatas.<\/li>\n<li>200 grs de guisantes.<\/li>\n<li>200 gras de zanahorias.<\/li>\n<li>200 gras de judias verdes finas.<\/li>\n<li>o bien una bolsa grande de ensaladilla congelada<\/li>\n<li>6 huevos duros<\/li>\n<li>1 bote de mayonesa Kraft<\/li>\n<li>1 bote de aceitunas rellenas de anchoa<\/li>\n<li>4 latas de at\u00fan claro en aceite<\/li>\n<li>2 pastillas de caldo de pollo Avecr\u00e9m<\/li>\n<\/ol>\n<div class=\"separator\" style=\"clear: both; text-align: center;\"><a style=\"margin-left: 1em; margin-right: 1em;\" href=\"http:\/\/2.bp.blogspot.com\/-efRDSwv0xZQ\/UkNjm5BMsaI\/AAAAAAAABls\/G4NYBxPj5_0\/s1600\/IMG_1487.JPG\"><img decoding=\"async\" loading=\"lazy\" src=\"https:\/\/elcalaixetdelaiaia.es\/wp-content\/uploads\/2013\/09\/IMG_1487.jpg\" width=\"640\" height=\"426\" border=\"0\" \/><\/a><\/div>\n<div><\/div>\n<div class=\"separator\" style=\"clear: both; text-align: center;\">En un litro de agua hirviendo desmenuzaremos las pastillas de caldo, y echaremos las verduras congeladas. Dejaremos a fuego medio m\u00e1ximo 10 minutos.<\/div>\n<div class=\"separator\" style=\"clear: both; text-align: center;\"><\/div>\n<div class=\"separator\" style=\"clear: both; text-align: center;\"><a style=\"margin-left: 1em; margin-right: 1em;\" href=\"http:\/\/3.bp.blogspot.com\/-yDGMFphXy2c\/UkNjn8LkfII\/AAAAAAAABl4\/9zme8usCVaw\/s1600\/IMG_1489+modified.jpg\"><img decoding=\"async\" loading=\"lazy\" src=\"https:\/\/elcalaixetdelaiaia.es\/wp-content\/uploads\/2013\/09\/IMG_1489-modified.jpg\" width=\"426\" height=\"640\" border=\"0\" \/><\/a><\/div>\n<div class=\"separator\" style=\"clear: both; text-align: center;\"><\/div>\n<div class=\"separator\" style=\"clear: both; text-align: center;\">Ponemos a escurrir y dejamos enfriar completamente.<\/div>\n<div class=\"separator\" style=\"clear: both; text-align: center;\"><\/div>\n<div class=\"separator\" style=\"clear: both; text-align: center;\"><a style=\"margin-left: 1em; margin-right: 1em;\" href=\"http:\/\/2.bp.blogspot.com\/-mqZxg1T3S0w\/UkNjsduQu8I\/AAAAAAAABmI\/GPEh_eQgh4w\/s1600\/IMG_1496+modified.jpg\"><img decoding=\"async\" loading=\"lazy\" src=\"https:\/\/elcalaixetdelaiaia.es\/wp-content\/uploads\/2013\/09\/IMG_1496-modified.jpg\" width=\"640\" height=\"426\" border=\"0\" \/><\/a><\/div>\n<div class=\"separator\" style=\"clear: both; text-align: center;\"><\/div>\n<div class=\"separator\" style=\"clear: both; text-align: center;\">Escurrimos muy bien las aceitunas rellenas, el at\u00fan y pelamos los huevos<\/div>\n<div class=\"separator\" style=\"clear: both; text-align: center;\"><\/div>\n<div class=\"separator\" style=\"clear: both; text-align: center;\"><a style=\"margin-left: 1em; margin-right: 1em;\" href=\"http:\/\/4.bp.blogspot.com\/-ALhx1tQgnTk\/UkNjtI4VK4I\/AAAAAAAABmQ\/DnRU1kTGgVI\/s1600\/IMG_1497+modified.jpg\"><img decoding=\"async\" loading=\"lazy\" src=\"https:\/\/elcalaixetdelaiaia.es\/wp-content\/uploads\/2013\/09\/IMG_1497-modified.jpg\" width=\"640\" height=\"426\" border=\"0\" \/><\/a><\/div>\n<div class=\"separator\" style=\"clear: both; text-align: center;\"><\/div>\n<div class=\"separator\" style=\"clear: both; text-align: center;\">Mezclamos los huevos troceados, las olivas enteras y el at\u00fan con la verdura. Por ultimo a\u00f1adimos la mayonesa, en generosa cantidad.<\/div>\n<div class=\"separator\" style=\"clear: both; text-align: center;\"><\/div>\n<div class=\"separator\" style=\"clear: both; text-align: center;\"><a style=\"margin-left: 1em; margin-right: 1em;\" href=\"http:\/\/4.bp.blogspot.com\/-_wlVa-_YVd4\/UkNjswuQ8YI\/AAAAAAAABmM\/uCrTQyKt7dE\/s1600\/IMG_1498+modified.jpg\"><img decoding=\"async\" loading=\"lazy\" src=\"https:\/\/elcalaixetdelaiaia.es\/wp-content\/uploads\/2013\/09\/IMG_1498-modified.jpg\" width=\"640\" height=\"426\" border=\"0\" \/><\/a><\/div>\n<div class=\"separator\" style=\"clear: both; text-align: center;\"><\/div>\n<div class=\"separator\" style=\"clear: both; text-align: center;\">Removemos bien todos los ingredientes, volcamos en un bol, cubrimos bien, y al frigo para que coja el suficiente fr\u00edo<\/div>\n<div class=\"separator\" style=\"clear: both; text-align: center;\"><\/div>\n<div class=\"separator\" style=\"clear: both; text-align: center;\"><a style=\"margin-left: 1em; margin-right: 1em;\" href=\"http:\/\/1.bp.blogspot.com\/-k_gcVOIeEEI\/UkNjy0Ks00I\/AAAAAAAABmo\/esPucmdCQu4\/s1600\/IMG_1513+modified+modified.jpg\"><img decoding=\"async\" loading=\"lazy\" src=\"https:\/\/elcalaixetdelaiaia.es\/wp-content\/uploads\/2013\/09\/IMG_1513-modified-modified.jpg\" width=\"640\" height=\"436\" border=\"0\" \/><\/a><\/div>\n<div class=\"separator\" style=\"clear: both; text-align: center;\"><\/div>\n<div class=\"separator\" style=\"clear: both; text-align: center;\">Suelo dejarla toda la noche y una vez bien fr\u00eda&#8230;a emplatar<\/div>\n<div class=\"separator\" style=\"clear: both; text-align: center;\"><\/div>\n<div class=\"separator\" style=\"clear: both; text-align: center;\"><a style=\"margin-left: 1em; margin-right: 1em;\" href=\"http:\/\/4.bp.blogspot.com\/-BaV2kcYOP1Q\/UkNjx7AbdRI\/AAAAAAAABmc\/KF1xjdYhu-0\/s1600\/IMG_1518.JPG\"><img decoding=\"async\" loading=\"lazy\" src=\"https:\/\/elcalaixetdelaiaia.es\/wp-content\/uploads\/2013\/09\/IMG_1518.jpg\" width=\"640\" height=\"426\" border=\"0\" \/><\/a><\/div>\n<div class=\"separator\" style=\"clear: both; text-align: center;\"><\/div>\n<div class=\"separator\" style=\"clear: both; text-align: center;\">El resto en un taper de cristal herm\u00e9tico de nuevo a la nevera en espera de formar parte del plato que tengo pensado para ma\u00f1ana.<\/div>\n<div class=\"separator\" style=\"clear: both; text-align: center;\"><\/div>\n<div class=\"separator\" style=\"clear: both; text-align: center;\">\u00abA la taula i&#8230; BON PROFIT!\u00bb<\/div>\n<p>Si te gusta \u00e9sta entrada, comp\u00e1rtela, as\u00ed llegar\u00e1 a mas gente.<\/p>\n<div>Espero tus comentarios que para mi son MUY importantes y recuerda que tambi\u00e9n estoy en Facebook <a href=\"https:\/\/www.facebook.com\/El-calaixet-de-la-iaia-533062140099386\/\">https:\/\/www.facebook.com\/El-calaixet-de-la-iaia-533062140099386\/<\/a><\/div>\n<div>Si quieres recibir mis actualizaciones por mail, al final de \u00e9sta p\u00e1gina a la izquierda tienes como hacer para introducir tu correo electr\u00f3nico y no perderte las actualizaciones de mis recetas \u00a1Gracias!<\/div>\n<\/div>\n","protected":false},"excerpt":{"rendered":"<p>\u00abRefrany;Acabats els bens, acabats els parents\u00bb. Acabados los bienes, acabados los parientes. Ensaladilla Rusa, tambi\u00e9n llamada ensalada Olivier en honor a su creador, un chef franc\u00e9s, afincado en Mosc\u00fa. Hoy no la voy a preparar como la original que llevaba incluso carne de venado, ni como la preparaba mi madre, &hellip; <\/p>\n","protected":false},"author":2,"featured_media":13622,"comment_status":"open","ping_status":"open","sticky":false,"template":"","format":"standard","meta":[],"categories":[1],"tags":[],"_links":{"self":[{"href":"https:\/\/elcalaixetdelaiaia.es\/index.php?rest_route=\/wp\/v2\/posts\/1163"}],"collection":[{"href":"https:\/\/elcalaixetdelaiaia.es\/index.php?rest_route=\/wp\/v2\/posts"}],"about":[{"href":"https:\/\/elcalaixetdelaiaia.es\/index.php?rest_route=\/wp\/v2\/types\/post"}],"author":[{"embeddable":true,"href":"https:\/\/elcalaixetdelaiaia.es\/index.php?rest_route=\/wp\/v2\/users\/2"}],"replies":[{"embeddable":true,"href":"https:\/\/elcalaixetdelaiaia.es\/index.php?rest_route=%2Fwp%2Fv2%2Fcomments&post=1163"}],"version-history":[{"count":4,"href":"https:\/\/elcalaixetdelaiaia.es\/index.php?rest_route=\/wp\/v2\/posts\/1163\/revisions"}],"predecessor-version":[{"id":26428,"href":"https:\/\/elcalaixetdelaiaia.es\/index.php?rest_route=\/wp\/v2\/posts\/1163\/revisions\/26428"}],"wp:featuredmedia":[{"embeddable":true,"href":"https:\/\/elcalaixetdelaiaia.es\/index.php?rest_route=\/wp\/v2\/media\/13622"}],"wp:attachment":[{"href":"https:\/\/elcalaixetdelaiaia.es\/index.php?rest_route=%2Fwp%2Fv2%2Fmedia&parent=1163"}],"wp:term":[{"taxonomy":"category","embeddable":true,"href":"https:\/\/elcalaixetdelaiaia.es\/index.php?rest_route=%2Fwp%2Fv2%2Fcategories&post=1163"},{"taxonomy":"post_tag","embeddable":true,"href":"https:\/\/elcalaixetdelaiaia.es\/index.php?rest_route=%2Fwp%2Fv2%2Ftags&post=1163"}],"curies":[{"name":"wp","href":"https:\/\/api.w.org\/{rel}","templated":true}]}}