{"id":1160,"date":"2013-09-27T22:21:00","date_gmt":"2013-09-27T22:21:00","guid":{"rendered":"http:\/\/elcalaixetdelaiaia.es\/trenza-de-jamon-de-york-y-queso"},"modified":"2017-12-04T18:17:39","modified_gmt":"2017-12-04T18:17:39","slug":"trenza-de-jamon-de-york-y-queso","status":"publish","type":"post","link":"https:\/\/elcalaixetdelaiaia.es\/?p=1160","title":{"rendered":"Trenza de jam\u00f3n de york y queso en porciones paso a paso foto a foto"},"content":{"rendered":"<p><a href=\"http:\/\/3.bp.blogspot.com\/-7A9baVYiaaI\/UkYB0Q6YR4I\/AAAAAAAABoo\/I2L9i49yzeA\/s1600\/IMG_1570+modified.jpg\" imageanchor=\"1\" style=\"clear: left; float: left; margin-bottom: 1em; margin-right: 1em;\"><br \/><\/a><a href=\"http:\/\/3.bp.blogspot.com\/-7A9baVYiaaI\/UkYB0Q6YR4I\/AAAAAAAABoo\/I2L9i49yzeA\/s1600\/IMG_1570+modified.jpg\" imageanchor=\"1\" style=\"clear: left; float: left; margin-bottom: 1em; margin-right: 1em;\"><br \/><\/a><br \/>\n\u00abDel setembre a la tardor, torna la calor\u00bb<br \/>\nDe septiembre al oto\u00f1o, vuelve el calor. <\/p>\n<p>\n\u00abRefrany\u00bbTrena de pernil de york i formatge\u00bb.<\/p>\n<p>Hoy otra cenita r\u00e1pida para comer mientras disfrutamos de una peli , \u00f3 un partido de f\u00fabol.<\/p>\n<div class=\"separator\" style=\"clear: both; text-align: center;\">\n<a href=\"http:\/\/1.bp.blogspot.com\/-7A9baVYiaaI\/UkYB0Q6YR4I\/AAAAAAAABow\/hMAqYRAl8UE\/s1600\/IMG_1570+modified.jpg\" imageanchor=\"1\" style=\"margin-left: 1em; margin-right: 1em;\"><img decoding=\"async\" loading=\"lazy\" border=\"0\" height=\"426\" src=\"https:\/\/elcalaixetdelaiaia.es\/wp-content\/uploads\/2013\/09\/IMG_1570-modified.jpg\" width=\"640\" \/><\/a><\/div>\n<p>Necesitaremos;<\/p>\n<div class=\"separator\" style=\"clear: both; text-align: center;\">\n<a href=\"http:\/\/4.bp.blogspot.com\/-rDSm8B4cqYc\/UkYBpeonWsI\/AAAAAAAABnw\/m3ozdjkgbWg\/s1600\/IMG_1561+modified.jpg\" imageanchor=\"1\" style=\"margin-left: 1em; margin-right: 1em;\"><img decoding=\"async\" loading=\"lazy\" border=\"0\" height=\"426\" src=\"https:\/\/elcalaixetdelaiaia.es\/wp-content\/uploads\/2013\/09\/IMG_1561-modified.jpg\" width=\"640\" \/><\/a><\/div>\n<p><\/p>\n<ol>\n<li>Una placa de masa de hojaldre fresca&nbsp;<\/li>\n<li>Jamon de pavo en rodajas<\/li>\n<li>Quesitos en porciones<\/li>\n<li>1 huevo crudo.<\/li>\n<\/ol>\n<div style=\"text-align: center;\">\nPrecalentamos el horno a 180\u00ba<\/p>\n<div class=\"separator\" style=\"clear: both;\">\n<a href=\"http:\/\/4.bp.blogspot.com\/-eZycIhadqks\/UkYBrOfCB1I\/AAAAAAAABoA\/ulwexuRG2A4\/s1600\/IMG_1564+modified.jpg\" imageanchor=\"1\" style=\"margin-left: 1em; margin-right: 1em;\"><img decoding=\"async\" loading=\"lazy\" border=\"0\" height=\"426\" src=\"https:\/\/elcalaixetdelaiaia.es\/wp-content\/uploads\/2013\/09\/IMG_1564-modified.jpg\" width=\"640\" \/><\/a><\/div>\n<p><\/p>\n<div class=\"separator\" style=\"clear: both;\">\n<\/div>\n<p><\/div>\n<div style=\"text-align: center;\">\nMientras, cortamos la placa de hojaldre (las de Lidl salen muy buenas y baratas)&nbsp;en seis tiras iguales<\/p>\n<div class=\"separator\" style=\"clear: both;\">\n<a href=\"http:\/\/2.bp.blogspot.com\/-s5LN5yn08Qk\/UkYBomkeCKI\/AAAAAAAABn0\/h_wWzW9fM3k\/s1600\/IMG_1563+modified.jpg\" imageanchor=\"1\" style=\"margin-left: 1em; margin-right: 1em;\"><img decoding=\"async\" loading=\"lazy\" border=\"0\" height=\"426\" src=\"https:\/\/elcalaixetdelaiaia.es\/wp-content\/uploads\/2013\/09\/IMG_1563-modified.jpg\" width=\"640\" \/><\/a><\/div>\n<p>Cortamos el york &nbsp;en rodajas y cada rodaja en cuatro porciones y los quesitos por la mitad<\/p>\n<div class=\"separator\" style=\"clear: both;\">\n<a href=\"http:\/\/3.bp.blogspot.com\/-9HL2h1HMkeM\/UkYByNB0kDI\/AAAAAAAABog\/HOo33_I01CA\/s1600\/IMG_1565+modified.jpg\" imageanchor=\"1\" style=\"margin-left: 1em; margin-right: 1em;\"><img decoding=\"async\" loading=\"lazy\" border=\"0\" height=\"420\" src=\"https:\/\/elcalaixetdelaiaia.es\/wp-content\/uploads\/2013\/09\/IMG_1565-modified.jpg\" width=\"640\" \/><\/a><\/div>\n<p><\/div>\n<div style=\"text-align: center;\">\nUnimos Las tiras de tres en tres y pellizcamos al principio para poder trenzar<\/div>\n<div style=\"text-align: center;\">\nEmpezamos confeccionando una trenza e intercalando el jam\u00f3n de york y el quesito en cada cruzado<\/p>\n<div class=\"separator\" style=\"clear: both;\">\n<a href=\"http:\/\/1.bp.blogspot.com\/-eh50WrbAat0\/UkYBss2Cn8I\/AAAAAAAABoI\/ROn7l8PXn40\/s1600\/IMG_1566+modified.jpg\" imageanchor=\"1\" style=\"margin-left: 1em; margin-right: 1em;\"><img decoding=\"async\" loading=\"lazy\" border=\"0\" height=\"426\" src=\"https:\/\/elcalaixetdelaiaia.es\/wp-content\/uploads\/2013\/09\/IMG_1566-modified.jpg\" width=\"640\" \/><\/a><\/div>\n<\/div>\n<div style=\"text-align: center;\">\nUna vez trenzadas, las situamos sobre papel vegetal en una bandeja de horno, \u00f3 en mi caso sobre l\u00e1mina de silicona. Pintamos con el huevo batido y al horno precalentado a 180\u00ba&#8230;unos 25 minutos a media altura Recordad. que cada horno es un mundo, vigilad y controlad el tiempo en el vuestro<\/p>\n<div class=\"separator\" style=\"clear: both;\">\n<a href=\"http:\/\/4.bp.blogspot.com\/-WTHQxhg9c7w\/UkYBvWjYXzI\/AAAAAAAABoQ\/LmUbR1XhxFA\/s1600\/IMG_1567+modified.jpg\" imageanchor=\"1\" style=\"margin-left: 1em; margin-right: 1em;\"><img decoding=\"async\" loading=\"lazy\" border=\"0\" height=\"640\" src=\"https:\/\/elcalaixetdelaiaia.es\/wp-content\/uploads\/2013\/09\/IMG_1567-modified.jpg\" width=\"494\" \/><\/a><\/div>\n<\/div>\n<div style=\"text-align: center;\">\n<\/div>\n<div style=\"text-align: center;\">\nCuando mas inter\u00e9s tienes, mas feas quedan las cosas&#8230;..es la ley de Murphy.<\/p>\n<p><\/p>\n<div class=\"separator\" style=\"clear: both;\">\n<a href=\"http:\/\/2.bp.blogspot.com\/-83p9y9MzxlE\/UkYB0Ic9kZI\/AAAAAAAABos\/b2QrujvGYpI\/s1600\/IMG_1569+modified.jpg\" imageanchor=\"1\" style=\"margin-left: 1em; margin-right: 1em;\"><img decoding=\"async\" loading=\"lazy\" border=\"0\" height=\"426\" src=\"https:\/\/elcalaixetdelaiaia.es\/wp-content\/uploads\/2013\/09\/IMG_1569-modified.jpg\" width=\"640\" \/><\/a><\/div>\n<p>As\u00ed han quedado hoy&#8230;.<\/p>\n<p><\/p>\n<div class=\"separator\" style=\"clear: both;\">\n<a href=\"http:\/\/3.bp.blogspot.com\/-LIRZTBXqmTI\/UkYBwvpT87I\/AAAAAAAABoY\/2oZ3gPtMqgM\/s1600\/IMG_1568+modified.jpg\" imageanchor=\"1\" style=\"margin-left: 1em; margin-right: 1em;\"><img decoding=\"async\" loading=\"lazy\" border=\"0\" height=\"426\" src=\"https:\/\/elcalaixetdelaiaia.es\/wp-content\/uploads\/2013\/09\/IMG_1568-modified.jpg\" width=\"640\" \/><\/a><\/div>\n<\/div>\n<div style=\"text-align: center;\">\n<\/div>\n<div style=\"text-align: center;\">\n\u00abA la taula i&#8230;&#8230;&#8230;BON PROFIT !!!!<br \/>\nSi te gusta \u00e9sta entrada,&nbsp;punt\u00faala&nbsp;con g+1, as\u00ed mucha gente podr\u00e1 disfrutar de esta receta.<\/div>\n","protected":false},"excerpt":{"rendered":"<p>\u00abDel setembre a la tardor, torna la calor\u00bb De septiembre al oto\u00f1o, vuelve el calor. \u00abRefrany\u00bbTrena de pernil de york i formatge\u00bb. Hoy otra cenita r\u00e1pida para comer mientras disfrutamos de una peli , \u00f3 un partido de f\u00fabol. Necesitaremos; Una placa de masa de hojaldre fresca&nbsp; Jamon de pavo &hellip; <\/p>\n","protected":false},"author":2,"featured_media":13605,"comment_status":"open","ping_status":"open","sticky":false,"template":"","format":"standard","meta":[],"categories":[1],"tags":[],"_links":{"self":[{"href":"https:\/\/elcalaixetdelaiaia.es\/index.php?rest_route=\/wp\/v2\/posts\/1160"}],"collection":[{"href":"https:\/\/elcalaixetdelaiaia.es\/index.php?rest_route=\/wp\/v2\/posts"}],"about":[{"href":"https:\/\/elcalaixetdelaiaia.es\/index.php?rest_route=\/wp\/v2\/types\/post"}],"author":[{"embeddable":true,"href":"https:\/\/elcalaixetdelaiaia.es\/index.php?rest_route=\/wp\/v2\/users\/2"}],"replies":[{"embeddable":true,"href":"https:\/\/elcalaixetdelaiaia.es\/index.php?rest_route=%2Fwp%2Fv2%2Fcomments&post=1160"}],"version-history":[{"count":1,"href":"https:\/\/elcalaixetdelaiaia.es\/index.php?rest_route=\/wp\/v2\/posts\/1160\/revisions"}],"predecessor-version":[{"id":13614,"href":"https:\/\/elcalaixetdelaiaia.es\/index.php?rest_route=\/wp\/v2\/posts\/1160\/revisions\/13614"}],"wp:featuredmedia":[{"embeddable":true,"href":"https:\/\/elcalaixetdelaiaia.es\/index.php?rest_route=\/wp\/v2\/media\/13605"}],"wp:attachment":[{"href":"https:\/\/elcalaixetdelaiaia.es\/index.php?rest_route=%2Fwp%2Fv2%2Fmedia&parent=1160"}],"wp:term":[{"taxonomy":"category","embeddable":true,"href":"https:\/\/elcalaixetdelaiaia.es\/index.php?rest_route=%2Fwp%2Fv2%2Fcategories&post=1160"},{"taxonomy":"post_tag","embeddable":true,"href":"https:\/\/elcalaixetdelaiaia.es\/index.php?rest_route=%2Fwp%2Fv2%2Ftags&post=1160"}],"curies":[{"name":"wp","href":"https:\/\/api.w.org\/{rel}","templated":true}]}}