{"id":116,"date":"2017-02-01T07:57:00","date_gmt":"2017-02-01T07:57:00","guid":{"rendered":"http:\/\/elcalaixetdelaiaia.es\/fabada-asturiana-tradicional-paso-paso"},"modified":"2026-02-11T17:37:33","modified_gmt":"2026-02-11T17:37:33","slug":"fabada-asturiana-tradicional-paso-paso","status":"publish","type":"post","link":"https:\/\/elcalaixetdelaiaia.es\/?p=116","title":{"rendered":"Fabada Asturiana tradicional paso a paso foto a foto"},"content":{"rendered":"<p>\u00abRefrany; Pel febrer, un d\u00eda de sol i l&#8217;altre al braser\u00bbPor Febrero, un d\u00eda de sol y el otro al brasero.<\/p>\n<p>Esta es mi receta de la Fabada Asturiana.<\/p>\n<p>Y digo mi receta, aunque es ense\u00f1ada directamente de un asturiano, compa\u00f1ero de trabajo, cuando estuve destinada en el edificio\u00a0 de la Avda. Arag\u00f3n, que por desgracia, ya no existe, nos trasladaron a cada uno a otra distinta, pero mantenemos contacto desde entonces, as\u00ed que si me lees, gracias Pelayo, tu receta tal y como la ha venido haciendo toda tu familia desde que recuerdas.<\/p>\n<p>Me contaba que ni su madre, abuela y t\u00edas le han puesto jam\u00e1s a la fabada que se ha hecho en su casa ni azafr\u00e1n, ni cebolla, ni ajos, ni laurel&#8230; etc. etc. \u00fanicamente, los productos que m\u00e1s abajo os relatar\u00e9.<\/p>\n<div class=\"separator\" style=\"clear: both; text-align: center;\"><a style=\"margin-left: 1em; margin-right: 1em;\" href=\"https:\/\/2.bp.blogspot.com\/-JMkYMaDIlvQ\/WeisdU3z2kI\/AAAAAAAApro\/eKNsYPO02387BW226BFuCzXPN40_fMrUwCLcBGAs\/s1600\/faba.jpg\"><img decoding=\"async\" loading=\"lazy\" src=\"https:\/\/elcalaixetdelaiaia.es\/wp-content\/uploads\/2017\/02\/faba.jpg\" width=\"640\" height=\"384\" border=\"0\" data-original-height=\"384\" data-original-width=\"640\" \/><\/a><\/div>\n<div style=\"text-align: center;\">Supongo que \u00e9sto de la Fabada Asturiana, debe ser como algunos platos regionales y que en cada fog\u00f3n se a\u00f1adir\u00e1 o quitar\u00e1 alg\u00fan que otro ingrediente. Quiero pedir disculpas a los asturianos que puedan leer mi receta, si no se ajusta con fidelidad a la aut\u00e9ntica manera de prepararla, pero as\u00ed es como me la ense\u00f1aron hace muchos a\u00f1os, aunque mis ingredientes no son ni parecidos, porque ellos siempre han usado productos caseros y de primer\u00edsima calidad y \u00e9so es todo un privilegio porque fuera de la tierra, no se encuentran f\u00e1cilmente.<\/div>\n<div class=\"separator\" style=\"clear: both; text-align: center;\"><img decoding=\"async\" loading=\"lazy\" src=\"https:\/\/elcalaixetdelaiaia.es\/wp-content\/uploads\/2017\/02\/2014-04-2414.07.40.jpg\" width=\"640\" height=\"384\" border=\"0\" \/><\/div>\n<div style=\"text-align: center;\"><\/div>\n<div style=\"text-align: center;\">Para hacer una buena fabada, necesitamos tiempo, ya que sus dos horas o dos y media de cocci\u00f3n no nos las quita nadie si las preparamos \u00abal chup chup\u00bb, con amor y paciencia. Despu\u00e9s hay que tener en cuenta el reposo, que ha de ser c\u00f3mo m\u00ednimo de media hora, aunque desde luego \u00e9ste es el tipo de plato que gana much\u00edsimo de un d\u00eda para otro. Por descontado que se puede cocinar en olla expr\u00e9s o r\u00e1pida, pero prefiero dejar \u00e9sta receta para cuando tengo tiempo y hacerla de la manera tradicional, aunque por supuesto coinarla c\u00f3mo pod\u00e1is, si no hay tiempo, no lo hay, y vale la pena comer bien.<\/div>\n<div style=\"text-align: center;\">\u00a0Y sin m\u00e1s dilaci\u00f3n, vamos a la cocina a preparar \u00e9ste contundente y riqu\u00edsimo plato.<\/div>\n<div style=\"text-align: center;\"><\/div>\n<div style=\"text-align: left;\">Para dos comensales necesitaremos;<\/div>\n<div class=\"separator\" style=\"clear: both; text-align: center;\"><img decoding=\"async\" loading=\"lazy\" src=\"https:\/\/elcalaixetdelaiaia.es\/wp-content\/uploads\/2017\/02\/2014-04-2410.24.26.jpg\" width=\"640\" height=\"384\" border=\"0\" \/><\/div>\n<div id=\"social-fixed\" class=\"social-fixed\" style=\"background-color: white; color: #333333; left: -100px; line-height: 24px; position: absolute; top: 0px; width: 100px;\">\n<div class=\"social-fixed-container social-fixed-open\" style=\"border-radius: 6px; height: auto; overflow: visible; top: 50px; transition: all 0.1s linear 0s; width: 100px;\">\n<div class=\"social-fixed-content social-fixed-4\" style=\"height: 208px; padding: 0px 0px 1px 16px;\"><a class=\"btn-ico-twitter\" style=\"background-color: #00acee; background-image: url('http:\/\/img.weblogssl.com\/g\/xataka4\/common\/icons-twitter.png?v=32'); background-position: 50% 50%; background-repeat: no-repeat no-repeat; background-size: 36px auto; border-radius: 4px; color: #c90918; display: block; float: none; height: 36px; margin: 16px 0px; opacity: 0.7; outline: medium none; overflow: hidden; text-decoration: none; text-indent: -1000px; transition: all 350ms ease 0s; width: 40px;\" href=\"https:\/\/twitter.com\/intent\/tweet?url=http:\/\/www.directoalpaladar.com\/p\/25166&amp;text=Receta%20de%20fabada%20asturiana&amp;via=directopaladar\" data-postname=\"receta-de-fabada-asturiana\">Twitter<\/a><a class=\"btn-ico-gplus\" style=\"background-color: #db4d25; background-image: url('http:\/\/img.weblogssl.com\/g\/xataka4\/common\/icons-gplus.png?v=32'); background-position: 50% 50%; background-repeat: no-repeat no-repeat; background-size: 36px auto; border-radius: 4px; color: #c90918; display: block; float: none; height: 36px; margin: 16px 0px; opacity: 0.7; outline: medium none; overflow: hidden; text-decoration: none; text-indent: -1000px; transition: all 350ms ease 0s; width: 40px;\" href=\"https:\/\/plus.google.com\/share?url=http:\/\/www.directoalpaladar.com\/recetas-de-legumbres-y-verduras\/receta-de-fabada-asturiana\" data-postname=\"receta-de-fabada-asturiana\">G +1<\/a><a class=\"share-email-button email-share-button btn-ico-email\" style=\"background-color: #729e54; background-image: url('http:\/\/img.weblogssl.com\/g\/xataka4\/common\/email-share.png?v=32'); background-position: 50% 50%; background-repeat: no-repeat no-repeat; background-size: 24px auto; border-radius: 4px; color: #c90918; display: inline-block; height: 36px; margin-right: 12px; opacity: 0.7; outline: medium none; overflow: hidden; text-decoration: none; text-indent: -1000px; transition: all 350ms ease 0s; width: 40px;\" href=\"http:\/\/www.directoalpaladar.com\/recetas-de-legumbres-y-verduras\/receta-de-fabada-asturiana#\" data-postname=\"receta-de-fabada-asturiana\" data-state=\"closed\" data-target=\".email-share-form\">E-mail<\/a><\/div>\n<\/div>\n<\/div>\n<div style=\"background-color: white; color: #333333; line-height: 24px; margin-top: 20px;\">\n<ol>\n<li>Compagno Asturiano<\/li>\n<li>Aceite de oliva<\/li>\n<li>250g de Fabes de la granja<\/li>\n<li>Agua mineral<\/li>\n<li>Una pizca de sal<\/li>\n<\/ol>\n<div class=\"separator\" style=\"clear: both; text-align: center;\"><img decoding=\"async\" loading=\"lazy\" src=\"https:\/\/elcalaixetdelaiaia.es\/wp-content\/uploads\/2017\/02\/2014-04-2400.43.28.jpg\" width=\"640\" height=\"384\" border=\"0\" \/><\/div>\n<div style=\"text-align: center;\">Pondremos a remojar les fabes con unas\u00a0 doce horas de antelaci\u00f3n, en agua fresca y una pizquita de bicarbonato, que luego eliminaremos enjuagando bien antes de cocinar<\/div>\n<div class=\"separator\" style=\"clear: both; text-align: center;\"><img decoding=\"async\" loading=\"lazy\" src=\"https:\/\/elcalaixetdelaiaia.es\/wp-content\/uploads\/2017\/02\/2014-04-2410.33.25.jpg\" width=\"640\" height=\"384\" border=\"0\" \/><\/div>\n<div style=\"text-align: center;\">Supongo que en la tierra, podr\u00e1 comprarse el compagno en cualquier carnicer\u00eda, pero para los que no vivimos en Asturias, nos tenemos que conformar comprando el compagno que venden preparado, aunque no lleva lac\u00f3n, os recomiendo que si os es posible, le a\u00f1ad\u00e1is un trozo, porque en la receta familiar de mi amigo, si lleva, pero no he podido ir al mercado, y en mi barrio, no he podido encontrar<\/div>\n<div class=\"separator\" style=\"clear: both; text-align: center;\"><img decoding=\"async\" loading=\"lazy\" src=\"https:\/\/elcalaixetdelaiaia.es\/wp-content\/uploads\/2017\/02\/2014-04-2410.32.28.jpg\" width=\"640\" height=\"384\" border=\"0\" \/><\/div>\n<div style=\"text-align: center;\">Pondremos todos los productos en crudo, sin refrito alguno, en primer lugar, pondremos el compagno para que haga de \u00abcolch\u00f3n\u00bb de les fabes<\/div>\n<div class=\"separator\" style=\"clear: both; text-align: center;\"><img decoding=\"async\" loading=\"lazy\" src=\"https:\/\/elcalaixetdelaiaia.es\/wp-content\/uploads\/2017\/02\/2014-04-2410.34.35.jpg\" width=\"640\" height=\"384\" border=\"0\" \/><\/div>\n<div style=\"text-align: center;\">a continuaci\u00f3n a\u00f1adiremos les fabes que han pasado la noche a remojo, bien enjuagadas y escurridas<\/div>\n<div class=\"separator\" style=\"clear: both; text-align: center;\"><img decoding=\"async\" loading=\"lazy\" src=\"https:\/\/elcalaixetdelaiaia.es\/wp-content\/uploads\/2017\/02\/2014-04-2410.36.55.jpg\" width=\"640\" height=\"384\" border=\"0\" \/><\/div>\n<div style=\"text-align: center;\">y a\u00f1adiremos agua hasta cubrir las misma. El agua ha de ser sin sabor a cloro, si en casa sabe a claro habr\u00e1 que filtrarla, o usar agua embotellada<\/div>\n<div class=\"separator\" style=\"clear: both; text-align: center;\"><img decoding=\"async\" loading=\"lazy\" src=\"https:\/\/elcalaixetdelaiaia.es\/wp-content\/uploads\/2017\/02\/2014-04-2410.37.26.jpg\" width=\"640\" height=\"384\" border=\"0\" \/><\/div>\n<div style=\"text-align: center;\">incorporamos un buen chorrit\u00f3n de aceite de oliva en crudo<\/div>\n<div class=\"separator\" style=\"clear: both; text-align: center;\"><img decoding=\"async\" loading=\"lazy\" src=\"https:\/\/elcalaixetdelaiaia.es\/wp-content\/uploads\/2017\/02\/2014-04-2410.38.23.jpg\" width=\"640\" height=\"384\" border=\"0\" \/><\/div>\n<div style=\"text-align: center;\">y como una cucharada sopera de piment\u00f3n de la Vera. Una vez comience a hervir, iremos despumando el caldo, para eliminar las impurezas<\/div>\n<div class=\"separator\" style=\"clear: both; text-align: center;\"><img decoding=\"async\" loading=\"lazy\" src=\"https:\/\/elcalaixetdelaiaia.es\/wp-content\/uploads\/2017\/02\/2014-04-2410.39.57.jpg\" width=\"640\" height=\"384\" border=\"0\" \/><\/div>\n<div style=\"text-align: center;\">Taparemos la cazuela y a fuego m\u00ednimo durante unas dos horas aproximadamente<\/div>\n<div class=\"separator\" style=\"clear: both; text-align: center;\"><img decoding=\"async\" loading=\"lazy\" src=\"https:\/\/elcalaixetdelaiaia.es\/wp-content\/uploads\/2017\/02\/2014-04-2410.40.20.jpg\" width=\"640\" height=\"384\" border=\"0\" \/><\/div>\n<div style=\"text-align: center;\">Si dispon\u00e9is de olla de barro o de hierro, el guiso ya queda insuperable,\u00a0 se me ha roto la de barro y tengo que reponerla en breve y aqu\u00ed en el pueblo me ha desaparecido la de hierro, tengo que reponerlas \u00a1ya! porque la diferencia de sabor es muy notable y cuando en invierno enciendo la estufa de le\u00f1a, procuro cocinar alli, al \u00abchup, chup\u00bb como dec\u00eda mi madre.<\/div>\n<div class=\"separator\" style=\"clear: both; text-align: center;\"><img decoding=\"async\" loading=\"lazy\" src=\"https:\/\/elcalaixetdelaiaia.es\/wp-content\/uploads\/2017\/02\/2014-04-2411.12.34.jpg\" width=\"640\" height=\"384\" border=\"0\" \/><\/div>\n<div style=\"text-align: center;\">De vez en cuando iremos \u00abasustando\u00bb les fabes a\u00f1adiendo poquitos de agua fresca<\/div>\n<div class=\"separator\" style=\"clear: both; text-align: center;\"><img decoding=\"async\" loading=\"lazy\" src=\"https:\/\/elcalaixetdelaiaia.es\/wp-content\/uploads\/2017\/02\/2014-04-2412.02.50.jpg\" width=\"640\" height=\"384\" border=\"0\" \/><\/div>\n<div style=\"text-align: center;\">Es muy importante no remover en ning\u00fan momento el guiso con cuchar\u00f3n alguno, ni similar. Si fuera necesario, removeremos la cazuela completa cogiendo de las asas y con movimientos circulares, les fabes hay que tratarlas con mucho mimo para que no se rompan<\/div>\n<div class=\"separator\" style=\"clear: both; text-align: center;\"><img decoding=\"async\" loading=\"lazy\" src=\"https:\/\/elcalaixetdelaiaia.es\/wp-content\/uploads\/2017\/02\/2014-04-2413.47.58.jpg\" width=\"640\" height=\"384\" border=\"0\" \/><\/div>\n<div style=\"text-align: center;\">a las dos horas y media aproximadamente,probaremos una de les fabes para ver si est\u00e1n en su punto de mantecosidad, si es as\u00ed, rectificaremos de sal en caso necesario y dejaremos reposar como m\u00ednimo, m\u00ednimo media hora, recordad que es un plato que gana much\u00edsimo con el reposo, si lo hac\u00e9is de un d\u00eda para otro mucho mejor<\/div>\n<div style=\"text-align: center;\">\n<div class=\"separator\" style=\"clear: both; text-align: center;\"><img decoding=\"async\" loading=\"lazy\" src=\"https:\/\/elcalaixetdelaiaia.es\/wp-content\/uploads\/2017\/02\/2014-04-2414.01.43.jpg\" width=\"640\" height=\"384\" border=\"0\" \/><\/div>\n<\/div>\n<div style=\"text-align: center;\">A la hora de servir, podemos hacerlo con parte del compagno aparte, y algo troceado para que cada cual se ponga el que quiera<\/div>\n<div style=\"text-align: center;\">\n<div class=\"separator\" style=\"clear: both; text-align: center;\"><img decoding=\"async\" loading=\"lazy\" src=\"https:\/\/elcalaixetdelaiaia.es\/wp-content\/uploads\/2017\/02\/2014-04-2414.06.25.jpg\" width=\"640\" height=\"384\" border=\"0\" \/><\/div>\n<\/div>\n<div style=\"text-align: center;\">o directamente en el guiso<\/div>\n<div class=\"separator\" style=\"clear: both; text-align: center;\"><img decoding=\"async\" loading=\"lazy\" src=\"https:\/\/elcalaixetdelaiaia.es\/wp-content\/uploads\/2017\/02\/2014-04-2414.07.14.jpg\" width=\"640\" height=\"384\" border=\"0\" \/><\/div>\n<div style=\"text-align: center;\">\n<p>seg\u00fan gustos<\/p>\n<div class=\"separator\" style=\"clear: both; text-align: center;\"><a style=\"margin-left: 1em; margin-right: 1em;\" href=\"https:\/\/1.bp.blogspot.com\/-JMkYMaDIlvQ\/WeisdU3z2kI\/AAAAAAAApro\/sxYK1ctLXlIhOqHIwr0xNcrUFFvDNG_8ACEwYBhgL\/s1600\/faba.jpg\"><img decoding=\"async\" loading=\"lazy\" src=\"https:\/\/elcalaixetdelaiaia.es\/wp-content\/uploads\/2017\/02\/faba-1.jpg\" width=\"640\" height=\"384\" border=\"0\" data-original-height=\"384\" data-original-width=\"640\" \/><\/a><\/div>\n<\/div>\n<div style=\"text-align: center;\">Un guiso de cuchara impresionante, al que no se le puede pedir mas.\u00bbA la taula i&#8230; BON PROFIT!!!\u00bb<\/div>\n<div style=\"text-align: center;\">\u00a0Si os gusta mi receta, pod\u00e9is compartirla, para que llegue a m\u00e1s gente.<br \/>\nEspero vuestro comentarios que para mi son MUY importantes y recordad que tambi\u00e9n estoy en Facebook <a href=\"https:\/\/www.facebook.com\/El-calaixet-de-la-iaia-533062140099386\/\">https:\/\/www.facebook.com\/El-calaixet-de-la-iaia-533062140099386\/<\/a><\/div>\n<\/div>\n","protected":false},"excerpt":{"rendered":"<p>\u00abRefrany; Pel febrer, un d\u00eda de sol i l&#8217;altre al braser\u00bbPor Febrero, un d\u00eda de sol y el otro al brasero. Esta es mi receta de la Fabada Asturiana. Y digo mi receta, aunque es ense\u00f1ada directamente de un asturiano, compa\u00f1ero de trabajo, cuando estuve destinada en el edificio\u00a0 de &hellip; <\/p>\n","protected":false},"author":2,"featured_media":2383,"comment_status":"open","ping_status":"open","sticky":false,"template":"","format":"standard","meta":[],"categories":[34,1],"tags":[],"_links":{"self":[{"href":"https:\/\/elcalaixetdelaiaia.es\/index.php?rest_route=\/wp\/v2\/posts\/116"}],"collection":[{"href":"https:\/\/elcalaixetdelaiaia.es\/index.php?rest_route=\/wp\/v2\/posts"}],"about":[{"href":"https:\/\/elcalaixetdelaiaia.es\/index.php?rest_route=\/wp\/v2\/types\/post"}],"author":[{"embeddable":true,"href":"https:\/\/elcalaixetdelaiaia.es\/index.php?rest_route=\/wp\/v2\/users\/2"}],"replies":[{"embeddable":true,"href":"https:\/\/elcalaixetdelaiaia.es\/index.php?rest_route=%2Fwp%2Fv2%2Fcomments&post=116"}],"version-history":[{"count":4,"href":"https:\/\/elcalaixetdelaiaia.es\/index.php?rest_route=\/wp\/v2\/posts\/116\/revisions"}],"predecessor-version":[{"id":28911,"href":"https:\/\/elcalaixetdelaiaia.es\/index.php?rest_route=\/wp\/v2\/posts\/116\/revisions\/28911"}],"wp:featuredmedia":[{"embeddable":true,"href":"https:\/\/elcalaixetdelaiaia.es\/index.php?rest_route=\/wp\/v2\/media\/2383"}],"wp:attachment":[{"href":"https:\/\/elcalaixetdelaiaia.es\/index.php?rest_route=%2Fwp%2Fv2%2Fmedia&parent=116"}],"wp:term":[{"taxonomy":"category","embeddable":true,"href":"https:\/\/elcalaixetdelaiaia.es\/index.php?rest_route=%2Fwp%2Fv2%2Fcategories&post=116"},{"taxonomy":"post_tag","embeddable":true,"href":"https:\/\/elcalaixetdelaiaia.es\/index.php?rest_route=%2Fwp%2Fv2%2Ftags&post=116"}],"curies":[{"name":"wp","href":"https:\/\/api.w.org\/{rel}","templated":true}]}}