{"id":1159,"date":"2013-09-28T23:25:00","date_gmt":"2013-09-28T23:25:00","guid":{"rendered":"http:\/\/elcalaixetdelaiaia.es\/porros-boletus"},"modified":"2017-12-04T18:17:00","modified_gmt":"2017-12-04T18:17:00","slug":"porros-boletus","status":"publish","type":"post","link":"https:\/\/elcalaixetdelaiaia.es\/?p=1159","title":{"rendered":"Boletus  edulis a la plancha con lomo paso a paso foto a foto"},"content":{"rendered":"<p>\u00abRefrany;<br \/>\nLo millor de la tardor; els bolets\u00bb<br \/>\nLo mejor del oto\u00f1o; las setas.<\/p>\n<div>\n<div style=\"text-align: center;\">\n<a href=\"http:\/\/2.bp.blogspot.com\/-oI5guTjxS7U\/UkdZCS0OzeI\/AAAAAAAABqM\/kggxt0g4E1s\/s1600\/IMG_1493+modified.jpg\" style=\"margin-left: 1em; margin-right: 1em;\"><img decoding=\"async\" loading=\"lazy\" border=\"0\" height=\"443\" src=\"https:\/\/elcalaixetdelaiaia.es\/wp-content\/uploads\/2013\/09\/IMG_1493-modified.jpg\" width=\"640\" \/><\/a><\/div>\n<\/div>\n<div>\n<div style=\"text-align: center;\">\n<\/div>\n<div style=\"text-align: center;\">\nEste a\u00f1o, como mi chico no puede ir de momento a recolectarlas, unos<br \/>\nbuen\u00edsimos amigos, (gracias) han tenido el detalle de obsequiarnos con<br \/>\nunos ejemplares de  Porros,como les llamamos en Arag\u00f3n, <\/div>\n<p><\/div>\n<div class=\"separator\" style=\"clear: both; text-align: center;\">\n<a href=\"http:\/\/3.bp.blogspot.com\/-V_XQsCyOaok\/UkdY4lkUC7I\/AAAAAAAABpU\/pYJgjbY8syc\/s1600\/IMG_1480+modified.jpg\" imageanchor=\"1\" style=\"margin-left: 1em; margin-right: 1em;\"><img decoding=\"async\" loading=\"lazy\" border=\"0\" height=\"425\" src=\"https:\/\/elcalaixetdelaiaia.es\/wp-content\/uploads\/2013\/09\/IMG_1480-modified.jpg\" width=\"640\" \/><\/a><\/div>\n<p><\/p>\n<div>\n<div>\ntambi\u00e9n llamados Boletus edulis, y  Boletus pin\u00edcola y que recibe distintos nombres seg\u00fan la zona ;<br \/>\nHongo; Hongo blanco (general); Miguel (Castilla); Hongo rubio (Castilla) ; Fais\u00e1n (Serran\u00eda de Cuenca) ; Calabaza; Macanes en San Zadornil y Valderejo (\u00c1lava); Vascuence: Onddo zuri, Ontoa; Pako (ejemplares peque\u00f1os en Burguete); Onddo zurixa (Bergara); Catal\u00e1n: Sureny; Siureny; Cep; Gallego: Andoa branco; Madeirudo; Viriato.<\/div>\n<div>\n<\/div>\n<div>\nEl sombrero mide hasta 25 cm. de di\u00e1metro y el pie, grueso y panzudo, de 5 a 12 cm. de longitud y hasta 7 cm. de grueso. Los tubos son f\u00e1cilmente separables del sombrero. El pie aparece de color blanco cremoso, decorado con un fino ret\u00edculo blanco, m\u00e1s evidente en la zona superior. Las esporas son amarillentas y la esporada aceitunada.<\/p>\n<p>Se trata de una seta exquisita, su precio es 4 veces superior al de la seta m\u00e1s recogida por los aficionados, el robell\u00f3n o n\u00edscalo. En los \u00faltimos a\u00f1os se viene pagando entre 4 y 10 Euros en funci\u00f3n de la disponibilidad. Se trata de una seta muy apreciada el la alta cocina.<\/p>\n<p>Es una especie que crece en los bosques de pinos desde la primavera al oto\u00f1o. Algunos a\u00f1os es muy abundante, y otros, sin causa aparente no crece. y que admite muy bien la conserva en aceite y vinagre, o secado en l\u00e1minas finas. Algunos la consumen en crudo, aunque hay que ser prudente pues puede resultar indigesta si se ingiere en cantidad.<\/p><\/div>\n<\/div>\n<div>\n<\/div>\n<div>\nLas voy a cocinar de la manera mas simple para que nada enmascare el sublime sabor de \u00e9sta seta, asi que solo necesitaremos;<\/div>\n<div>\n<\/div>\n<div>\n<div class=\"separator\" style=\"clear: both; text-align: center;\">\n<a href=\"http:\/\/3.bp.blogspot.com\/-4M5TyzonzzY\/UkdY83Zu1wI\/AAAAAAAABp0\/FFV5IaU-yVs\/s1600\/IMG_1485+modified.jpg\" imageanchor=\"1\" style=\"margin-left: 1em; margin-right: 1em;\"><img decoding=\"async\" loading=\"lazy\" border=\"0\" height=\"640\" src=\"https:\/\/elcalaixetdelaiaia.es\/wp-content\/uploads\/2013\/09\/IMG_1485-modified.jpg\" width=\"426\" \/><\/a><\/div>\n<\/div>\n<div>\n<ol>\n<li>Porros<\/li>\n<li>Aceite<\/li>\n<li>Sal<\/li>\n<\/ol>\n<div class=\"separator\" style=\"clear: both; text-align: center;\">\n<a href=\"http:\/\/4.bp.blogspot.com\/-8sq_ugPS9gY\/UkdY4GQ_wuI\/AAAAAAAABpc\/NqV42i8RYd8\/s1600\/IMG_1482+modified.jpg\" imageanchor=\"1\" style=\"margin-left: 1em; margin-right: 1em;\"><img decoding=\"async\" loading=\"lazy\" border=\"0\" height=\"426\" src=\"https:\/\/elcalaixetdelaiaia.es\/wp-content\/uploads\/2013\/09\/IMG_1482-modified.jpg\" width=\"640\" \/><\/a><\/div>\n<div>\n<div style=\"text-align: center;\">\n<\/div>\n<\/div>\n<div>\n<div style=\"text-align: center;\">\nPrimero que nada las limpiaremos de tierra. Las setas no se han de poner a remojo, tengo un cepillo especial que solo uso para \u00e9ste menester, as\u00ed que lo humedezco y froto la seta con suavidad, luego una pasada bajo el chorro del agua&#8230;..<\/div>\n<\/div>\n<\/div>\n<div>\n<div style=\"text-align: center;\">\n<\/div>\n<\/div>\n<div class=\"separator\" style=\"clear: both; text-align: center;\">\n<a href=\"http:\/\/2.bp.blogspot.com\/-XuXj9k5zHqA\/UkdY4T7JxTI\/AAAAAAAABpY\/9hkzXfOuzGQ\/s1600\/IMG_1483+modified.jpg\" imageanchor=\"1\" style=\"margin-left: 1em; margin-right: 1em;\"><img decoding=\"async\" loading=\"lazy\" border=\"0\" height=\"426\" src=\"https:\/\/elcalaixetdelaiaia.es\/wp-content\/uploads\/2013\/09\/IMG_1483-modified.jpg\" width=\"640\" \/><\/a><\/div>\n<div>\n<div style=\"text-align: center;\">\n<\/div>\n<\/div>\n<div>\n<div style=\"text-align: center;\">\n..y laminamos<\/div>\n<\/div>\n<div>\n<div style=\"text-align: center;\">\n<\/div>\n<\/div>\n<div class=\"separator\" style=\"clear: both; text-align: center;\">\n<a href=\"http:\/\/3.bp.blogspot.com\/-U9pkydSdVXA\/UkdY8-nEBiI\/AAAAAAAABpw\/jF7LIoHXilI\/s1600\/IMG_1486+modified.jpg\" imageanchor=\"1\" style=\"margin-left: 1em; margin-right: 1em;\"><img decoding=\"async\" loading=\"lazy\" border=\"0\" height=\"426\" src=\"https:\/\/elcalaixetdelaiaia.es\/wp-content\/uploads\/2013\/09\/IMG_1486-modified.jpg\" width=\"640\" \/><\/a><\/div>\n<div>\n<div style=\"text-align: center;\">\n<\/div>\n<\/div>\n<div>\n<div style=\"text-align: center;\">\nAceite de oliva en una sart\u00e9n&nbsp;<\/div>\n<\/div>\n<div>\n<div style=\"text-align: center;\">\n<\/div>\n<\/div>\n<div class=\"separator\" style=\"clear: both; text-align: center;\">\n<a href=\"http:\/\/1.bp.blogspot.com\/-T5918ubFtWY\/UkdY9fvYfTI\/AAAAAAAABp4\/s0sXYrbB-nM\/s1600\/IMG_1488.JPG\" imageanchor=\"1\" style=\"margin-left: 1em; margin-right: 1em;\"><img decoding=\"async\" loading=\"lazy\" border=\"0\" height=\"426\" src=\"https:\/\/elcalaixetdelaiaia.es\/wp-content\/uploads\/2013\/09\/IMG_1488.jpg\" width=\"640\" \/><\/a><\/div>\n<div>\n<div style=\"text-align: center;\">\n<\/div>\n<\/div>\n<div>\n<div style=\"text-align: center;\">\ny doramos a fuego lento<\/div>\n<\/div>\n<div>\n<div style=\"text-align: center;\">\n<\/div>\n<\/div>\n<div class=\"separator\" style=\"clear: both; text-align: center;\">\n<a href=\"http:\/\/3.bp.blogspot.com\/-lUJsDVMjpHY\/UkdZA3XjXvI\/AAAAAAAABqA\/bIac3H7IIjU\/s1600\/IMG_1490+modified+modified.jpg\" imageanchor=\"1\" style=\"margin-left: 1em; margin-right: 1em;\"><img decoding=\"async\" loading=\"lazy\" border=\"0\" height=\"426\" src=\"https:\/\/elcalaixetdelaiaia.es\/wp-content\/uploads\/2013\/09\/IMG_1490-modified-modified.jpg\" width=\"640\" \/><\/a><\/div>\n<div>\n<div style=\"text-align: center;\">\n<\/div>\n<\/div>\n<div>\n<div style=\"text-align: center;\">\nCuando tomen color, a\u00f1adimos sal. Procurad no hacerlas demasiado, porque les pasa como al piment\u00f3n&#8230;si nos pasamos, amargan.<\/div>\n<\/div>\n<div>\n<div style=\"text-align: center;\">\n<\/div>\n<\/div>\n<div class=\"separator\" style=\"clear: both; text-align: center;\">\n<a href=\"http:\/\/2.bp.blogspot.com\/-Jg7jfB4sVUM\/UkdZCdV3XwI\/AAAAAAAABqQ\/W9ojw9z1N4w\/s1600\/IMG_1494+modified.jpg\" imageanchor=\"1\" style=\"margin-left: 1em; margin-right: 1em;\"><img decoding=\"async\" loading=\"lazy\" border=\"0\" height=\"640\" src=\"https:\/\/elcalaixetdelaiaia.es\/wp-content\/uploads\/2013\/09\/IMG_1494-modified.jpg\" width=\"425\" \/><\/a><\/div>\n<div>\n<div style=\"text-align: center;\">\n<\/div>\n<\/div>\n<div>\n<div style=\"text-align: center;\">\nUna guarnici\u00f3n perfecta para un lomo a la plancha&#8230;por ejemplo<\/div>\n<\/div>\n<div>\n<div style=\"text-align: center;\">\n<\/div>\n<\/div>\n<div class=\"separator\" style=\"clear: both; text-align: center;\">\n<a href=\"http:\/\/2.bp.blogspot.com\/-oI5guTjxS7U\/UkdZCS0OzeI\/AAAAAAAABqM\/kggxt0g4E1s\/s1600\/IMG_1493+modified.jpg\" imageanchor=\"1\" style=\"margin-left: 1em; margin-right: 1em;\"><img decoding=\"async\" loading=\"lazy\" border=\"0\" height=\"443\" src=\"https:\/\/elcalaixetdelaiaia.es\/wp-content\/uploads\/2013\/09\/IMG_1493-modified.jpg\" width=\"640\" \/><\/a><\/div>\n<div>\n<div style=\"text-align: center;\">\n<\/div>\n<\/div>\n<div>\n<div style=\"text-align: center;\">\nBON PROFIT !!!<\/div>\n<div style=\"text-align: center;\">\nSi te gusta mi receta puedes clicar en g+1 y compartirla, para que llegue a mas gente.<br \/>\n&nbsp;&nbsp; Espero vuestros comentarios que para mi son MUY importantes y recordad que tambi\u00e9n estoy en Facebook <a href=\"https:\/\/www.facebook.com\/El-calaixet-de-la-iaia-533062140099386\/\">https:\/\/www.facebook.com\/El-calaixet-de-la-iaia-533062140099386\/<\/a><\/div>\n<\/div>\n","protected":false},"excerpt":{"rendered":"<p>\u00abRefrany; Lo millor de la tardor; els bolets\u00bb Lo mejor del oto\u00f1o; las setas. Este a\u00f1o, como mi chico no puede ir de momento a recolectarlas, unos buen\u00edsimos amigos, (gracias) han tenido el detalle de obsequiarnos con unos ejemplares de Porros,como les llamamos en Arag\u00f3n, tambi\u00e9n llamados Boletus edulis, y &hellip; <\/p>\n","protected":false},"author":2,"featured_media":13603,"comment_status":"open","ping_status":"open","sticky":false,"template":"","format":"standard","meta":[],"categories":[12,1,58],"tags":[],"_links":{"self":[{"href":"https:\/\/elcalaixetdelaiaia.es\/index.php?rest_route=\/wp\/v2\/posts\/1159"}],"collection":[{"href":"https:\/\/elcalaixetdelaiaia.es\/index.php?rest_route=\/wp\/v2\/posts"}],"about":[{"href":"https:\/\/elcalaixetdelaiaia.es\/index.php?rest_route=\/wp\/v2\/types\/post"}],"author":[{"embeddable":true,"href":"https:\/\/elcalaixetdelaiaia.es\/index.php?rest_route=\/wp\/v2\/users\/2"}],"replies":[{"embeddable":true,"href":"https:\/\/elcalaixetdelaiaia.es\/index.php?rest_route=%2Fwp%2Fv2%2Fcomments&post=1159"}],"version-history":[{"count":1,"href":"https:\/\/elcalaixetdelaiaia.es\/index.php?rest_route=\/wp\/v2\/posts\/1159\/revisions"}],"predecessor-version":[{"id":13604,"href":"https:\/\/elcalaixetdelaiaia.es\/index.php?rest_route=\/wp\/v2\/posts\/1159\/revisions\/13604"}],"wp:featuredmedia":[{"embeddable":true,"href":"https:\/\/elcalaixetdelaiaia.es\/index.php?rest_route=\/wp\/v2\/media\/13603"}],"wp:attachment":[{"href":"https:\/\/elcalaixetdelaiaia.es\/index.php?rest_route=%2Fwp%2Fv2%2Fmedia&parent=1159"}],"wp:term":[{"taxonomy":"category","embeddable":true,"href":"https:\/\/elcalaixetdelaiaia.es\/index.php?rest_route=%2Fwp%2Fv2%2Fcategories&post=1159"},{"taxonomy":"post_tag","embeddable":true,"href":"https:\/\/elcalaixetdelaiaia.es\/index.php?rest_route=%2Fwp%2Fv2%2Ftags&post=1159"}],"curies":[{"name":"wp","href":"https:\/\/api.w.org\/{rel}","templated":true}]}}