{"id":1158,"date":"2013-09-29T22:43:00","date_gmt":"2013-09-29T22:43:00","guid":{"rendered":"http:\/\/elcalaixetdelaiaia.es\/fidefoi"},"modified":"2020-07-12T11:28:59","modified_gmt":"2020-07-12T11:28:59","slug":"fidefoi","status":"publish","type":"post","link":"https:\/\/elcalaixetdelaiaia.es\/?p=1158","title":{"rendered":"Fide&#8230;foie paso a paso foto a foto"},"content":{"rendered":"<p>\u00abRefrany;<br \/>\nEls fideus fan estar alegre quaranta-huit hores\u00bb<br \/>\nLos fideos hacen estar alegres cuarenta y ocho horas.<\/p>\n<div><\/div>\n<div>FIDE&#8230;.FOIE<br \/>\nHoy os traigo un plato que tuve el gusto de comer por primera vez hace a\u00f1os, en un restaurant de Pinedo, y en el que he hecho mis variantes, ya que no ten\u00eda la receta original y fu\u00ed poniendo, seg\u00fan mi criterio lo que hab\u00eda en casa con tanto \u00e9xito, que as\u00ed la hago siempre y os recomiendo hacerla.<\/div>\n<div>Se trata de una fideu\u00e1&#8230;\u00bbdistinta\u00bb, est\u00e1 hecha con pechuga de pollo, fideos, setas y como colof\u00f3n \u00a0foie.<\/div>\n<div>Mi marido es un setero estupendo, yo le digo que parece que tiene un \u00abradar\u00bb y en temporadas en casa no faltan las setas, en temporadas&#8230;y casi nunca, porque suele deshidratarlas y tengo setas todo el a\u00f1o. Para \u00e9ste plato no recomiendo los n\u00edscalos \u00f3 revollones, porque los he probado y dan a la fideu\u00e1 un sabor excesivamente fuerte. Alguna vez la he cocinado con unas setas de bote, e incluso de cardo y sale buen\u00edsima. La he preparado en el monte a la le\u00f1a y el sabor que le da el humo es magn\u00edfico, como a todas las paellas, carnes, pescados e incluso patatas.<br \/>\nHay quien dice que el foie, sale caro (mas caro sale el marisco) aunque para seis comensales con media lata de 130 gr, es suficiente pues de lo contrario resulta acabando por hacerse \u00abpesada\u00bb, ya que es un plato muy contundente, pero si a\u00fan as\u00ed quer\u00e9is abaratar el plato, pod\u00e9is sustituir el foie por un de pat\u00e9 de cerdo, tengo un amigo que lo hace y dice que sale genial.<\/p>\n<div class=\"separator\" style=\"clear: both; text-align: center;\"><a style=\"margin-left: 1em; margin-right: 1em;\" href=\"http:\/\/3.bp.blogspot.com\/-1kF08KtnWZE\/UkiiNPiLYBI\/AAAAAAAABt0\/pea6RIX5vvo\/s1600\/IMG_1618.JPG\"><img decoding=\"async\" loading=\"lazy\" src=\"https:\/\/elcalaixetdelaiaia.es\/wp-content\/uploads\/2013\/09\/IMG_1618.jpg\" width=\"640\" height=\"426\" border=\"0\" \/><\/a><\/div>\n<p>En \u00e9sta ocasi\u00f3n voy a cocinar la \u00a0fideu\u00e1 para seis, con unas deliciosas y frescas setas de Oto\u00f1o,tambi\u00e9n llamadas C\u00e1ndida, o Leucopaxillus blanco recien traidas del monte por mi chico y fideo\u00a0 del\u00a0n\u00ba 4, otras veces la hago con fideo de fideu\u00e1, aunque me queda un poco grueso para mi gusto, eso si, siempre pasta de calidad y para mi la mejor es Gallo.<\/p>\n<p>Necesitaremos;<\/p>\n<p>&nbsp;<\/p>\n<div class=\"separator\" style=\"clear: both; text-align: center;\"><a style=\"margin-left: 1em; margin-right: 1em;\" href=\"http:\/\/4.bp.blogspot.com\/-PIJYLRuxBJs\/UkihHsqNxoI\/AAAAAAAABqc\/WutBjA4TsQY\/s1600\/IMG_1521+modified.jpg\"><img decoding=\"async\" loading=\"lazy\" src=\"https:\/\/elcalaixetdelaiaia.es\/wp-content\/uploads\/2013\/09\/IMG_1521-modified.jpg\" width=\"426\" height=\"640\" border=\"0\" \/><\/a><\/div>\n<ol>\n<li>Unos cien gramos de fideos del n\u00ba 4 por persona<\/li>\n<li>Dos pechugas de pollo deshuesadas<\/li>\n<li>Medio bote de foie<\/li>\n<li>2 cebollas tiernas<\/li>\n<li>2 tomates maduros<\/li>\n<li>1 diente de ajo<\/li>\n<li>Piment\u00f3n dulce de la vera<\/li>\n<li>Preparado de paella con azafr\u00e1n.<\/li>\n<li>Aceite de oliva<\/li>\n<li>Caldo de pollo, aproximadamente, un litro<\/li>\n<li>Boletus, en \u00e9ste caso setas de oto\u00f1o.<\/li>\n<\/ol>\n<div>\n<p>Si el bolsillo lo permite, recomiendo un pel\u00edn de trufa rallada para la nota final.<\/p>\n<div class=\"separator\" style=\"clear: both; text-align: center;\"><a style=\"margin-left: 1em; margin-right: 1em;\" href=\"http:\/\/2.bp.blogspot.com\/-A63VoIW_nAg\/UkkfkEp-juI\/AAAAAAAABvo\/ochR3cx9g_E\/s1600\/IMG_1602+modified.jpg\"><img decoding=\"async\" loading=\"lazy\" src=\"https:\/\/elcalaixetdelaiaia.es\/wp-content\/uploads\/2013\/09\/IMG_1602-modified.jpg\" width=\"426\" height=\"640\" border=\"0\" \/><\/a><\/div>\n<div style=\"text-align: center;\"><\/div>\n<div style=\"text-align: center;\">\u00a0El caldo de pollo que falta en la foto anterior&#8230;porque estaba haci\u00e9ndose con los huesos de las pechugas y las alas (yo no tiro nada), dos zanahorias, nabo, puerro, apio, chiriv\u00eda, un patatita \u00a0un tomate muy maduro y unas hojas de lechuga. La proporci\u00f3n para la fidefoie ya que el fideo es fino y ha de quedar seco, es del doble de caldo que de fideo o un pel\u00edn menos.<\/div>\n<div style=\"text-align: center;\"><\/div>\n<div class=\"separator\" style=\"clear: both; text-align: center;\"><a style=\"margin-left: 1em; margin-right: 1em;\" href=\"http:\/\/2.bp.blogspot.com\/-0LXs8_bt7Hk\/UkihMHKoJEI\/AAAAAAAABq0\/Cclm4EMiTY4\/s1600\/IMG_1587+modified.jpg\"><img decoding=\"async\" loading=\"lazy\" src=\"https:\/\/elcalaixetdelaiaia.es\/wp-content\/uploads\/2013\/09\/IMG_1587-modified.jpg\" width=\"640\" height=\"426\" border=\"0\" \/><\/a><\/div>\n<div class=\"separator\" style=\"clear: both; text-align: center;\"><\/div>\n<div class=\"separator\" style=\"clear: both; text-align: center;\">Lo primero que hemos de hacer es limpiar las setas de barro y tierra suavemente con un cepillito, y una enjuagada bajo en chorro del agua. Jam\u00e1s dej\u00e9is en remojo las setas porque se estropean.<\/div>\n<div class=\"separator\" style=\"clear: both; text-align: center;\"><\/div>\n<div class=\"separator\" style=\"clear: both; text-align: center;\"><a style=\"margin-left: 1em; margin-right: 1em;\" href=\"http:\/\/2.bp.blogspot.com\/-SbXQ3vs4mz4\/UkihH1uZgjI\/AAAAAAAABqo\/tWptfB-tkl8\/s1600\/IMG_1588+modified.jpg\"><img decoding=\"async\" loading=\"lazy\" src=\"https:\/\/elcalaixetdelaiaia.es\/wp-content\/uploads\/2013\/09\/IMG_1588-modified.jpg\" width=\"640\" height=\"426\" border=\"0\" \/><\/a><\/div>\n<div class=\"separator\" style=\"clear: both; text-align: center;\"><\/div>\n<div style=\"text-align: center;\">Ponemos boca abajo sobre papel de cocina<\/div>\n<div style=\"text-align: center;\"><\/div>\n<div class=\"separator\" style=\"clear: both; text-align: center;\"><a style=\"margin-left: 1em; margin-right: 1em;\" href=\"http:\/\/2.bp.blogspot.com\/-HlzGpZr94k4\/UkihNs9UuyI\/AAAAAAAABrQ\/OIJG-bEjobo\/s1600\/IMG_1589+modified.jpg\"><img decoding=\"async\" loading=\"lazy\" src=\"https:\/\/elcalaixetdelaiaia.es\/wp-content\/uploads\/2013\/09\/IMG_1589-modified.jpg\" width=\"640\" height=\"426\" border=\"0\" \/><\/a><\/div>\n<div style=\"text-align: center;\"><\/div>\n<div style=\"text-align: center;\">y luego boca arriba para que se escurra bien&#8230;.mmmmm que aroma a monte en la cocina&#8230;.<\/div>\n<div style=\"text-align: center;\"><\/div>\n<div class=\"separator\" style=\"clear: both; text-align: center;\"><a style=\"margin-left: 1em; margin-right: 1em;\" href=\"http:\/\/3.bp.blogspot.com\/-lxQaBD3RUR0\/UkihMkmXoiI\/AAAAAAAABq4\/Ak521pTKDw0\/s1600\/IMG_1590+modified.jpg\"><img decoding=\"async\" loading=\"lazy\" src=\"https:\/\/elcalaixetdelaiaia.es\/wp-content\/uploads\/2013\/09\/IMG_1590-modified.jpg\" width=\"640\" height=\"426\" border=\"0\" \/><\/a><\/div>\n<div style=\"text-align: center;\"><\/div>\n<div style=\"text-align: center;\">troceamos y&#8230;<\/div>\n<\/div>\n<div style=\"text-align: center;\">\n<div style=\"text-align: center;\"><\/div>\n<\/div>\n<div style=\"text-align: center;\">\n<div class=\"separator\" style=\"clear: both;\"><a style=\"margin-left: 1em; margin-right: 1em;\" href=\"http:\/\/2.bp.blogspot.com\/-hDP1SJKo4zU\/UkihPnwkSlI\/AAAAAAAABrM\/gARxYnIA8c8\/s1600\/IMG_1591+modified.jpg\"><img decoding=\"async\" loading=\"lazy\" src=\"https:\/\/elcalaixetdelaiaia.es\/wp-content\/uploads\/2013\/09\/IMG_1591-modified.jpg\" width=\"640\" height=\"426\" border=\"0\" \/><\/a><\/div>\n<div style=\"text-align: center;\"><\/div>\n<div style=\"text-align: center;\">reservamos.<\/div>\n<div style=\"text-align: center;\"><\/div>\n<div class=\"separator\" style=\"clear: both;\"><a style=\"margin-left: 1em; margin-right: 1em;\" href=\"http:\/\/2.bp.blogspot.com\/-tpkYsQWljm0\/UkihP-htyRI\/AAAAAAAABrI\/xQG6meXNg00\/s1600\/IMG_1592+modified.jpg\"><img decoding=\"async\" loading=\"lazy\" src=\"https:\/\/elcalaixetdelaiaia.es\/wp-content\/uploads\/2013\/09\/IMG_1592-modified.jpg\" width=\"640\" height=\"426\" border=\"0\" \/><\/a><\/div>\n<div style=\"text-align: center;\"><\/div>\n<div style=\"text-align: center;\">rallamos los tomates (no useis tomate enlatado por favor, cambia much\u00edsimo el sabor), las cebollas y el ajo<\/div>\n<div style=\"text-align: center;\"><\/div>\n<div class=\"separator\" style=\"clear: both;\"><a style=\"margin-left: 1em; margin-right: 1em;\" href=\"http:\/\/3.bp.blogspot.com\/-0pGieKa-G-g\/UkihrfqHqPI\/AAAAAAAABrk\/zHtSEFBCHLs\/s1600\/IMG_1593+modified.jpg\"><img decoding=\"async\" loading=\"lazy\" src=\"https:\/\/elcalaixetdelaiaia.es\/wp-content\/uploads\/2013\/09\/IMG_1593-modified.jpg\" width=\"640\" height=\"426\" border=\"0\" \/><\/a><\/div>\n<div style=\"text-align: center;\"><\/div>\n<div style=\"text-align: center;\">troceamos las pechugas, dej\u00e1ndolas en tama\u00f1o de bocado, este plato lo hago siempre con pechuga deshuesada, queda muy agradable de comer todo, quedando del tipo \u00absenyoret\u00bb, como dec\u00eda mi madre, as\u00ed se come todo \u00ab\u00e0 m\u00f2s red\u00f2\u00bb.<\/div>\n<div style=\"text-align: center;\"><\/div>\n<div class=\"separator\" style=\"clear: both;\"><a style=\"margin-left: 1em; margin-right: 1em;\" href=\"http:\/\/3.bp.blogspot.com\/-yPoh8B76B6I\/Ukihqq76TAI\/AAAAAAAABrc\/H1fSdO0XkEg\/s1600\/IMG_1594+modified.jpg\"><img decoding=\"async\" loading=\"lazy\" src=\"https:\/\/elcalaixetdelaiaia.es\/wp-content\/uploads\/2013\/09\/IMG_1594-modified.jpg\" width=\"640\" height=\"426\" border=\"0\" \/><\/a><\/div>\n<div style=\"text-align: center;\"><\/div>\n<div style=\"text-align: center;\">y ponemos la lata de foie en el congelador, \u00e9sto nos facilitar\u00e9 poder cortar y rallar el foie sin problemas.<\/div>\n<div style=\"text-align: center;\"><\/div>\n<div class=\"separator\" style=\"clear: both;\"><a style=\"margin-left: 1em; margin-right: 1em;\" href=\"http:\/\/2.bp.blogspot.com\/-pUTZypfq6-o\/UkihrQ_lixI\/AAAAAAAABro\/A4oDQLJ5t5Y\/s1600\/IMG_1595+modified.jpg\"><img decoding=\"async\" loading=\"lazy\" src=\"https:\/\/elcalaixetdelaiaia.es\/wp-content\/uploads\/2013\/09\/IMG_1595-modified.jpg\" width=\"640\" height=\"426\" border=\"0\" \/><\/a><\/div>\n<div style=\"text-align: center;\"><\/div>\n<div style=\"text-align: center;\">vertemos aceite de oliva sobre la paella para ponerlo a calentar<\/div>\n<div style=\"text-align: center;\"><\/div>\n<div class=\"separator\" style=\"clear: both;\"><a style=\"margin-left: 1em; margin-right: 1em;\" href=\"http:\/\/4.bp.blogspot.com\/-NAkqTSTG6uw\/Ukihu87k8sI\/AAAAAAAABrw\/9Rjylmn9li8\/s1600\/IMG_1596+modified.jpg\"><img decoding=\"async\" loading=\"lazy\" src=\"https:\/\/elcalaixetdelaiaia.es\/wp-content\/uploads\/2013\/09\/IMG_1596-modified.jpg\" width=\"640\" height=\"426\" border=\"0\" \/><\/a><\/div>\n<div style=\"text-align: center;\"><\/div>\n<div style=\"text-align: center;\">echamos sal y cuanto el aceite est\u00e9 caliente, las pechugas<\/div>\n<div style=\"text-align: center;\"><\/div>\n<div class=\"separator\" style=\"clear: both;\"><a style=\"margin-left: 1em; margin-right: 1em;\" href=\"http:\/\/3.bp.blogspot.com\/-MZRADCpabWc\/Ukihw1LxdwI\/AAAAAAAABr4\/Ks5RFZtnpYI\/s1600\/IMG_1597+modified.jpg\"><img decoding=\"async\" loading=\"lazy\" src=\"https:\/\/elcalaixetdelaiaia.es\/wp-content\/uploads\/2013\/09\/IMG_1597-modified.jpg\" width=\"640\" height=\"426\" border=\"0\" \/><\/a><\/div>\n<div style=\"text-align: center;\"><\/div>\n<div style=\"text-align: center;\">las doramos e incorporamos las cebollas que dejamos pochar lentamente,<\/div>\n<div style=\"text-align: center;\"><\/div>\n<div class=\"separator\" style=\"clear: both;\"><a style=\"margin-left: 1em; margin-right: 1em;\" href=\"http:\/\/2.bp.blogspot.com\/-6vonRyHuF8Q\/UkihxlV738I\/AAAAAAAABsA\/EJbhAQEZWac\/s1600\/IMG_1598+modified.jpg\"><img decoding=\"async\" loading=\"lazy\" src=\"https:\/\/elcalaixetdelaiaia.es\/wp-content\/uploads\/2013\/09\/IMG_1598-modified.jpg\" width=\"640\" height=\"426\" border=\"0\" \/><\/a><\/div>\n<div style=\"text-align: center;\"><\/div>\n<div style=\"text-align: center;\">Una vez pochada,<\/div>\n<div style=\"text-align: center;\"><\/div>\n<div class=\"separator\" style=\"clear: both;\"><a style=\"margin-left: 1em; margin-right: 1em;\" href=\"http:\/\/3.bp.blogspot.com\/-V21JiM1YTAo\/Ukih0vgCJ3I\/AAAAAAAABsI\/3tLqVc-SS5Y\/s1600\/IMG_1599+modified.jpg\"><img decoding=\"async\" loading=\"lazy\" src=\"https:\/\/elcalaixetdelaiaia.es\/wp-content\/uploads\/2013\/09\/IMG_1599-modified.jpg\" width=\"640\" height=\"426\" border=\"0\" \/><\/a><\/div>\n<div style=\"text-align: center;\"><\/div>\n<\/div>\n<div style=\"text-align: center;\">\n<div style=\"text-align: center;\">a\u00f1adimos las setas, damos una vuelta hasta que suelten el aguilla<\/div>\n<\/div>\n<div style=\"text-align: center;\">\n<div style=\"text-align: center;\"><\/div>\n<\/div>\n<div class=\"separator\" style=\"clear: both; text-align: center;\"><a style=\"margin-left: 1em; margin-right: 1em;\" href=\"http:\/\/3.bp.blogspot.com\/-tcXp0GpeV9A\/Ukih2qyGwRI\/AAAAAAAABsU\/0XPRsRUsajc\/s1600\/IMG_1601+modified.jpg\"><img decoding=\"async\" loading=\"lazy\" src=\"https:\/\/elcalaixetdelaiaia.es\/wp-content\/uploads\/2013\/09\/IMG_1601-modified.jpg\" width=\"640\" height=\"426\" border=\"0\" \/><\/a><\/div>\n<div style=\"text-align: center;\">\n<div style=\"text-align: center;\"><\/div>\n<\/div>\n<div style=\"text-align: center;\">\n<div style=\"text-align: center;\">y cuando est\u00e9n fritas, a\u00f1adimos el tomate con el ajo<\/div>\n<\/div>\n<div style=\"text-align: center;\">\n<div style=\"text-align: center;\"><\/div>\n<\/div>\n<div class=\"separator\" style=\"clear: both; text-align: center;\"><a style=\"margin-left: 1em; margin-right: 1em;\" href=\"http:\/\/1.bp.blogspot.com\/-lFrrN68Q6yw\/Ukih5b2wODI\/AAAAAAAABsg\/hGdENg96DPA\/s1600\/IMG_1603+modified.jpg\"><img decoding=\"async\" loading=\"lazy\" src=\"https:\/\/elcalaixetdelaiaia.es\/wp-content\/uploads\/2013\/09\/IMG_1603-modified.jpg\" width=\"640\" height=\"426\" border=\"0\" \/><\/a><\/div>\n<div class=\"separator\" style=\"clear: both; text-align: center;\"><\/div>\n<div class=\"separator\" style=\"clear: both; text-align: center;\">Llega el momento de sofreir el fideo que al contrario que en la fide\u00faa (donde el fideo correcto, adecuado, tradicional y original es el fideo curvo de fideu\u00e1 del n\u00ba 8) aqui es un fideo del n\u00ba4<\/div>\n<div class=\"separator\" style=\"clear: both; text-align: center;\"><\/div>\n<div class=\"separator\" style=\"clear: both; text-align: center;\"><a style=\"margin-left: 1em; margin-right: 1em;\" href=\"http:\/\/2.bp.blogspot.com\/-vM8xJGD-aok\/Ukih7YYyY9I\/AAAAAAAABss\/Upz4PGlguHA\/s1600\/IMG_1604+modified.jpg\"><img decoding=\"async\" loading=\"lazy\" src=\"https:\/\/elcalaixetdelaiaia.es\/wp-content\/uploads\/2013\/09\/IMG_1604-modified.jpg\" width=\"640\" height=\"426\" border=\"0\" \/><\/a><\/div>\n<div class=\"separator\" style=\"clear: both; text-align: center;\"><\/div>\n<div class=\"separator\" style=\"clear: both; text-align: center;\">va tomando \u00e9ste aspecto<\/div>\n<div class=\"separator\" style=\"clear: both; text-align: center;\"><\/div>\n<div class=\"separator\" style=\"clear: both; text-align: center;\"><a style=\"margin-left: 1em; margin-right: 1em;\" href=\"http:\/\/4.bp.blogspot.com\/-JPu8juBNHwU\/Ukih75Xg0jI\/AAAAAAAABsw\/x0DfRxQAH8E\/s1600\/IMG_1605+modified.jpg\"><img decoding=\"async\" loading=\"lazy\" src=\"https:\/\/elcalaixetdelaiaia.es\/wp-content\/uploads\/2013\/09\/IMG_1605-modified.jpg\" width=\"640\" height=\"426\" border=\"0\" \/><\/a><\/div>\n<div class=\"separator\" style=\"clear: both; text-align: center;\"><\/div>\n<div class=\"separator\" style=\"clear: both; text-align: center;\">Llega el turno del piment\u00f3n<\/div>\n<div class=\"separator\" style=\"clear: both; text-align: center;\"><\/div>\n<div class=\"separator\" style=\"clear: both; text-align: center;\"><a style=\"margin-left: 1em; margin-right: 1em;\" href=\"http:\/\/2.bp.blogspot.com\/-bDH1ilXLdCE\/UkiiGf4OQHI\/AAAAAAAABtY\/lpJkaAM_J0I\/s1600\/IMG_1606+modified.jpg\"><img decoding=\"async\" loading=\"lazy\" src=\"https:\/\/elcalaixetdelaiaia.es\/wp-content\/uploads\/2013\/09\/IMG_1606-modified.jpg\" width=\"640\" height=\"426\" border=\"0\" \/><\/a><\/div>\n<div class=\"separator\" style=\"clear: both; text-align: center;\"><\/div>\n<div class=\"separator\" style=\"clear: both; text-align: center;\">y del preparado con azafr\u00e1n, damos unas vueltas<\/div>\n<div class=\"separator\" style=\"clear: both; text-align: center;\"><\/div>\n<div class=\"separator\" style=\"clear: both; text-align: center;\"><a style=\"margin-left: 1em; margin-right: 1em;\" href=\"http:\/\/3.bp.blogspot.com\/-pRLM398E370\/Ukih_boiYFI\/AAAAAAAABs4\/q7Dm8HRUurc\/s1600\/IMG_1607+modified.jpg\"><img decoding=\"async\" loading=\"lazy\" src=\"https:\/\/elcalaixetdelaiaia.es\/wp-content\/uploads\/2013\/09\/IMG_1607-modified.jpg\" width=\"640\" height=\"426\" border=\"0\" \/><\/a><\/div>\n<div class=\"separator\" style=\"clear: both; text-align: center;\"><\/div>\n<div style=\"text-align: center;\">\n<div style=\"text-align: center;\">e incorporamos el caldo de pollo si es posible caliente<\/div>\n<\/div>\n<div style=\"text-align: center;\">\n<div style=\"text-align: center;\"><\/div>\n<\/div>\n<div class=\"separator\" style=\"clear: both; text-align: center;\"><a style=\"margin-left: 1em; margin-right: 1em;\" href=\"http:\/\/3.bp.blogspot.com\/-xceLTqFyPWg\/UkiiASRFkcI\/AAAAAAAABtA\/67ieJqsSQvE\/s1600\/IMG_1610+modified.jpg\"><img decoding=\"async\" loading=\"lazy\" src=\"https:\/\/elcalaixetdelaiaia.es\/wp-content\/uploads\/2013\/09\/IMG_1610-modified.jpg\" width=\"640\" height=\"426\" border=\"0\" \/><\/a><\/div>\n<div style=\"text-align: center;\">\n<div style=\"text-align: center;\"><\/div>\n<\/div>\n<div style=\"text-align: center;\">\n<div style=\"text-align: center;\">a fuego medio<\/div>\n<\/div>\n<div style=\"text-align: center;\">\n<div style=\"text-align: center;\"><\/div>\n<\/div>\n<div class=\"separator\" style=\"clear: both; text-align: center;\"><a style=\"margin-left: 1em; margin-right: 1em;\" href=\"http:\/\/3.bp.blogspot.com\/-WdrsdTDXQ3s\/UkiiDtcaunI\/AAAAAAAABtI\/kHxZDOhoapU\/s1600\/IMG_1613+modified.jpg\"><img decoding=\"async\" loading=\"lazy\" src=\"https:\/\/elcalaixetdelaiaia.es\/wp-content\/uploads\/2013\/09\/IMG_1613-modified.jpg\" width=\"640\" height=\"426\" border=\"0\" \/><\/a><\/div>\n<div style=\"text-align: center;\">\n<div style=\"text-align: center;\"><\/div>\n<\/div>\n<div style=\"text-align: center;\">\n<div style=\"text-align: center;\">a los 15 minutos apenas quedar\u00e1 caldo, sabremos que es el momento del foie porque los fideos empiezan a arquearse hacia arriba<\/div>\n<\/div>\n<div style=\"text-align: center;\">\n<div style=\"text-align: center;\"><\/div>\n<\/div>\n<div class=\"separator\" style=\"clear: both; text-align: center;\"><a style=\"margin-left: 1em; margin-right: 1em;\" href=\"http:\/\/1.bp.blogspot.com\/-skFkTp8eg6c\/UkiiEUXcXUI\/AAAAAAAABtQ\/BoHkwvMddpQ\/s1600\/IMG_1614+modified.jpg\"><img decoding=\"async\" loading=\"lazy\" src=\"https:\/\/elcalaixetdelaiaia.es\/wp-content\/uploads\/2013\/09\/IMG_1614-modified.jpg\" width=\"640\" height=\"426\" border=\"0\" \/><\/a><\/div>\n<div style=\"text-align: center;\">\n<div style=\"text-align: center;\"><\/div>\n<\/div>\n<div style=\"text-align: center;\">\n<div style=\"text-align: center;\">sacamos en ese momento la lata del congelado, cortamos la mitad<\/div>\n<\/div>\n<div style=\"text-align: center;\">\n<div style=\"text-align: center;\"><\/div>\n<\/div>\n<div class=\"separator\" style=\"clear: both; text-align: center;\"><a style=\"margin-left: 1em; margin-right: 1em;\" href=\"http:\/\/1.bp.blogspot.com\/-xA_deRFI9ag\/UkiiILcEyBI\/AAAAAAAABtk\/qJyjpCDKuNA\/s1600\/IMG_1615+modified.jpg\"><img decoding=\"async\" loading=\"lazy\" src=\"https:\/\/elcalaixetdelaiaia.es\/wp-content\/uploads\/2013\/09\/IMG_1615-modified.jpg\" width=\"640\" height=\"426\" border=\"0\" \/><\/a><\/div>\n<div style=\"text-align: center;\">\n<div style=\"text-align: center;\">y con el rallador, lo rallamos mientras cae sobre los fideos<\/div>\n<\/div>\n<div style=\"text-align: center;\">\n<div style=\"text-align: center;\"><\/div>\n<\/div>\n<div class=\"separator\" style=\"clear: both; text-align: center;\"><a style=\"margin-left: 1em; margin-right: 1em;\" href=\"http:\/\/3.bp.blogspot.com\/-AtTJjvLvcqg\/UkiiIw1TL7I\/AAAAAAAABto\/HMUlk6ZBkV4\/s1600\/IMG_1616+modified.jpg\"><img decoding=\"async\" loading=\"lazy\" src=\"https:\/\/elcalaixetdelaiaia.es\/wp-content\/uploads\/2013\/09\/IMG_1616-modified.jpg\" width=\"640\" height=\"426\" border=\"0\" \/><\/a><\/div>\n<div style=\"text-align: center;\">\n<div style=\"text-align: center;\">apagamos el fuego y con el calorcito suave se derrite lentamente el foie<\/div>\n<\/div>\n<div style=\"text-align: center;\">\n<div style=\"text-align: center;\"><\/div>\n<\/div>\n<div class=\"separator\" style=\"clear: both; text-align: center;\"><a style=\"margin-left: 1em; margin-right: 1em;\" href=\"http:\/\/3.bp.blogspot.com\/-f4UBYRD3ap0\/UkiiNAQ-O_I\/AAAAAAAABt8\/SGfKlftBSvc\/s1600\/IMG_1619+modified.jpg\"><img decoding=\"async\" loading=\"lazy\" src=\"https:\/\/elcalaixetdelaiaia.es\/wp-content\/uploads\/2013\/09\/IMG_1619-modified.jpg\" width=\"640\" height=\"406\" border=\"0\" \/><\/a><\/div>\n<div style=\"text-align: center;\">\n<div style=\"text-align: center;\"><\/div>\n<\/div>\n<div style=\"text-align: center;\">\n<div style=\"text-align: center;\">lo acompa\u00f1aremos con un Lambrusco bien fresquito<\/div>\n<\/div>\n<div style=\"text-align: center;\">\n<div style=\"text-align: center;\"><\/div>\n<\/div>\n<div class=\"separator\" style=\"clear: both; text-align: center;\"><a style=\"margin-left: 1em; margin-right: 1em;\" href=\"http:\/\/2.bp.blogspot.com\/-tox86A-rYE4\/UkiiSClINPI\/AAAAAAAABuQ\/vYQYlRzWcqI\/s1600\/IMG_1622.JPG\"><img decoding=\"async\" loading=\"lazy\" src=\"https:\/\/elcalaixetdelaiaia.es\/wp-content\/uploads\/2013\/09\/IMG_1622.jpg\" width=\"640\" height=\"426\" border=\"0\" \/><\/a><\/div>\n<div class=\"separator\" style=\"clear: both; text-align: center;\"><\/div>\n<div class=\"separator\" style=\"clear: both; text-align: center;\">y a disfrutar de un plato exquisito<\/div>\n<div class=\"separator\" style=\"clear: both; text-align: center;\"><\/div>\n<div class=\"separator\" style=\"clear: both; text-align: center;\"><a style=\"margin-left: 1em; margin-right: 1em;\" href=\"http:\/\/4.bp.blogspot.com\/-1FyivoOvR28\/Ukkfl3yz73I\/AAAAAAAABv0\/1HooFprluZ4\/s1600\/IMG_1620+modified.jpg\"><img decoding=\"async\" loading=\"lazy\" src=\"https:\/\/elcalaixetdelaiaia.es\/wp-content\/uploads\/2013\/09\/IMG_1620-modified.jpg\" width=\"448\" height=\"640\" border=\"0\" \/><\/a><\/div>\n<div class=\"separator\" style=\"clear: both; text-align: center;\"><\/div>\n<div class=\"separator\" style=\"clear: both; text-align: center;\">\u00abA la taula i&#8230;BON PROFIT !!!<\/div>\n<div style=\"text-align: center;\">Si te gusta mi receta, puedes compartirla para que llegue a m\u00e1s gente.<br \/>\nEspero tus comentarios y recuerda que tambi\u00e9n estoy en Facebook\u00a0<a href=\"https:\/\/www.facebook.com\/El-calaixet-de-la-iaia-533062140099386\/\">https:\/\/www.facebook.com\/El-calaixet-de-la-iaia-533062140099386\/<\/a><\/div>\n<\/div>\n","protected":false},"excerpt":{"rendered":"<p>\u00abRefrany; Els fideus fan estar alegre quaranta-huit hores\u00bb Los fideos hacen estar alegres cuarenta y ocho horas. FIDE&#8230;.FOIE Hoy os traigo un plato que tuve el gusto de comer por primera vez hace a\u00f1os, en un restaurant de Pinedo, y en el que he hecho mis variantes, ya que no &hellip; <\/p>\n","protected":false},"author":2,"featured_media":13563,"comment_status":"open","ping_status":"open","sticky":false,"template":"","format":"standard","meta":[],"categories":[14,1],"tags":[],"_links":{"self":[{"href":"https:\/\/elcalaixetdelaiaia.es\/index.php?rest_route=\/wp\/v2\/posts\/1158"}],"collection":[{"href":"https:\/\/elcalaixetdelaiaia.es\/index.php?rest_route=\/wp\/v2\/posts"}],"about":[{"href":"https:\/\/elcalaixetdelaiaia.es\/index.php?rest_route=\/wp\/v2\/types\/post"}],"author":[{"embeddable":true,"href":"https:\/\/elcalaixetdelaiaia.es\/index.php?rest_route=\/wp\/v2\/users\/2"}],"replies":[{"embeddable":true,"href":"https:\/\/elcalaixetdelaiaia.es\/index.php?rest_route=%2Fwp%2Fv2%2Fcomments&post=1158"}],"version-history":[{"count":8,"href":"https:\/\/elcalaixetdelaiaia.es\/index.php?rest_route=\/wp\/v2\/posts\/1158\/revisions"}],"predecessor-version":[{"id":22692,"href":"https:\/\/elcalaixetdelaiaia.es\/index.php?rest_route=\/wp\/v2\/posts\/1158\/revisions\/22692"}],"wp:featuredmedia":[{"embeddable":true,"href":"https:\/\/elcalaixetdelaiaia.es\/index.php?rest_route=\/wp\/v2\/media\/13563"}],"wp:attachment":[{"href":"https:\/\/elcalaixetdelaiaia.es\/index.php?rest_route=%2Fwp%2Fv2%2Fmedia&parent=1158"}],"wp:term":[{"taxonomy":"category","embeddable":true,"href":"https:\/\/elcalaixetdelaiaia.es\/index.php?rest_route=%2Fwp%2Fv2%2Fcategories&post=1158"},{"taxonomy":"post_tag","embeddable":true,"href":"https:\/\/elcalaixetdelaiaia.es\/index.php?rest_route=%2Fwp%2Fv2%2Ftags&post=1158"}],"curies":[{"name":"wp","href":"https:\/\/api.w.org\/{rel}","templated":true}]}}