{"id":1157,"date":"2013-09-30T16:20:00","date_gmt":"2013-09-30T16:20:00","guid":{"rendered":"http:\/\/elcalaixetdelaiaia.es\/manzana-asada"},"modified":"2026-04-10T08:57:13","modified_gmt":"2026-04-10T08:57:13","slug":"manzana-asada","status":"publish","type":"post","link":"https:\/\/elcalaixetdelaiaia.es\/?p=1157","title":{"rendered":"Manzana asada paso a paso foto a foto"},"content":{"rendered":"<p>\u00abRefrany; Una poma podrida podrix les altres, incl\u00fas podrix la cistella.\u00bb<br \/>\nUna manzana podrida, pudre las otras, incluso pudre la cesta.<\/p>\n<p>\u00abPoma torr\u00e1\u00bb.<\/p>\n<div style=\"text-align: center;\">\u00a0<a style=\"margin-left: 1em; margin-right: 1em;\" href=\"http:\/\/1.bp.blogspot.com\/-HtSbqGNAwnc\/Ukmh5exti0I\/AAAAAAAABxM\/K5a_QuvLh34\/s1600\/IMG_1575+modified.jpg\"><img decoding=\"async\" loading=\"lazy\" src=\"https:\/\/elcalaixetdelaiaia.es\/wp-content\/uploads\/2013\/09\/IMG_1575-modified.jpg\" width=\"640\" height=\"426\" border=\"0\" \/><\/a><\/div>\n<p>Y para el postre de ayer, despu\u00e9s de la magn\u00edfica fide foie<br \/>\n<a href=\"https:\/\/elcalaixetdelaiaia.es\/fidefoi\">https:\/\/elcalaixetdelaiaia.es\/fidefoi<\/a>, que si no hab\u00e9is visto la receta os recomiendo que pinches en el enlace, la veais y la prepar\u00e9is pues est\u00e1 riqu\u00ediiiiisimaaaa, as\u00e9 unas manzanas de la variedad Golden Delicious.<\/p>\n<div class=\"separator\" style=\"clear: both; text-align: center;\"><a style=\"margin-left: 1em; margin-right: 1em;\" href=\"http:\/\/3.bp.blogspot.com\/-JIFdsdhPrhQ\/UkmhsyFAedI\/AAAAAAAABwI\/p6QctFSNolM\/s1600\/IMG_1558+modified+ok.jpg\"><img decoding=\"async\" loading=\"lazy\" src=\"https:\/\/elcalaixetdelaiaia.es\/wp-content\/uploads\/2013\/09\/IMG_1558-modified-ok.jpg\" width=\"640\" height=\"426\" border=\"0\" \/><\/a><\/div>\n<p>Su nombre, \u201cdeliciosa dorada\u201d, no podr\u00eda ser m\u00e1s adecuado, no s\u00f3lo por su brillante color amarillo sino por ser una de las manzanas m\u00e1s consumidas en todo el mundo. De origen estadounidense, la Golden es una variedad presente en el mercado todo el a\u00f1o, y es perfecta tanto para consumir al natural como para cocinar con ella. De piel fina y textura crujiente, pero con una pulpa suave y dulce, resulta muy arom\u00e1tica en crudo y tambi\u00e9n cocinada. Se oxida menos que otras variedades y soporta muy bien altas temperaturas en el horno.<\/p>\n<div class=\"separator\" style=\"clear: both; text-align: center;\"><a style=\"margin-left: 1em; margin-right: 1em;\" href=\"http:\/\/1.bp.blogspot.com\/-HtSbqGNAwnc\/Ukmh5exti0I\/AAAAAAAABxM\/K5a_QuvLh34\/s1600\/IMG_1575+modified.jpg\"><img decoding=\"async\" loading=\"lazy\" src=\"https:\/\/elcalaixetdelaiaia.es\/wp-content\/uploads\/2013\/09\/IMG_1575-modified.jpg\" width=\"640\" height=\"426\" border=\"0\" \/><\/a><\/div>\n<div>\nY para asar una manzana entera, una de las maneras m\u00e1s sencillas y deliciosas de comer manzana, lo mejor es descorazonarla, rellenarla con un poco de az\u00facar o miel ,un poco de canela, opcionalmente un chorrito de mistela y acompa\u00f1arla por ejemplo con unas frutas del bosque, \u00f3 unos frutos secos. Para evitar que revienten durante el horneado es recomendable practicar una incisi\u00f3n ligera a lo largo de su circunferencia. Cuando los jugos burbujeen y nos embriague su dulce olor, estar\u00e1n a punto para disfrutar de esta reina del oto\u00f1o.<\/div>\n<div>Necesitaremos;<\/div>\n<div><\/div>\n<div class=\"separator\" style=\"clear: both; text-align: center;\"><a style=\"margin-left: 1em; margin-right: 1em;\" href=\"http:\/\/3.bp.blogspot.com\/-xLVj1kDOgM8\/Ukmhs1Jv_UI\/AAAAAAAABwQ\/6njR_InAodc\/s1600\/IMG_1557+modified+ok.jpg\"><img decoding=\"async\" loading=\"lazy\" src=\"https:\/\/elcalaixetdelaiaia.es\/wp-content\/uploads\/2013\/09\/IMG_1557-modified-ok.jpg\" width=\"640\" height=\"426\" border=\"0\" \/><\/a><\/div>\n<ol>\n<li style=\"text-align: left;\">Manzanas Golden<\/li>\n<li style=\"text-align: left;\">Az\u00facar moreno<\/li>\n<li style=\"text-align: left;\">Canela molida<\/li>\n<li style=\"text-align: left;\">Opcionalmente, mistela.<\/li>\n<\/ol>\n<div class=\"separator\" style=\"clear: both; text-align: center;\"><a style=\"margin-left: 1em; margin-right: 1em;\" href=\"http:\/\/4.bp.blogspot.com\/-tCnrh69bd3k\/UkmhxvXdHhI\/AAAAAAAABwk\/gsqYKX9cx4c\/s1600\/IMG_1571+modified+ok.jpg\"><img decoding=\"async\" loading=\"lazy\" src=\"https:\/\/elcalaixetdelaiaia.es\/wp-content\/uploads\/2013\/09\/IMG_1571-modified-ok.jpg\" width=\"640\" height=\"426\" border=\"0\" \/><\/a><\/div>\n<div style=\"text-align: center;\"><\/div>\n<div style=\"text-align: center;\">Comenzaremos lavando bien las manzanas y preparando el descorazonador, mientras precalentamos el horno a 180\u00ba<\/div>\n<div style=\"text-align: center;\"><\/div>\n<div class=\"separator\" style=\"clear: both; text-align: center;\"><a style=\"margin-left: 1em; margin-right: 1em;\" href=\"http:\/\/3.bp.blogspot.com\/-c_H9XTY_d0k\/Ukmhw1qN_1I\/AAAAAAAABwc\/nMJxpyBrD4w\/s1600\/IMG_1559+modified+ok.jpg\"><img decoding=\"async\" loading=\"lazy\" src=\"https:\/\/elcalaixetdelaiaia.es\/wp-content\/uploads\/2013\/09\/IMG_1559-modified-ok.jpg\" width=\"640\" height=\"426\" border=\"0\" \/><\/a><\/div>\n<div style=\"text-align: center;\">Una vez libres del coraz\u00f3n, esparcir por encima az\u00facar moreno y canela, en un recipiente apto para el horno.<\/div>\n<div style=\"text-align: center;\">Recordad hacer unos cortes a lo largo de su circunferencia, hablando con mi amiga\u00a0 Marga que vino de visita&#8230; olvid\u00e9 hacerlos y se reventaron en el hornearse.<\/div>\n<div style=\"text-align: center;\"><\/div>\n<div class=\"separator\" style=\"clear: both; text-align: center;\"><a style=\"margin-left: 1em; margin-right: 1em;\" href=\"http:\/\/2.bp.blogspot.com\/-uaouOS9PE3k\/Ukmh0QhsWTI\/AAAAAAAABws\/aA5L6TqnRoo\/s1600\/IMG_1562+modified.jpg\"><img decoding=\"async\" loading=\"lazy\" src=\"https:\/\/elcalaixetdelaiaia.es\/wp-content\/uploads\/2013\/09\/IMG_1562-modified.jpg\" width=\"640\" height=\"426\" border=\"0\" \/><\/a><\/div>\n<div style=\"text-align: center;\"><\/div>\n<div style=\"text-align: center;\">tras 40 min de horno a 170\u00ba, \u00e9ste es el resultado<\/div>\n<div style=\"text-align: center;\"><\/div>\n<div class=\"separator\" style=\"clear: both; text-align: center;\"><a style=\"margin-left: 1em; margin-right: 1em;\" href=\"http:\/\/1.bp.blogspot.com\/-3hV0kDdqeck\/Ukmh1a6_4vI\/AAAAAAAABw4\/wiQNmZz2GZQ\/s1600\/IMG_1572+modified.jpg\"><img decoding=\"async\" loading=\"lazy\" src=\"https:\/\/elcalaixetdelaiaia.es\/wp-content\/uploads\/2013\/09\/IMG_1572-modified.jpg\" width=\"640\" height=\"426\" border=\"0\" \/><\/a><\/div>\n<div style=\"text-align: center;\"><\/div>\n<div style=\"text-align: center;\">adornamos hoy con nata montada y unos frutos rojos&#8230;.<\/div>\n<div style=\"text-align: center;\"><\/div>\n<div class=\"separator\" style=\"clear: both; text-align: center;\"><a style=\"margin-left: 1em; margin-right: 1em;\" href=\"http:\/\/1.bp.blogspot.com\/-GqJnWXQFphI\/Ukmh2P1RfjI\/AAAAAAAABw8\/iSNX3_Q6bwE\/s1600\/IMG_1573+modified.jpg\"><img decoding=\"async\" loading=\"lazy\" src=\"https:\/\/elcalaixetdelaiaia.es\/wp-content\/uploads\/2013\/09\/IMG_1573-modified.jpg\" width=\"640\" height=\"426\" border=\"0\" \/><\/a><\/div>\n<div class=\"separator\" style=\"clear: both; text-align: center;\"><\/div>\n<div style=\"text-align: center;\">\u00a0\u00abA la taula\u00bbi&#8230; BON PROFIT !!!<\/div>\n<div style=\"text-align: center;\">Si te gusta mi receta, puedes compartirla para que llegue a m\u00e1s gente.<br \/>\nEspero tus comentarios y recuerda que tambi\u00e9n estoy en Facebook\u00a0<a href=\"https:\/\/www.facebook.com\/El-calaixet-de-la-iaia-533062140099386\/\">https:\/\/www.facebook.com\/El-calaixet-de-la-iaia-533062140099386\/<\/a><\/div>\n","protected":false},"excerpt":{"rendered":"<p>\u00abRefrany; Una poma podrida podrix les altres, incl\u00fas podrix la cistella.\u00bb Una manzana podrida, pudre las otras, incluso pudre la cesta. \u00abPoma torr\u00e1\u00bb. \u00a0 Y para el postre de ayer, despu\u00e9s de la magn\u00edfica fide foie https:\/\/elcalaixetdelaiaia.es\/fidefoi, que si no hab\u00e9is visto la receta os recomiendo que pinches en el &hellip; <\/p>\n","protected":false},"author":2,"featured_media":13555,"comment_status":"open","ping_status":"open","sticky":false,"template":"","format":"standard","meta":[],"categories":[46,1],"tags":[],"_links":{"self":[{"href":"https:\/\/elcalaixetdelaiaia.es\/index.php?rest_route=\/wp\/v2\/posts\/1157"}],"collection":[{"href":"https:\/\/elcalaixetdelaiaia.es\/index.php?rest_route=\/wp\/v2\/posts"}],"about":[{"href":"https:\/\/elcalaixetdelaiaia.es\/index.php?rest_route=\/wp\/v2\/types\/post"}],"author":[{"embeddable":true,"href":"https:\/\/elcalaixetdelaiaia.es\/index.php?rest_route=\/wp\/v2\/users\/2"}],"replies":[{"embeddable":true,"href":"https:\/\/elcalaixetdelaiaia.es\/index.php?rest_route=%2Fwp%2Fv2%2Fcomments&post=1157"}],"version-history":[{"count":4,"href":"https:\/\/elcalaixetdelaiaia.es\/index.php?rest_route=\/wp\/v2\/posts\/1157\/revisions"}],"predecessor-version":[{"id":29620,"href":"https:\/\/elcalaixetdelaiaia.es\/index.php?rest_route=\/wp\/v2\/posts\/1157\/revisions\/29620"}],"wp:featuredmedia":[{"embeddable":true,"href":"https:\/\/elcalaixetdelaiaia.es\/index.php?rest_route=\/wp\/v2\/media\/13555"}],"wp:attachment":[{"href":"https:\/\/elcalaixetdelaiaia.es\/index.php?rest_route=%2Fwp%2Fv2%2Fmedia&parent=1157"}],"wp:term":[{"taxonomy":"category","embeddable":true,"href":"https:\/\/elcalaixetdelaiaia.es\/index.php?rest_route=%2Fwp%2Fv2%2Fcategories&post=1157"},{"taxonomy":"post_tag","embeddable":true,"href":"https:\/\/elcalaixetdelaiaia.es\/index.php?rest_route=%2Fwp%2Fv2%2Ftags&post=1157"}],"curies":[{"name":"wp","href":"https:\/\/api.w.org\/{rel}","templated":true}]}}