{"id":1150,"date":"2013-10-09T11:07:00","date_gmt":"2013-10-09T11:07:00","guid":{"rendered":"http:\/\/elcalaixetdelaiaia.es\/la-sorpresa-dedicado-todos-los-que"},"modified":"2017-12-04T18:14:37","modified_gmt":"2017-12-04T18:14:37","slug":"la-sorpresa-dedicado-todos-los-que","status":"publish","type":"post","link":"https:\/\/elcalaixetdelaiaia.es\/?p=1150","title":{"rendered":"LA SORPRESA: Dedicado a todos los que est\u00e1n lejos."},"content":{"rendered":"<div class=\"separator\" style=\"clear: both; text-align: center;\">\n<a href=\"http:\/\/2.bp.blogspot.com\/-8n2MkGoPBTE\/UlU4lvEkqnI\/AAAAAAAACBA\/1DpE7wazB6U\/s1600\/1234435_626033140750920_1994045529_n.jpg\" imageanchor=\"1\" style=\"margin-left: 1em; margin-right: 1em;\"><img decoding=\"async\" loading=\"lazy\" border=\"0\" height=\"249\" src=\"https:\/\/elcalaixetdelaiaia.es\/wp-content\/uploads\/2013\/10\/1234435_626033140750920_1994045529_n.jpg\" width=\"320\" \/><\/a><\/div>\n<p>\nDedicada a tod@s l@s valencian@s \u00f3 a tod@s aqell@s que os sent\u00eds de \u00abla terreta\u00bb y que hoy, est\u00e1is lejos de casa , en nuestra fiesta. Y \u00a1como no! a todas las familias, que tienen un trocito de coraz\u00f3n a muuuuchos km de aqu\u00ed. Ojal\u00e1 pod\u00e1is regresar pronto, sois realmente admirables.<\/p>\n<p>\n<iframe loading=\"lazy\" allowfullscreen=\"\" frameborder=\"0\" height=\"344\" src=\"\/\/www.youtube.com\/embed\/qxu5W4bj4I8\" width=\"459\"><\/iframe><\/p>\n<p><\/p>\n<div class=\"separator\" style=\"clear: both; text-align: center;\">\n<a href=\"http:\/\/3.bp.blogspot.com\/-pd30AViEOtc\/UlU4dZC1ZAI\/AAAAAAAACA8\/Ehp7CGtQs6I\/s1600\/999999999999999999999999999999.jpg\" imageanchor=\"1\" style=\"margin-left: 1em; margin-right: 1em;\"><img decoding=\"async\" loading=\"lazy\" border=\"0\" height=\"211\" src=\"https:\/\/elcalaixetdelaiaia.es\/wp-content\/uploads\/2013\/10\/999999999999999999999999999999.jpg\" width=\"320\" \/><\/a><\/div>\n<p><\/p>\n","protected":false},"excerpt":{"rendered":"<p>Dedicada a tod@s l@s valencian@s \u00f3 a tod@s aqell@s que os sent\u00eds de \u00abla terreta\u00bb y que hoy, est\u00e1is lejos de casa , en nuestra fiesta. Y \u00a1como no! a todas las familias, que tienen un trocito de coraz\u00f3n a muuuuchos km de aqu\u00ed. Ojal\u00e1 pod\u00e1is regresar pronto, sois realmente &hellip; <\/p>\n","protected":false},"author":2,"featured_media":13453,"comment_status":"open","ping_status":"open","sticky":false,"template":"","format":"standard","meta":[],"categories":[23,1],"tags":[],"_links":{"self":[{"href":"https:\/\/elcalaixetdelaiaia.es\/index.php?rest_route=\/wp\/v2\/posts\/1150"}],"collection":[{"href":"https:\/\/elcalaixetdelaiaia.es\/index.php?rest_route=\/wp\/v2\/posts"}],"about":[{"href":"https:\/\/elcalaixetdelaiaia.es\/index.php?rest_route=\/wp\/v2\/types\/post"}],"author":[{"embeddable":true,"href":"https:\/\/elcalaixetdelaiaia.es\/index.php?rest_route=\/wp\/v2\/users\/2"}],"replies":[{"embeddable":true,"href":"https:\/\/elcalaixetdelaiaia.es\/index.php?rest_route=%2Fwp%2Fv2%2Fcomments&post=1150"}],"version-history":[{"count":1,"href":"https:\/\/elcalaixetdelaiaia.es\/index.php?rest_route=\/wp\/v2\/posts\/1150\/revisions"}],"predecessor-version":[{"id":13455,"href":"https:\/\/elcalaixetdelaiaia.es\/index.php?rest_route=\/wp\/v2\/posts\/1150\/revisions\/13455"}],"wp:featuredmedia":[{"embeddable":true,"href":"https:\/\/elcalaixetdelaiaia.es\/index.php?rest_route=\/wp\/v2\/media\/13453"}],"wp:attachment":[{"href":"https:\/\/elcalaixetdelaiaia.es\/index.php?rest_route=%2Fwp%2Fv2%2Fmedia&parent=1150"}],"wp:term":[{"taxonomy":"category","embeddable":true,"href":"https:\/\/elcalaixetdelaiaia.es\/index.php?rest_route=%2Fwp%2Fv2%2Fcategories&post=1150"},{"taxonomy":"post_tag","embeddable":true,"href":"https:\/\/elcalaixetdelaiaia.es\/index.php?rest_route=%2Fwp%2Fv2%2Ftags&post=1150"}],"curies":[{"name":"wp","href":"https:\/\/api.w.org\/{rel}","templated":true}]}}