{"id":115,"date":"2018-01-27T17:40:58","date_gmt":"2018-01-27T17:40:58","guid":{"rendered":"http:\/\/elcalaixetdelaiaia.es\/?p=115"},"modified":"2024-03-21T10:04:40","modified_gmt":"2024-03-21T10:04:40","slug":"guisado-de-patatas-y-bacalao-al-estilo","status":"publish","type":"post","link":"https:\/\/elcalaixetdelaiaia.es\/?p=115","title":{"rendered":"Guisado de patatas y bacalao al estilo de mi suegra paso a paso foto a foto"},"content":{"rendered":"<p>\u00abRefrany; Acabada la Quaresma, acabat l&#8217;abaetxo\u00bb Terminada la Quaresma, terminado el bacalao.<\/p>\n<p>Mi suegra se llamaba Nieves y por desgracia, no pude pasar con ella mucho tiempo, ya que tristemente falleci\u00f3 joven, cuando yo era casi reci\u00e9n casada y viv\u00edamos fuera, con nuestro hijo recien nacido.<\/p>\n<p>Pocas son las recetas que pudo darme, aunque muchas las saqu\u00e9 por recuerdos de mi marido haciendo, y deshaciendo recetas, poniendo y quitando ingredientes hasta que daba con el punto exacto de c\u00f3mo recordaba, que sab\u00edan las de su madre.<\/p>\n<p>De mi querida suegra, he hablado muy poquito en el blog, a mi marido se le hac\u00eda muy cuesta arriba recordar a sus padres, que se fueron j\u00f3venes y con ocho meses de diferencia, hoy, quisiera hacer un peque\u00f1o homenaje a mi querida y discreta suegra, una enorme MUJER, en todos los sentidos de la palabra, una luchadora y trabajadora del mundo rural.\u00a0 Que grandes nuestras mujeres rurales, cuando no hab\u00eda nevera, ni lavadora&#8230; ni tantos adelantos que tenemos hoy d\u00eda. Ellas si eran graaandes chefs, que sin presupuesto ni medios, alimentaban a sus familias con cuatro cosas de la alacena y el huerto, que satisfac\u00edan los est\u00f3magos realizando verdaderas delicias,<\/p>\n<p><img decoding=\"async\" loading=\"lazy\" class=\"aligncenter size-full wp-image-21596\" src=\"https:\/\/elcalaixetdelaiaia.es\/wp-content\/uploads\/2018\/01\/amasantalartesa.jpg\" alt=\"\" width=\"444\" height=\"315\" srcset=\"https:\/\/elcalaixetdelaiaia.es\/wp-content\/uploads\/2018\/01\/amasantalartesa.jpg 444w, https:\/\/elcalaixetdelaiaia.es\/wp-content\/uploads\/2018\/01\/amasantalartesa-300x213.jpg 300w\" sizes=\"(max-width: 444px) 100vw, 444px\" \/><\/p>\n<p>que amasaban el pan para la semana, lavaban en los lavaderos o el r\u00edo, cuidaban de los numerosos muchichos, se encargaban de coser, remendar y tejer la ropa, haciendo incluso su propia lana, de sus ovejas, en ejercer de comadronas y m\u00e9dicos unas y otras,<\/p>\n<p><img decoding=\"async\" loading=\"lazy\" class=\"size-full wp-image-24924 aligncenter\" src=\"https:\/\/elcalaixetdelaiaia.es\/wp-content\/uploads\/2018\/01\/cocinandoantiguamente.jpg\" alt=\"\" width=\"364\" height=\"265\" srcset=\"https:\/\/elcalaixetdelaiaia.es\/wp-content\/uploads\/2018\/01\/cocinandoantiguamente.jpg 364w, https:\/\/elcalaixetdelaiaia.es\/wp-content\/uploads\/2018\/01\/cocinandoantiguamente-300x218.jpg 300w\" sizes=\"(max-width: 364px) 100vw, 364px\" \/><\/p>\n<p>y todo ello encontrando tiempo, en colaborar con sus maridos, en el trabajo del campo y cuidado del ganado, porque no hab\u00eda mas remedio que trabajar y trabajar, para sobrevivir.<\/p>\n<p style=\"text-align: center;\"><img decoding=\"async\" loading=\"lazy\" class=\"alignnone size-full wp-image-21597\" src=\"https:\/\/elcalaixetdelaiaia.es\/wp-content\/uploads\/2018\/01\/llavant.jpg\" alt=\"\" width=\"400\" height=\"240\" srcset=\"https:\/\/elcalaixetdelaiaia.es\/wp-content\/uploads\/2018\/01\/llavant.jpg 400w, https:\/\/elcalaixetdelaiaia.es\/wp-content\/uploads\/2018\/01\/llavant-300x180.jpg 300w\" sizes=\"(max-width: 400px) 100vw, 400px\" \/><\/p>\n<p>Nieves, ten\u00eda un precioso pelo rojo natural y la cara poblada de pecas. Curiosamente s\u00f3lo uno de su nietos, ha heredado esas caracter\u00edsticas, era muy alta, (varios nietos y alg\u00fan bisnieto, si son as\u00ed) y seg\u00fan contaba, su padre, el abuelo Timoteo era alt\u00edsimo, grande de tama\u00f1o, y grande como ser humano, y muy conocido en la sierra.<\/p>\n<p>Mi querida suegra, era una mujer de sonrisa t\u00edmida y parca en muestras de cari\u00f1o, c\u00f3mo casi todos los aragoneses,\u00a0 pero con un coraz\u00f3n que no le cab\u00eda en el pecho, acostumbrada a pasar mil calamidades en el d\u00eda a d\u00eda, para sacar adelante los suyos, junto a su marido.<\/p>\n<p>Ten\u00eda unas incre\u00edbles manos para la cocina, que tuve la suerte de disfrutar, cuando mi marido se march\u00f3 a Le\u00f3n a hacer el servicio militar. Para encontrarme mas cerca de \u00e9l, y cuando era tan dif\u00edcil hacer llamadas telef\u00f3nicas, ya que tardaban todo un domingo en hacer colas, con el fin de que pudi\u00e9ramos aprovechar esas llamadas, tanto sus padres, como yo, era un ritual dominguero, ir a pasear con mis padres y hermanos primero, y a media ma\u00f1ana, mi padre, con el 600, me acercaba a Monteolivete.<\/p>\n<p><img decoding=\"async\" loading=\"lazy\" class=\"aligncenter wp-image-21595\" src=\"https:\/\/elcalaixetdelaiaia.es\/wp-content\/uploads\/2018\/01\/telefonosogres.jpg\" alt=\"\" width=\"343\" height=\"531\" srcset=\"https:\/\/elcalaixetdelaiaia.es\/wp-content\/uploads\/2018\/01\/telefonosogres.jpg 438w, https:\/\/elcalaixetdelaiaia.es\/wp-content\/uploads\/2018\/01\/telefonosogres-194x300.jpg 194w\" sizes=\"(max-width: 343px) 100vw, 343px\" \/><\/p>\n<p>All\u00ed com\u00eda con mis suegros y alg\u00fan cu\u00f1ado y su familia, algunas veces. Tras la comida, y recoger la mesa y cocina, llegaba el momento de la sobremesa, y mientras bordaba un par de manteles con sus correspondientes servilletas, que aun conservo, entre charlas, y caf\u00e9, sonaba aquel tel\u00e9fono verde colgado en la pared y era la tan ansiada llamada de mi novio, hablaba con sus padres, primero, y luego unos minutos conmigo. A media tarde, mi padre ven\u00eda a recogerme, y nos \u00edbamos a casa de mi t\u00eda Conxeta a merendar y la partida de carta de los mayores, o me acercaba yo a casa, cogiendo dos autobuses antes de que se hiciera de noche, yo era muy jovencita, casi una ni\u00f1a, y corr\u00edan otros tiempos.\u00a0 Durante esos domingos de a\u00f1o y medio, aprend\u00ed a a querer y conocer a mis suegros, compartimos confidencias, cari\u00f1o, historias, discusiones (siempre de buen talante, y mejor final, por supuesto) y algunas recetas, pero otras&#8230; se quedaron sin saber de su boca&#8230;<\/p>\n<p><img decoding=\"async\" loading=\"lazy\" class=\"aligncenter size-large wp-image-15685\" src=\"https:\/\/elcalaixetdelaiaia.es\/wp-content\/uploads\/2018\/01\/IMG_0251a-1024x768.jpg\" alt=\"\" width=\"750\" height=\"563\" srcset=\"https:\/\/elcalaixetdelaiaia.es\/wp-content\/uploads\/2018\/01\/IMG_0251a-1024x768.jpg 1024w, https:\/\/elcalaixetdelaiaia.es\/wp-content\/uploads\/2018\/01\/IMG_0251a-300x225.jpg 300w, https:\/\/elcalaixetdelaiaia.es\/wp-content\/uploads\/2018\/01\/IMG_0251a-768x576.jpg 768w\" sizes=\"(max-width: 750px) 100vw, 750px\" \/><\/p>\n<p>Y \u00e9sta es una de ellas, las patatas con bacalao y huevo de mi suegra y que a mi marido le encantaban, bueno, a mi marido y a cualquiera que las prueba porque es un guiso delicioso, \u00e9stas son para dos raciones, la receta la ten\u00eda pendiente, como tantas y tantas, y hoy 5 de Mayo del 2020, la quiero publicar en honor a mi querida suegra, Nieves, a quien echo mucho de menos, aunque viv\u00ed pocos a\u00f1os con ellos, fueron intensos en tiempo.<\/p>\n<p>Se trata de un plato que se hac\u00eda mucho en los fogones de casa de mi marido, un plato t\u00edpico de la sierra de Albarrac\u00edn, donde era muy complicado consumir pescado fresco y los platos de cuchara, eran muy necesarios para combatir el fr\u00edo. Estas patatas, son otra joya de la gastronom\u00eda de la Comarca de Sierra de Albarrac\u00edn, las patatas aragonesas son especiales, (tambi\u00e9n son conocidas como \u00abpatatas agrias\u00bb), en textura y en sabor, ese sabor que da la tierra aragonesa.<\/p>\n<p>Esta receta se qued\u00f3 sin publicar hace tres a\u00f1os y tres meses, y fue el \u00faltimo plato, que pude cocinarle a mi marido, cuando me he hecho el \u00e1nimo de publicarlo, faltaba la foto de los ingredientes. Estos d\u00edas de confinamiento, so\u00f1aba con hacer esta receta, para publicarla por fin, en recuerdo de mis suegros y mi marido. Ser\u00e1 la primera ve que prepare este plato para mi sola.<\/p>\n<p>Me ha sido dif\u00edcil encontrar quien me pudiera enviar comida, no estoy pasando hambre&#8230; pero si me es imposible conseguir much\u00edsimos productos de alimentaci\u00f3n, y aunque me hubiera gustado compartirla en semana santa, me ha sido imposible, al final he podido conseguir algunos ingredientes (aunque no son los que tocan, ya os lo explico mas abajo)\u00a0 y\u00a0 aqu\u00ed est\u00e1 la receta, una receta MUY especial para mi, en memoria de los tres&#8230;<\/p>\n<p>Necesitaremos para dos;<\/p>\n<p><img decoding=\"async\" loading=\"lazy\" class=\"aligncenter size-large wp-image-21594\" src=\"https:\/\/elcalaixetdelaiaia.es\/wp-content\/uploads\/2018\/01\/IMG_20200503_175752-1024x768.jpg\" alt=\"\" width=\"750\" height=\"563\" srcset=\"https:\/\/elcalaixetdelaiaia.es\/wp-content\/uploads\/2018\/01\/IMG_20200503_175752-1024x768.jpg 1024w, https:\/\/elcalaixetdelaiaia.es\/wp-content\/uploads\/2018\/01\/IMG_20200503_175752-300x225.jpg 300w, https:\/\/elcalaixetdelaiaia.es\/wp-content\/uploads\/2018\/01\/IMG_20200503_175752-768x576.jpg 768w, https:\/\/elcalaixetdelaiaia.es\/wp-content\/uploads\/2018\/01\/IMG_20200503_175752-1536x1152.jpg 1536w, https:\/\/elcalaixetdelaiaia.es\/wp-content\/uploads\/2018\/01\/IMG_20200503_175752-2048x1536.jpg 2048w\" sizes=\"(max-width: 750px) 100vw, 750px\" \/><\/p>\n<ol>\n<li>Cuatro trozos hermosos de bacalao desalado<\/li>\n<li>Harina<\/li>\n<li>Un tomate maduro<\/li>\n<li>Una cebolleta<\/li>\n<li>Medio pimiento rojo<\/li>\n<li>Medio pimiento verde<\/li>\n<li class=\"asset-recipe-list-item m-is-ingr\"><span class=\"asset-recipe-ingr-name\">Dos huevos de granja<\/span><abbr title=\"\"><\/abbr><\/li>\n<li class=\"asset-recipe-list-item m-is-ingr m-no-amount\"><span class=\"asset-recipe-ingr-name\">Aceite de oliva<\/span><\/li>\n<li class=\"asset-recipe-list-item m-is-ingr m-no-amount\"><span class=\"asset-recipe-ingr-name\">Un diente de ajo<\/span><\/li>\n<li class=\"asset-recipe-list-item m-is-ingr\"><span class=\"asset-recipe-ingr-name\">Medio vasito de vino blanco<\/span><abbr title=\"\"><\/abbr><\/li>\n<li>Fondo de pescado<\/li>\n<li>Un poquito de piment\u00f3n de la Vera<\/li>\n<li>Azafr\u00e1n natural, tostado y molido<\/li>\n<li class=\"asset-recipe-list-item m-is-ingr m-no-amount\"><span class=\"asset-recipe-ingr-name\">Perejil fresco <\/span><\/li>\n<li class=\"asset-recipe-list-item m-is-ingr m-no-amount\"><span class=\"asset-recipe-ingr-name\">Sal y pimienta<br \/>\n<\/span><\/li>\n<\/ol>\n<p>Esos son los ingredientes que pongo habitualmente, pero debido al confinamiento, el bacalao que he conseguido es congelado, y hace casi tres meses que no veo a mi hijo y nietas y no tengo huevos de casa, de los que ellos cr\u00edan al sol y sacan a pasear por el monte y la hierba. Pero os pongo el paso a paso de como lo ten\u00e9is que hacer con el bacalao salado, que es como toca.<\/p>\n<p>Tambi\u00e9n tengo que deciros que dudo mucho que mi suegra, pusiera ning\u00fan fondo de pescado, ya que en el pueblo y en aquellos tiempos, era imposible conseguir pescado, de hecho el consumo de bacalao salado era para suplir la falta del mismo, al igual que el vino blanco&#8230; no creo que lo tuvieran muy a mano, el tinto si, pero el blanco, no. De todas formas, yo lo a\u00f1ado de siempre al plato y a mi marido le encantaba as\u00ed y dec\u00eda que era muy muy parecido al de su madre, por tanto, siempre, lo cocin\u00e9 igual, exactamente igual que os digo.<\/p>\n<div><a href=\"https:\/\/i0.wp.com\/2.bp.blogspot.com\/-OU41_xiaiNY\/UxkM024pXsI\/AAAAAAAAGJ0\/QqS1_BmWGBk\/s1600\/SAM_4988.JPG\"><img decoding=\"async\" loading=\"lazy\" class=\"aligncenter\" src=\"https:\/\/i0.wp.com\/elcalaixetdelaiaia.es\/wp-content\/uploads\/2015\/04\/SAM_4988.jpg?resize=640%2C480\" width=\"640\" height=\"480\" border=\"0\" \/><\/a><\/div>\n<div style=\"text-align: center;\">Como todos los platos con bacalao en salaz\u00f3n, hemos de empezar la preparaci\u00f3n unas 24 horas antes,<\/div>\n<div class=\"separator\"><a href=\"https:\/\/i0.wp.com\/2.bp.blogspot.com\/-_tSO0Szh32o\/U0q3IhD0wyI\/AAAAAAAAIIE\/Q7-QCtKTkZI\/s1600\/SAM_0591.JPG\"><img decoding=\"async\" loading=\"lazy\" class=\"aligncenter\" src=\"https:\/\/i1.wp.com\/elcalaixetdelaiaia.es\/wp-content\/uploads\/2015\/04\/SAM_0591.jpg?resize=640%2C480\" width=\"640\" height=\"480\" border=\"0\" \/><\/a><\/div>\n<div class=\"separator\" style=\"text-align: center;\">pondremos el bacalao bajo el grifo con chorro del agua fresca y enjuagaremos a conciencia<\/div>\n<div class=\"separator\"><a href=\"https:\/\/i0.wp.com\/3.bp.blogspot.com\/-nyO3_HbsgCI\/U0q3Il3iI2I\/AAAAAAAAIH8\/w1ASBe8K_Aw\/s1600\/SAM_0592.JPG\"><img decoding=\"async\" loading=\"lazy\" class=\"aligncenter\" src=\"https:\/\/i1.wp.com\/elcalaixetdelaiaia.es\/wp-content\/uploads\/2015\/04\/SAM_0592.jpg?resize=640%2C484\" width=\"640\" height=\"484\" border=\"0\" \/><\/a><\/div>\n<div class=\"separator\">Lo cubriremos con agua, con un volumen de agua aproximado de tres veces el del bacalao y dejaremos en la nevera toda la noche, sobretodo si es en verano o \u00e9poca de calor<\/div>\n<div class=\"separator\"><a href=\"https:\/\/i1.wp.com\/1.bp.blogspot.com\/-bU5BDyETLhE\/U0q3IpCn6fI\/AAAAAAAAIIA\/ct9Y8Yz2rcY\/s1600\/SAM_0593.JPG\"><img decoding=\"async\" loading=\"lazy\" class=\"aligncenter\" src=\"https:\/\/i1.wp.com\/elcalaixetdelaiaia.es\/wp-content\/uploads\/2015\/04\/SAM_0593.jpg?resize=640%2C480\" width=\"640\" height=\"480\" border=\"0\" \/><\/a><\/div>\n<div class=\"separator\">Al d\u00eda siguiente haremos tres cambios de agua, dejando un par de horas entre cambio y cambio mas o menos<\/div>\n<div class=\"separator\" style=\"text-align: center;\"><a href=\"https:\/\/i0.wp.com\/1.bp.blogspot.com\/-qRt0mLr3MDY\/U0q3L7O4HHI\/AAAAAAAAIIU\/axeUDJkdVZw\/s1600\/SAM_0596.JPG\"><img decoding=\"async\" loading=\"lazy\" class=\"aligncenter\" src=\"https:\/\/i1.wp.com\/elcalaixetdelaiaia.es\/wp-content\/uploads\/2015\/04\/SAM_0596.jpg?resize=640%2C480\" width=\"658\" height=\"494\" border=\"0\" \/><\/a><\/div>\n<div class=\"separator\" style=\"text-align: left;\">En el momento de cocinar lo escurriremos y lo tendremos listo, mirad como ha aumentado la molla. Me gusta dejarlo despu\u00e9s del ultimo enjuagado y escurrrido unas tres horas aproximadamente.<\/div>\n<div><img decoding=\"async\" loading=\"lazy\" class=\"aligncenter wp-image-21608\" src=\"https:\/\/elcalaixetdelaiaia.es\/wp-content\/uploads\/2018\/01\/IMG_20200504_132241-1024x768.jpg\" alt=\"\" width=\"727\" height=\"546\" srcset=\"https:\/\/elcalaixetdelaiaia.es\/wp-content\/uploads\/2018\/01\/IMG_20200504_132241-1024x768.jpg 1024w, https:\/\/elcalaixetdelaiaia.es\/wp-content\/uploads\/2018\/01\/IMG_20200504_132241-300x225.jpg 300w, https:\/\/elcalaixetdelaiaia.es\/wp-content\/uploads\/2018\/01\/IMG_20200504_132241-768x576.jpg 768w, https:\/\/elcalaixetdelaiaia.es\/wp-content\/uploads\/2018\/01\/IMG_20200504_132241-1536x1152.jpg 1536w, https:\/\/elcalaixetdelaiaia.es\/wp-content\/uploads\/2018\/01\/IMG_20200504_132241-2048x1536.jpg 2048w\" sizes=\"(max-width: 727px) 100vw, 727px\" \/><\/div>\n<div style=\"text-align: left;\">Mientras reposa el bacalao, iremos preparando lo necesario para el sofrito, as\u00ed que pelamos y troceamos la cebolleta, y el ajo, y reservamos. Pelamos el tomate y troceamos y lo mismo con el pimiento rojo y el verde.<\/div>\n<div><img decoding=\"async\" loading=\"lazy\" class=\"aligncenter wp-image-21609\" src=\"https:\/\/elcalaixetdelaiaia.es\/wp-content\/uploads\/2018\/01\/IMG_20200504_133051-1024x768.jpg\" alt=\"\" width=\"730\" height=\"548\" srcset=\"https:\/\/elcalaixetdelaiaia.es\/wp-content\/uploads\/2018\/01\/IMG_20200504_133051-1024x768.jpg 1024w, https:\/\/elcalaixetdelaiaia.es\/wp-content\/uploads\/2018\/01\/IMG_20200504_133051-300x225.jpg 300w, https:\/\/elcalaixetdelaiaia.es\/wp-content\/uploads\/2018\/01\/IMG_20200504_133051-768x576.jpg 768w, https:\/\/elcalaixetdelaiaia.es\/wp-content\/uploads\/2018\/01\/IMG_20200504_133051-1536x1152.jpg 1536w, https:\/\/elcalaixetdelaiaia.es\/wp-content\/uploads\/2018\/01\/IMG_20200504_133051-2048x1536.jpg 2048w\" sizes=\"(max-width: 730px) 100vw, 730px\" \/><\/div>\n<div style=\"text-align: center;\">\u00a0En todos los guisados con patata, me gusta chascarlas, de tal manera que al cocerse, sueltan mas el almid\u00f3n y consiguen engordar el caldo, haci\u00e9ndolo mas espesito y rico, pelamos la patata, introducimos el cuchillo\u00a0 hasta medio corte y arrancamos o chascamos el resto del trozo de la patata y las dejamos a remojo en agua, para que no se ennegrezcan mientras seguimos con el guiso, y les llega el turno.<\/div>\n<div><img decoding=\"async\" loading=\"lazy\" class=\"aligncenter wp-image-21610\" src=\"https:\/\/elcalaixetdelaiaia.es\/wp-content\/uploads\/2018\/01\/IMG_20200504_132439-1024x768.jpg\" alt=\"\" width=\"739\" height=\"555\" srcset=\"https:\/\/elcalaixetdelaiaia.es\/wp-content\/uploads\/2018\/01\/IMG_20200504_132439-1024x768.jpg 1024w, https:\/\/elcalaixetdelaiaia.es\/wp-content\/uploads\/2018\/01\/IMG_20200504_132439-300x225.jpg 300w, https:\/\/elcalaixetdelaiaia.es\/wp-content\/uploads\/2018\/01\/IMG_20200504_132439-768x576.jpg 768w, https:\/\/elcalaixetdelaiaia.es\/wp-content\/uploads\/2018\/01\/IMG_20200504_132439-1536x1152.jpg 1536w, https:\/\/elcalaixetdelaiaia.es\/wp-content\/uploads\/2018\/01\/IMG_20200504_132439-2048x1536.jpg 2048w\" sizes=\"(max-width: 739px) 100vw, 739px\" \/><\/div>\n<div style=\"text-align: center;\">Pasamos por harina los trozos de bacalao y reservamos.<\/div>\n<div><img decoding=\"async\" loading=\"lazy\" class=\"aligncenter size-large wp-image-21611\" src=\"https:\/\/elcalaixetdelaiaia.es\/wp-content\/uploads\/2018\/01\/IMG_20200504_133932-1024x768.jpg\" alt=\"\" width=\"750\" height=\"563\" srcset=\"https:\/\/elcalaixetdelaiaia.es\/wp-content\/uploads\/2018\/01\/IMG_20200504_133932-1024x768.jpg 1024w, https:\/\/elcalaixetdelaiaia.es\/wp-content\/uploads\/2018\/01\/IMG_20200504_133932-300x225.jpg 300w, https:\/\/elcalaixetdelaiaia.es\/wp-content\/uploads\/2018\/01\/IMG_20200504_133932-768x576.jpg 768w, https:\/\/elcalaixetdelaiaia.es\/wp-content\/uploads\/2018\/01\/IMG_20200504_133932-1536x1152.jpg 1536w, https:\/\/elcalaixetdelaiaia.es\/wp-content\/uploads\/2018\/01\/IMG_20200504_133932-2048x1536.jpg 2048w\" sizes=\"(max-width: 750px) 100vw, 750px\" \/><\/div>\n<div style=\"text-align: center;\">Ponemos el aceite a calentar y en cuanto est\u00e9 listo, doramos los trozos de bacalao, con cuidado que no se quemen. Apartamos del aceite y reservamos en un plato.<\/div>\n<div><img decoding=\"async\" loading=\"lazy\" class=\"aligncenter size-large wp-image-21612\" src=\"https:\/\/elcalaixetdelaiaia.es\/wp-content\/uploads\/2018\/01\/IMG_20200504_134447-1024x768.jpg\" alt=\"\" width=\"750\" height=\"563\" srcset=\"https:\/\/elcalaixetdelaiaia.es\/wp-content\/uploads\/2018\/01\/IMG_20200504_134447-1024x768.jpg 1024w, https:\/\/elcalaixetdelaiaia.es\/wp-content\/uploads\/2018\/01\/IMG_20200504_134447-300x225.jpg 300w, https:\/\/elcalaixetdelaiaia.es\/wp-content\/uploads\/2018\/01\/IMG_20200504_134447-768x576.jpg 768w, https:\/\/elcalaixetdelaiaia.es\/wp-content\/uploads\/2018\/01\/IMG_20200504_134447-1536x1152.jpg 1536w, https:\/\/elcalaixetdelaiaia.es\/wp-content\/uploads\/2018\/01\/IMG_20200504_134447-2048x1536.jpg 2048w\" sizes=\"(max-width: 750px) 100vw, 750px\" \/><\/div>\n<div style=\"text-align: center;\">Escurrimos las patatas y las fre\u00edmos un poco en aceite, sin que se hagan demasiado, ya que luego las coceremos con el resto de ingredientes<\/div>\n<div style=\"text-align: center;\"><img decoding=\"async\" loading=\"lazy\" class=\"alignnone size-large wp-image-21613\" src=\"https:\/\/elcalaixetdelaiaia.es\/wp-content\/uploads\/2018\/01\/IMG_20200504_134620-1024x768.jpg\" alt=\"\" width=\"750\" height=\"563\" srcset=\"https:\/\/elcalaixetdelaiaia.es\/wp-content\/uploads\/2018\/01\/IMG_20200504_134620-1024x768.jpg 1024w, https:\/\/elcalaixetdelaiaia.es\/wp-content\/uploads\/2018\/01\/IMG_20200504_134620-300x225.jpg 300w, https:\/\/elcalaixetdelaiaia.es\/wp-content\/uploads\/2018\/01\/IMG_20200504_134620-768x576.jpg 768w, https:\/\/elcalaixetdelaiaia.es\/wp-content\/uploads\/2018\/01\/IMG_20200504_134620-1536x1152.jpg 1536w, https:\/\/elcalaixetdelaiaia.es\/wp-content\/uploads\/2018\/01\/IMG_20200504_134620-2048x1536.jpg 2048w\" sizes=\"(max-width: 750px) 100vw, 750px\" \/><\/div>\n<div style=\"text-align: center;\">Las retiramos y reservamos.<\/div>\n<div style=\"text-align: center;\"><img decoding=\"async\" loading=\"lazy\" class=\"alignnone size-large wp-image-21614\" src=\"https:\/\/elcalaixetdelaiaia.es\/wp-content\/uploads\/2018\/01\/IMG_20200504_134820-1024x768.jpg\" alt=\"\" width=\"750\" height=\"563\" srcset=\"https:\/\/elcalaixetdelaiaia.es\/wp-content\/uploads\/2018\/01\/IMG_20200504_134820-1024x768.jpg 1024w, https:\/\/elcalaixetdelaiaia.es\/wp-content\/uploads\/2018\/01\/IMG_20200504_134820-300x225.jpg 300w, https:\/\/elcalaixetdelaiaia.es\/wp-content\/uploads\/2018\/01\/IMG_20200504_134820-768x576.jpg 768w, https:\/\/elcalaixetdelaiaia.es\/wp-content\/uploads\/2018\/01\/IMG_20200504_134820-1536x1152.jpg 1536w, https:\/\/elcalaixetdelaiaia.es\/wp-content\/uploads\/2018\/01\/IMG_20200504_134820-2048x1536.jpg 2048w\" sizes=\"(max-width: 750px) 100vw, 750px\" \/><\/div>\n<div style=\"text-align: center;\">Hacemos el sofrito\u00a0 primero con la cebolleta y el ajo,\u00a0 dejamos un par de minutos y a\u00f1adimos los pimientos y el tomate,<\/div>\n<div style=\"text-align: center;\"><img decoding=\"async\" loading=\"lazy\" class=\"alignnone size-large wp-image-21615\" src=\"https:\/\/elcalaixetdelaiaia.es\/wp-content\/uploads\/2018\/01\/IMG_20200504_134926-1024x768.jpg\" alt=\"\" width=\"750\" height=\"563\" srcset=\"https:\/\/elcalaixetdelaiaia.es\/wp-content\/uploads\/2018\/01\/IMG_20200504_134926-1024x768.jpg 1024w, https:\/\/elcalaixetdelaiaia.es\/wp-content\/uploads\/2018\/01\/IMG_20200504_134926-300x225.jpg 300w, https:\/\/elcalaixetdelaiaia.es\/wp-content\/uploads\/2018\/01\/IMG_20200504_134926-768x576.jpg 768w, https:\/\/elcalaixetdelaiaia.es\/wp-content\/uploads\/2018\/01\/IMG_20200504_134926-1536x1152.jpg 1536w, https:\/\/elcalaixetdelaiaia.es\/wp-content\/uploads\/2018\/01\/IMG_20200504_134926-2048x1536.jpg 2048w\" sizes=\"(max-width: 750px) 100vw, 750px\" \/><\/div>\n<div style=\"text-align: center;\">pochamos lentamente la verdura<\/div>\n<div style=\"text-align: center;\"><img decoding=\"async\" loading=\"lazy\" class=\"alignnone size-large wp-image-21616\" src=\"https:\/\/elcalaixetdelaiaia.es\/wp-content\/uploads\/2018\/01\/IMG_20200504_135131-1024x768.jpg\" alt=\"\" width=\"750\" height=\"563\" srcset=\"https:\/\/elcalaixetdelaiaia.es\/wp-content\/uploads\/2018\/01\/IMG_20200504_135131-1024x768.jpg 1024w, https:\/\/elcalaixetdelaiaia.es\/wp-content\/uploads\/2018\/01\/IMG_20200504_135131-300x225.jpg 300w, https:\/\/elcalaixetdelaiaia.es\/wp-content\/uploads\/2018\/01\/IMG_20200504_135131-768x576.jpg 768w, https:\/\/elcalaixetdelaiaia.es\/wp-content\/uploads\/2018\/01\/IMG_20200504_135131-1536x1152.jpg 1536w, https:\/\/elcalaixetdelaiaia.es\/wp-content\/uploads\/2018\/01\/IMG_20200504_135131-2048x1536.jpg 2048w\" sizes=\"(max-width: 750px) 100vw, 750px\" \/><\/div>\n<div style=\"text-align: center;\">y por \u00faltimo a\u00f1adimos el tomate, dejamos sofre\u00edr todo hasta que se consuma el ag\u00fcilla que tiene el tomate<\/div>\n<div style=\"text-align: center;\">\n<div class=\"separator\"><a href=\"https:\/\/1.bp.blogspot.com\/-x69Mk5bGsG8\/WYsfv6lwr8I\/AAAAAAAApYA\/L8ia1OIRQncfvZFC8j6fVYQ9zZ6mXg2oACEwYBhgL\/s1600\/IMG_0110.PNG\"><img decoding=\"async\" loading=\"lazy\" class=\"aligncenter\" src=\"https:\/\/elcalaixetdelaiaia.es\/wp-content\/uploads\/2017\/09\/IMG_0110.png\" width=\"719\" height=\"539\" border=\"0\" data-original-height=\"1200\" data-original-width=\"1600\" \/><\/a><\/div>\n<div>Mientras tanto, si el azafr\u00e1n que tenemos no es tostado, procederemos a este paso<\/div>\n<div>El colorante natural lo podemos encontrado tostado y molido, o como en este caso que ser\u00e1 azafr\u00e1n en hebra y que prepararemos de la siguiente manera<\/div>\n<div class=\"separator\"><a href=\"https:\/\/4.bp.blogspot.com\/-Ixy0axYMXfQ\/WYsfyUIi8kI\/AAAAAAAApYA\/SnHp4dV4z5U472rNWYUIce15jbW_ktdJgCEwYBhgL\/s1600\/IMG_0111.PNG\"><img decoding=\"async\" loading=\"lazy\" class=\"aligncenter\" src=\"https:\/\/elcalaixetdelaiaia.es\/wp-content\/uploads\/2017\/09\/IMG_0111.png\" width=\"711\" height=\"533\" border=\"0\" data-original-height=\"1200\" data-original-width=\"1600\" \/><\/a><\/div>\n<div>En un trozo de papel de cocina o servilleta pondremos unas hebras de azafr\u00e1n, doblaremos en cuatro el papel o servilleta y pondremos 15 segundos en el microondas ser\u00e1 suficiente para que queden tostadas, estar\u00e1n listas para triturarlas<\/div>\n<div class=\"separator\"><a href=\"https:\/\/1.bp.blogspot.com\/-Z-ntb_TsTDo\/WYsfgxSddUI\/AAAAAAAApYA\/gxCOKfF3HAog-5fMfeo8FGDs4_QTKpgIgCEwYBhgL\/s1600\/IMG_0108.PNG\"><img decoding=\"async\" loading=\"lazy\" class=\"aligncenter\" src=\"https:\/\/elcalaixetdelaiaia.es\/wp-content\/uploads\/2017\/09\/IMG_0108.png\" width=\"732\" height=\"549\" border=\"0\" data-original-height=\"1200\" data-original-width=\"1600\" \/><\/a><\/div>\n<div style=\"text-align: left;\">cuando saquemos la servilleta del microondas sin desde doblar aplastaremos por ejemplo con una cuchara con el fin de que quede molido el azafr\u00e1n reci\u00e9n tostado, y lo a\u00f1adiremos al guiso, cuando la verdura est\u00e9 tierna,<\/div>\n<div><img decoding=\"async\" loading=\"lazy\" class=\"alignnone size-large wp-image-21622\" src=\"https:\/\/elcalaixetdelaiaia.es\/wp-content\/uploads\/2018\/01\/IMG_20200504_145600-1024x768.jpg\" alt=\"\" width=\"750\" height=\"563\" srcset=\"https:\/\/elcalaixetdelaiaia.es\/wp-content\/uploads\/2018\/01\/IMG_20200504_145600-1024x768.jpg 1024w, https:\/\/elcalaixetdelaiaia.es\/wp-content\/uploads\/2018\/01\/IMG_20200504_145600-300x225.jpg 300w, https:\/\/elcalaixetdelaiaia.es\/wp-content\/uploads\/2018\/01\/IMG_20200504_145600-768x576.jpg 768w, https:\/\/elcalaixetdelaiaia.es\/wp-content\/uploads\/2018\/01\/IMG_20200504_145600-1536x1152.jpg 1536w, https:\/\/elcalaixetdelaiaia.es\/wp-content\/uploads\/2018\/01\/IMG_20200504_145600-2048x1536.jpg 2048w\" sizes=\"(max-width: 750px) 100vw, 750px\" \/><\/div>\n<div>junto a\u00a0 una cucharadita de piment\u00f3n de la Vera, y un poquito de pimienta reci\u00e9n molida<\/div>\n<div><img decoding=\"async\" loading=\"lazy\" class=\"alignnone size-large wp-image-21621\" src=\"https:\/\/elcalaixetdelaiaia.es\/wp-content\/uploads\/2018\/01\/IMG_20200504_145541-1024x768.jpg\" alt=\"\" width=\"750\" height=\"563\" srcset=\"https:\/\/elcalaixetdelaiaia.es\/wp-content\/uploads\/2018\/01\/IMG_20200504_145541-1024x768.jpg 1024w, https:\/\/elcalaixetdelaiaia.es\/wp-content\/uploads\/2018\/01\/IMG_20200504_145541-300x225.jpg 300w, https:\/\/elcalaixetdelaiaia.es\/wp-content\/uploads\/2018\/01\/IMG_20200504_145541-768x576.jpg 768w, https:\/\/elcalaixetdelaiaia.es\/wp-content\/uploads\/2018\/01\/IMG_20200504_145541-1536x1152.jpg 1536w, https:\/\/elcalaixetdelaiaia.es\/wp-content\/uploads\/2018\/01\/IMG_20200504_145541-2048x1536.jpg 2048w\" sizes=\"(max-width: 750px) 100vw, 750px\" \/><\/div>\n<\/div>\n<div style=\"text-align: center;\">damos una vuelta, a\u00f1adimos la patatas que ten\u00edamos reservando, ya medio fritas<\/div>\n<div style=\"text-align: center;\"><img decoding=\"async\" loading=\"lazy\" class=\"alignnone size-large wp-image-21619\" src=\"https:\/\/elcalaixetdelaiaia.es\/wp-content\/uploads\/2018\/01\/IMG_20200504_145448-1024x768.jpg\" alt=\"\" width=\"750\" height=\"563\" srcset=\"https:\/\/elcalaixetdelaiaia.es\/wp-content\/uploads\/2018\/01\/IMG_20200504_145448-1024x768.jpg 1024w, https:\/\/elcalaixetdelaiaia.es\/wp-content\/uploads\/2018\/01\/IMG_20200504_145448-300x225.jpg 300w, https:\/\/elcalaixetdelaiaia.es\/wp-content\/uploads\/2018\/01\/IMG_20200504_145448-768x576.jpg 768w, https:\/\/elcalaixetdelaiaia.es\/wp-content\/uploads\/2018\/01\/IMG_20200504_145448-1536x1152.jpg 1536w, https:\/\/elcalaixetdelaiaia.es\/wp-content\/uploads\/2018\/01\/IMG_20200504_145448-2048x1536.jpg 2048w\" sizes=\"(max-width: 750px) 100vw, 750px\" \/><\/div>\n<div style=\"text-align: center;\">y r\u00e1pidamente echamos el vino blanco,<\/div>\n<div><img decoding=\"async\" loading=\"lazy\" class=\"aligncenter size-large wp-image-21620\" src=\"https:\/\/elcalaixetdelaiaia.es\/wp-content\/uploads\/2018\/01\/IMG_20200504_145511-1024x768.jpg\" alt=\"\" width=\"750\" height=\"563\" srcset=\"https:\/\/elcalaixetdelaiaia.es\/wp-content\/uploads\/2018\/01\/IMG_20200504_145511-1024x768.jpg 1024w, https:\/\/elcalaixetdelaiaia.es\/wp-content\/uploads\/2018\/01\/IMG_20200504_145511-300x225.jpg 300w, https:\/\/elcalaixetdelaiaia.es\/wp-content\/uploads\/2018\/01\/IMG_20200504_145511-768x576.jpg 768w, https:\/\/elcalaixetdelaiaia.es\/wp-content\/uploads\/2018\/01\/IMG_20200504_145511-1536x1152.jpg 1536w, https:\/\/elcalaixetdelaiaia.es\/wp-content\/uploads\/2018\/01\/IMG_20200504_145511-2048x1536.jpg 2048w\" sizes=\"(max-width: 750px) 100vw, 750px\" \/><\/div>\n<div style=\"text-align: center;\">dejando que se evapore.<\/div>\n<div><img decoding=\"async\" loading=\"lazy\" class=\"aligncenter size-large wp-image-21623\" src=\"https:\/\/elcalaixetdelaiaia.es\/wp-content\/uploads\/2018\/01\/IMG_20200504_145351-1-1024x768.jpg\" alt=\"\" width=\"750\" height=\"563\" srcset=\"https:\/\/elcalaixetdelaiaia.es\/wp-content\/uploads\/2018\/01\/IMG_20200504_145351-1-1024x768.jpg 1024w, https:\/\/elcalaixetdelaiaia.es\/wp-content\/uploads\/2018\/01\/IMG_20200504_145351-1-300x225.jpg 300w, https:\/\/elcalaixetdelaiaia.es\/wp-content\/uploads\/2018\/01\/IMG_20200504_145351-1-768x576.jpg 768w, https:\/\/elcalaixetdelaiaia.es\/wp-content\/uploads\/2018\/01\/IMG_20200504_145351-1-1536x1152.jpg 1536w, https:\/\/elcalaixetdelaiaia.es\/wp-content\/uploads\/2018\/01\/IMG_20200504_145351-1-2048x1536.jpg 2048w\" sizes=\"(max-width: 750px) 100vw, 750px\" \/><\/div>\n<div style=\"text-align: center;\"><\/div>\n<div style=\"text-align: center;\">Llega el momento de a\u00f1adir el fondo de pescado o en su lugar agua, pero no sabe igual. La cantidad ser\u00e1 la necesaria para que cubra lo que tenemos en la cazuela.<\/div>\n<div><\/div>\n<div><img decoding=\"async\" loading=\"lazy\" class=\"aligncenter size-large wp-image-21618\" src=\"https:\/\/elcalaixetdelaiaia.es\/wp-content\/uploads\/2018\/01\/IMG_20200504_145410-1024x768.jpg\" alt=\"\" width=\"750\" height=\"563\" srcset=\"https:\/\/elcalaixetdelaiaia.es\/wp-content\/uploads\/2018\/01\/IMG_20200504_145410-1024x768.jpg 1024w, https:\/\/elcalaixetdelaiaia.es\/wp-content\/uploads\/2018\/01\/IMG_20200504_145410-300x225.jpg 300w, https:\/\/elcalaixetdelaiaia.es\/wp-content\/uploads\/2018\/01\/IMG_20200504_145410-768x576.jpg 768w, https:\/\/elcalaixetdelaiaia.es\/wp-content\/uploads\/2018\/01\/IMG_20200504_145410-1536x1152.jpg 1536w, https:\/\/elcalaixetdelaiaia.es\/wp-content\/uploads\/2018\/01\/IMG_20200504_145410-2048x1536.jpg 2048w\" sizes=\"(max-width: 750px) 100vw, 750px\" \/><\/div>\n<div style=\"text-align: center;\"><\/div>\n<div style=\"text-align: center;\">Bajaremos el fuego el fuego y dejaremos que se cocine, unos 15\/20 minutos, depende de la clase de patata, yo os recomiendo siempre la patata de Arag\u00f3n.<\/div>\n<div style=\"text-align: center;\">Pasado este tiempo, a\u00f1adimos el bacalao que ten\u00edamos ya rebozado y dejemos que de un par de hervores.<\/div>\n<div style=\"text-align: center;\">\n<div>Este es el momento de probar de sal, por si hemos de rectificar, al llevar bacalao, prefiero probar ahora que echar sal al principio, por si el bacalao salara demasiado el guiso.<\/div>\n<div>Os recomiendo no utilizar cuchara ni nada similar para remover,es mucho mejor, coger la cazuela por el asa con un trapo o manopla, y hacer movimientos con la cazuela, de esta manera evitaremos que se rompan las patatas y se ligar\u00e1 muy bien el caldo.<\/div>\n<\/div>\n<p style=\"text-align: center;\"><img decoding=\"async\" loading=\"lazy\" class=\"alignnone wp-image-15680\" src=\"https:\/\/elcalaixetdelaiaia.es\/wp-content\/uploads\/2018\/01\/IMG_0243a-1024x768.jpg\" alt=\"\" width=\"751\" height=\"564\" srcset=\"https:\/\/elcalaixetdelaiaia.es\/wp-content\/uploads\/2018\/01\/IMG_0243a-1024x768.jpg 1024w, https:\/\/elcalaixetdelaiaia.es\/wp-content\/uploads\/2018\/01\/IMG_0243a-300x225.jpg 300w, https:\/\/elcalaixetdelaiaia.es\/wp-content\/uploads\/2018\/01\/IMG_0243a-768x576.jpg 768w\" sizes=\"(max-width: 751px) 100vw, 751px\" \/><\/p>\n<p style=\"text-align: center;\">Momentos antes de servir, iremos echando los huevos que tendremos a temperatura ambiente, uno a uno, para que no se rompan. Los dejaremos al fuego, hasta que veamos que queda escaldados, con la yema l\u00edquida y la clara blanca. Si tenemos perejil fresco, podemos espolvorear con un poquito de perejil fresco picado.<\/p>\n<p style=\"text-align: center;\"><img decoding=\"async\" loading=\"lazy\" class=\"alignnone size-large wp-image-15685\" src=\"https:\/\/elcalaixetdelaiaia.es\/wp-content\/uploads\/2018\/01\/IMG_0251a-1024x768.jpg\" alt=\"\" width=\"750\" height=\"563\" srcset=\"https:\/\/elcalaixetdelaiaia.es\/wp-content\/uploads\/2018\/01\/IMG_0251a-1024x768.jpg 1024w, https:\/\/elcalaixetdelaiaia.es\/wp-content\/uploads\/2018\/01\/IMG_0251a-300x225.jpg 300w, https:\/\/elcalaixetdelaiaia.es\/wp-content\/uploads\/2018\/01\/IMG_0251a-768x576.jpg 768w\" sizes=\"(max-width: 750px) 100vw, 750px\" \/><\/p>\n<p style=\"text-align: center;\">Llega el momento de emplatar, con mucho cuidado que no se rompan los huevos.<\/p>\n<p style=\"text-align: center;\"><img decoding=\"async\" loading=\"lazy\" class=\"alignnone size-large wp-image-15684\" src=\"https:\/\/elcalaixetdelaiaia.es\/wp-content\/uploads\/2018\/01\/IMG_0250a-1024x768.jpg\" alt=\"\" width=\"750\" height=\"563\" srcset=\"https:\/\/elcalaixetdelaiaia.es\/wp-content\/uploads\/2018\/01\/IMG_0250a-1024x768.jpg 1024w, https:\/\/elcalaixetdelaiaia.es\/wp-content\/uploads\/2018\/01\/IMG_0250a-300x225.jpg 300w, https:\/\/elcalaixetdelaiaia.es\/wp-content\/uploads\/2018\/01\/IMG_0250a-768x576.jpg 768w\" sizes=\"(max-width: 750px) 100vw, 750px\" \/><\/p>\n<p style=\"text-align: center;\">Se sirve muy caliente y con una buena hogaza de pan a mano.<\/p>\n<p style=\"text-align: center;\"><img decoding=\"async\" loading=\"lazy\" class=\"alignnone size-large wp-image-15683\" src=\"https:\/\/elcalaixetdelaiaia.es\/wp-content\/uploads\/2018\/01\/IMG_0248a-1024x768.jpg\" alt=\"\" width=\"750\" height=\"563\" srcset=\"https:\/\/elcalaixetdelaiaia.es\/wp-content\/uploads\/2018\/01\/IMG_0248a-1024x768.jpg 1024w, https:\/\/elcalaixetdelaiaia.es\/wp-content\/uploads\/2018\/01\/IMG_0248a-300x225.jpg 300w, https:\/\/elcalaixetdelaiaia.es\/wp-content\/uploads\/2018\/01\/IMG_0248a-768x576.jpg 768w\" sizes=\"(max-width: 750px) 100vw, 750px\" \/><\/p>\n<p style=\"text-align: center;\">Este es otro de los platos que no esperan al comensal<\/p>\n<p style=\"text-align: center;\"><img decoding=\"async\" loading=\"lazy\" class=\"alignnone size-large wp-image-15682\" src=\"https:\/\/elcalaixetdelaiaia.es\/wp-content\/uploads\/2018\/01\/IMG_0247-1024x768.jpg\" alt=\"\" width=\"750\" height=\"563\" srcset=\"https:\/\/elcalaixetdelaiaia.es\/wp-content\/uploads\/2018\/01\/IMG_0247-1024x768.jpg 1024w, https:\/\/elcalaixetdelaiaia.es\/wp-content\/uploads\/2018\/01\/IMG_0247-300x225.jpg 300w, https:\/\/elcalaixetdelaiaia.es\/wp-content\/uploads\/2018\/01\/IMG_0247-768x576.jpg 768w\" sizes=\"(max-width: 750px) 100vw, 750px\" \/><\/p>\n<p style=\"text-align: center;\">el comensal ya ha de estar listo, esperando al plato<\/p>\n<p style=\"text-align: center;\"><img decoding=\"async\" loading=\"lazy\" class=\"aligncenter size-large wp-image-15681\" src=\"https:\/\/elcalaixetdelaiaia.es\/wp-content\/uploads\/2018\/01\/IMG_0246-1024x768.jpg\" alt=\"\" width=\"750\" height=\"563\" srcset=\"https:\/\/elcalaixetdelaiaia.es\/wp-content\/uploads\/2018\/01\/IMG_0246-1024x768.jpg 1024w, https:\/\/elcalaixetdelaiaia.es\/wp-content\/uploads\/2018\/01\/IMG_0246-300x225.jpg 300w, https:\/\/elcalaixetdelaiaia.es\/wp-content\/uploads\/2018\/01\/IMG_0246-768x576.jpg 768w\" sizes=\"(max-width: 750px) 100vw, 750px\" \/><\/p>\n<p style=\"text-align: center;\">para disfrutar de una excelente tradicional y sana comida. \u00abA la taula i&#8230; BON PROFIT\u00bb!!!!!<\/p>\n<p style=\"text-align: center;\">Espero que disfrut\u00e9is de esta receta, compartida con vosotros&#8230; tres a\u00f1os y tres meses despu\u00e9s, la \u00fanica foto actual es la de los ingredientes.<\/p>\n<p style=\"text-align: center;\">Si te gusta \u00e9sta entrada, podr\u00edas compartirla, as\u00ed mucha gente podr\u00e1 disfrutar de esta receta.Gracias por hacerlo.Espero tus comentarios que para mi son MUY importantes y recuerda que tambi\u00e9n estoy en Facebook <a href=\"https:\/\/www.facebook.com\/El-calaixet-de-la-iaia-533062140099386\/\">https:\/\/www.facebook.com\/El-calaixet-de-la-iaia-533062140099386\/<\/a><\/p>\n<div>\n<div style=\"text-align: center;\">Si quieres recibir mis actualizaciones por mail, al final de \u00e9sta p\u00e1gina a la izquierda tienes como hacer para introducir tu correo electr\u00f3nico y no perderte las actualizaciones de mis recetas \u00a1Gracias!<\/div>\n<div><\/div>\n<div>Edito esta entrada el 09\/05\/2020, ya que Irma P\u00e9rez, ha cocinado la receta de mi suegra,<\/div>\n<div><\/div>\n<div><img decoding=\"async\" loading=\"lazy\" class=\"alignnone size-full wp-image-24922\" src=\"https:\/\/elcalaixetdelaiaia.es\/wp-content\/uploads\/2018\/01\/Irma-Perez.jpg\" alt=\"\" width=\"640\" height=\"480\" srcset=\"https:\/\/elcalaixetdelaiaia.es\/wp-content\/uploads\/2018\/01\/Irma-Perez.jpg 640w, https:\/\/elcalaixetdelaiaia.es\/wp-content\/uploads\/2018\/01\/Irma-Perez-300x225.jpg 300w\" sizes=\"(max-width: 640px) 100vw, 640px\" \/>\u00a0 y ha sido tan amable de enviarme foto. Much\u00edsimas gracias Irma.<\/div>\n<\/div>\n","protected":false},"excerpt":{"rendered":"<p>\u00abRefrany; Acabada la Quaresma, acabat l&#8217;abaetxo\u00bb Terminada la Quaresma, terminado el bacalao. Mi suegra se llamaba Nieves y por desgracia, no pude pasar con ella mucho tiempo, ya que tristemente falleci\u00f3 joven, cuando yo era casi reci\u00e9n casada y viv\u00edamos fuera, con nuestro hijo recien nacido. Pocas son las recetas &hellip; <\/p>\n","protected":false},"author":2,"featured_media":21624,"comment_status":"open","ping_status":"open","sticky":false,"template":"","format":"standard","meta":[],"categories":[55,40,37,1],"tags":[],"_links":{"self":[{"href":"https:\/\/elcalaixetdelaiaia.es\/index.php?rest_route=\/wp\/v2\/posts\/115"}],"collection":[{"href":"https:\/\/elcalaixetdelaiaia.es\/index.php?rest_route=\/wp\/v2\/posts"}],"about":[{"href":"https:\/\/elcalaixetdelaiaia.es\/index.php?rest_route=\/wp\/v2\/types\/post"}],"author":[{"embeddable":true,"href":"https:\/\/elcalaixetdelaiaia.es\/index.php?rest_route=\/wp\/v2\/users\/2"}],"replies":[{"embeddable":true,"href":"https:\/\/elcalaixetdelaiaia.es\/index.php?rest_route=%2Fwp%2Fv2%2Fcomments&post=115"}],"version-history":[{"count":23,"href":"https:\/\/elcalaixetdelaiaia.es\/index.php?rest_route=\/wp\/v2\/posts\/115\/revisions"}],"predecessor-version":[{"id":27335,"href":"https:\/\/elcalaixetdelaiaia.es\/index.php?rest_route=\/wp\/v2\/posts\/115\/revisions\/27335"}],"wp:featuredmedia":[{"embeddable":true,"href":"https:\/\/elcalaixetdelaiaia.es\/index.php?rest_route=\/wp\/v2\/media\/21624"}],"wp:attachment":[{"href":"https:\/\/elcalaixetdelaiaia.es\/index.php?rest_route=%2Fwp%2Fv2%2Fmedia&parent=115"}],"wp:term":[{"taxonomy":"category","embeddable":true,"href":"https:\/\/elcalaixetdelaiaia.es\/index.php?rest_route=%2Fwp%2Fv2%2Fcategories&post=115"},{"taxonomy":"post_tag","embeddable":true,"href":"https:\/\/elcalaixetdelaiaia.es\/index.php?rest_route=%2Fwp%2Fv2%2Ftags&post=115"}],"curies":[{"name":"wp","href":"https:\/\/api.w.org\/{rel}","templated":true}]}}