{"id":1149,"date":"2013-10-09T11:11:00","date_gmt":"2013-10-09T11:11:00","guid":{"rendered":"http:\/\/elcalaixetdelaiaia.es\/9-doctubre-dia-dels-valencians"},"modified":"2018-10-09T09:06:42","modified_gmt":"2018-10-09T09:06:42","slug":"9-doctubre-dia-dels-valencians","status":"publish","type":"post","link":"https:\/\/elcalaixetdelaiaia.es\/?p=1149","title":{"rendered":"9 d&#8217;Octubre, d\u00eda dels valencians, una miqueta d&#8217;historia&#8230;&#8230;"},"content":{"rendered":"<div class=\"separator\" style=\"clear: both; text-align: center\"><a href=\"https:\/\/2.bp.blogspot.com\/-dnvyD_b0Pto\/WduFy1HXzOI\/AAAAAAAApo0\/qi-h0FoiVrMP9r10TNnLy6stQlWOfeGfgCLcBGAs\/s1600\/senyeraiaiobalc%25C3%25B3Pau.jpg\" imageanchor=\"1\" style=\"margin-left: 1em; margin-right: 1em\"><img decoding=\"async\" loading=\"lazy\" src=\"https:\/\/elcalaixetdelaiaia.es\/wp-content\/uploads\/2013\/10\/senyeraiaiobalcC3B3Pau.jpg\" class=\"aligncenter\" border=\"0\" height=\"640\" data-original-height=\"1600\" data-original-width=\"1200\" width=\"480\"><\/a><\/div>\n<div class=\"separator\" style=\"clear: both; text-align: center\">Ya tengo mi senyera en mi balc\u00f3n&#8230;..como cada a\u00f1o, y frente a mi casa, la de mis padres y que satisfacci\u00f3n da,<\/div>\n<div class=\"separator\" style=\"clear: both; text-align: center\"><img decoding=\"async\" loading=\"lazy\" src=\"https:\/\/elcalaixetdelaiaia.es\/wp-content\/uploads\/2018\/10\/temp-14.jpg\" class=\"wp-image-18089 size-full\" height=\"1600\" width=\"1200\" srcset=\"https:\/\/elcalaixetdelaiaia.es\/wp-content\/uploads\/2018\/10\/temp-14.jpg 1200w, https:\/\/elcalaixetdelaiaia.es\/wp-content\/uploads\/2018\/10\/temp-14-225x300.jpg 225w, https:\/\/elcalaixetdelaiaia.es\/wp-content\/uploads\/2018\/10\/temp-14-768x1024.jpg 768w\" sizes=\"(max-width: 1200px) 100vw, 1200px\" \/><\/div>\n<div class=\"separator\" style=\"clear: both; text-align: center\"> comprobar que tus ense\u00f1anzas y tradiciones han calado en tus hijos&#8230;&#8230;.<\/div>\n<div class=\"separator\" style=\"clear: both; text-align: center\"><a href=\"http:\/\/3.bp.blogspot.com\/-4VuCiM2yrD0\/UlQ1WR1TRxI\/AAAAAAAAB9Y\/zI8v10agvGg\/s1600\/9d+modified.jpg\" imageanchor=\"1\" style=\"margin-left: 1em; margin-right: 1em\"><img decoding=\"async\" loading=\"lazy\" src=\"https:\/\/elcalaixetdelaiaia.es\/wp-content\/uploads\/2013\/10\/9d-modified-2.jpg\" border=\"0\" height=\"640\" width=\"466\"><\/a><\/div>\n<p>El 9 de Octubre se celebra el d\u00eda de la Comunidad Valenciana, ya que el 9 de Octubre de 1238, Jaime I el Conquistador hizo su entrada en Valencia, despu\u00e9s de los pactos realizados con rey musulm\u00e1n de Valencia Abul Djumayl Zayyan el 28 de septiembre de 1238 para la capitulaci\u00f3n de la ciudad. Era el dia de \u00abSant Donis\u00bb (San Dionisio),<br \/>\nEl 23 de abril de 1.238, Jaime I ocup\u00f3 el Grao de Valencia y estableci\u00f3 su cuartel general en Russafa preparando la toma de Valencia. D\u00edas antes del nueve de octubre, los musulmanes de la ciudad de Valencia, desplegaron la \u00absenyal del rey\u00bb (La Senyera) sobre las murallas de Valencia en se\u00f1al de rendici\u00f3n y deseos de capitulaci\u00f3n. El 9 de Octubre Jaime I hizo su entrada triunfal en Valencia. Esta fecha nunca fue olvidada y se empez\u00f3 a festejar a partir del primer centenario (a\u00f1o 1338).<\/p>\n<p>Por eso el d\u00eda de Sant Don\u00eds,Valencia celebra por todo lo alto la festividad del 9 de octubre, d\u00eda de la Comunidad Valenciana y efem\u00e9ride de la conquista de esta ciudad por las tropas del rey Jaume I, en el a\u00f1o 1238. y la entrada triunfal del Rey Don Jaime I a la ciudad, desde que se aprob\u00f3 el Estatuto de Autonom\u00eda. Los actos que cada aniversario tienen lugar est\u00e1n presididos por la Senyera de la ciudad.<\/p>\n<div>\n<div style=\"text-align: center\">\n<div class=\"separator\" style=\"clear: both; text-align: center\"><a href=\"https:\/\/2.bp.blogspot.com\/-UGKuLAWE0fg\/WduMPqdyAMI\/AAAAAAAAppk\/ggxD9hmkpwcxI7WV1Z6p7lImPyDfbp_PACLcBGAs\/s1600\/focsdon%25C3%25ADs.jpg\" imageanchor=\"1\" style=\"margin-left: 1em; margin-right: 1em\"><img decoding=\"async\" loading=\"lazy\" src=\"https:\/\/elcalaixetdelaiaia.es\/wp-content\/uploads\/2013\/10\/focsdonC3ADs.jpg\" border=\"0\" height=\"227\" data-original-height=\"229\" data-original-width=\"640\" width=\"640\"><\/a><\/div>\n<\/div>\n<div>Tambi\u00e9n con ocasi\u00f3n de las fiestas de la Comunidad Valenciana, la noche del 8 de octubre se celebra un festival internacional de pirotecnia que re\u00fane a artistas pirot\u00e9cnicos de varios pa\u00edses. Acontece en el viejo cauce del Turia, entre el Puente de Arag\u00f3n y la Pasarela de la Exposici\u00f3n.<\/div>\n<div class=\"separator\" style=\"clear: both; text-align: center\"><a href=\"http:\/\/1.bp.blogspot.com\/-x-lul0h9IOM\/UlQ1Wq8QAGI\/AAAAAAAAB9c\/huFSNhyeJss\/s1600\/9d2+modified.jpg\" imageanchor=\"1\" style=\"margin-left: 1em; margin-right: 1em\"><img decoding=\"async\" loading=\"lazy\" src=\"https:\/\/elcalaixetdelaiaia.es\/wp-content\/uploads\/2013\/10\/9d2-modified-2.jpg\" border=\"0\" height=\"326\" width=\"640\"><\/a><\/div>\n<div>Todos los actos que se celebran a lo largo del d\u00eda se hacen en presencia de la Reial Senyera, la bandera de Valencia, que cada a\u00f1o (desde 1365) se baja por el balc\u00f3n del Ayuntamiento,ya que seg\u00fan la tradici\u00f3n no se puede inclinar ante nadie.\u00a0 Real Se\u00f1era valenciana es la \u00fanica bandera del mundo con el rango de \u201cReal\u201d. De hecho, se le rinden honores militares con 21 salvas de ca\u00f1onazos, como a cualquier monarca. Por este motivo, la bandera valenciana tampoco se inclina nunca. Cuando es bajada desde el balc\u00f3n del Ayuntamiento de Valencia cada 9 de Octubre -D\u00eda Nacional de los valencianos-, baja con solemnidad y de manera totalmente vertical. Esto se debe a que el rey de Valenci\u00e0 Pere II el Cerimoni\u00f3s le concedi\u00f3 en 1377, entre otras prerrogativas, la consideraci\u00f3n de Real, es decir, que le dio a la bandera el mismo estatus de un rey.<\/div>\n<div class=\"separator\" style=\"clear: both; text-align: center\"><a href=\"http:\/\/1.bp.blogspot.com\/-70Zq6yKAOj4\/UlQ1bop8CPI\/AAAAAAAAB94\/vQd29HQcXnA\/s1600\/9d3+modified.jpg\" imageanchor=\"1\" style=\"margin-left: 1em; margin-right: 1em\"><img decoding=\"async\" loading=\"lazy\" src=\"https:\/\/elcalaixetdelaiaia.es\/wp-content\/uploads\/2013\/10\/9d3-modified-2.jpg\" border=\"0\" height=\"370\" width=\"640\"><\/a><\/div>\n<p>Seg\u00fan nuestro estatuto de autonom\u00eda la senyera tradicional de la comunidad valenciana esta compuesta por cuatro barras rojas, sobre fondo amarillo, coronada por una franja azul en el lado del asta.<br \/>\nY por si todo esto fuera poco, en la franja azul de nuestra gloriosa bandera se aprecia una corona, la cual nos recuerda a los valencianos que fuimos, somos y seremos un gran reino. Tal prerrogativa, junto con las anteriores, fue instituida en 1377 por Pere II en reconocimiento a la resistencia opuesta por Valencia a Pedroel Cruel de Castilla durante la Guerra de los dos Pedros (1356-1365). \u00c9l le concedi\u00f3 al Reino de Valencia el derecho a usar sobre sus armas la corona real. As\u00ed, tras los colores de la Real Se\u00f1era hay una gran historia de realeza, valent\u00eda y lealtad que no puede sino llenarnos de orgullo patrio a todos los valencianos, aunque desde luego quiero dejar claro que aqu\u00ed en \u00e9ste blog, se huye de toda pol\u00e9mica.<\/p>\n<\/div>\n<div>La actual senyera que sale en procesi\u00f3n, data de 1928, cuando debido al mal estado en que se encontraba la anterior del siglo XVI, se procedi\u00f3 a la fabricaci\u00f3n de una nueva senyera en la Fabrica de tejidos de seda de Eduardo Sanchis Romero en la calle Quart de Valencia.<\/p>\n<div class=\"separator\" style=\"clear: both; text-align: center\"><a href=\"https:\/\/3.bp.blogspot.com\/-4MHMyOIjjpk\/WduMNrZ3p4I\/AAAAAAAAppg\/xSBpSNsgI9ES0Hl7ZUBwUQ_vUqeP4yRuQCLcBGAs\/s1600\/sagardi.jpg\" imageanchor=\"1\" style=\"margin-left: 1em; margin-right: 1em\"><img decoding=\"async\" loading=\"lazy\" src=\"https:\/\/elcalaixetdelaiaia.es\/wp-content\/uploads\/2013\/10\/sagardi.jpg\" border=\"0\" height=\"640\" data-original-height=\"640\" data-original-width=\"449\" width=\"448\"><\/a><\/div>\n<\/div>\n<div>Eduardo Sanchis hizo adem\u00e1s dos senyeras id\u00e9nticas m\u00e1s, una que fue llevada a Francia para ser depositada en el feretro de Vicente Blasco Iba\u00f1ez y la otra que se halla depositada desde 1969 en el Colegio del Arte Mayor de la Seda.<br \/>\nEn 1994 se procedi\u00f3 a una nueva restauraci\u00f3n coordinada por el Colegio Mayor de la Seda. Su peso total es de 18 Kgrs., cinco de ellos corresponde a la cimera. El m\u00e1stil tiene una altura de 3,30 metros de altura, y la bandera mide 2.50 metros x 1.55 metros. En el a\u00f1o 2008 se ha vuelto a restaurar y limpiar la cimera para devolverle el color y brillo original.<\/p>\n<div>El d\u00eda 9 de octubre y desde 1365, por privilegio otorgado por el Rey Pedro El Ceremonioso,<\/div>\n<div class=\"separator\" style=\"clear: both; text-align: center\"><a href=\"http:\/\/4.bp.blogspot.com\/-YcMzbHQb0hw\/UlQ1d_8PX5I\/AAAAAAAAB-A\/w9ZJbJxQY08\/s1600\/9d7+modified.jpg\" imageanchor=\"1\" style=\"margin-left: 1em; margin-right: 1em\"><img decoding=\"async\" loading=\"lazy\" src=\"https:\/\/elcalaixetdelaiaia.es\/wp-content\/uploads\/2013\/10\/9d7-modified-2.jpg\" border=\"0\" height=\"640\" width=\"436\"><\/a><\/div>\n<div>\u00a0la Senyera es descendida desde el balc\u00f3n principal del Ayuntamiento de Valencia y trasladada en procesi\u00f3n c\u00edvica hasta la Catedral.<\/div>\n<div class=\"separator\" style=\"clear: both; text-align: center\"><a href=\"http:\/\/3.bp.blogspot.com\/-hB9nJM4knZQ\/UlQ1e82qgFI\/AAAAAAAAB-M\/wZVYshEB3CU\/s1600\/9d6+modified.jpg\" imageanchor=\"1\" style=\"margin-left: 1em; margin-right: 1em\"><img decoding=\"async\" loading=\"lazy\" src=\"https:\/\/elcalaixetdelaiaia.es\/wp-content\/uploads\/2013\/10\/9d6-modified-2.jpg\" border=\"0\" height=\"640\" width=\"414\"><\/a><\/div>\n<div>\u00a0All\u00ed se celebra un \u201cTe Deum\u201d, para seguidamente llegar hasta el Parterre donde, ante la estatua ecuestre del Rey D. Jaime,<\/div>\n<div class=\"separator\" style=\"clear: both; text-align: center\"><a href=\"http:\/\/4.bp.blogspot.com\/-_0JYuVN5R5A\/UlQ1fBoBuFI\/AAAAAAAAB-Q\/fOQZ-YHyMhQ\/s1600\/9d8+modified.jpg\" imageanchor=\"1\" style=\"margin-left: 1em; margin-right: 1em\"><img decoding=\"async\" loading=\"lazy\" src=\"https:\/\/elcalaixetdelaiaia.es\/wp-content\/uploads\/2013\/10\/9d8-modified-2.jpg\" border=\"0\" height=\"640\" width=\"426\"><\/a><\/div>\n<div>se efect\u00faa una ofrenda de coronas de laurel. Al acabar el acto la Senyera es trasladada de nuevo al Museo Hist\u00f3rico.<\/div>\n<div class=\"separator\" style=\"clear: both; text-align: center\"><a href=\"http:\/\/3.bp.blogspot.com\/-U44mwluvAWE\/UlQ6l4vcFWI\/AAAAAAAAB-g\/2Kbc2l6g_Lw\/s1600\/2007-9-de-octubre-(130).jpg\" imageanchor=\"1\" style=\"margin-left: 1em; margin-right: 1em\"><img decoding=\"async\" loading=\"lazy\" src=\"https:\/\/elcalaixetdelaiaia.es\/wp-content\/uploads\/2013\/10\/2007-9-de-octubre-130-2.jpg\" border=\"0\" height=\"480\" width=\"640\"><\/a><\/div>\n<p>En la plaza del Ayuntamiento regresa la p\u00f3lvora y el estruendo a las 14 horas con una &#8216;masclet\u00e0&#8217; conmemorativa de la conquista de la ciudad por las tropas cristianas de la Corona de Arag\u00f3n.<\/p>\n<\/div>\n<div class=\"separator\" style=\"clear: both; text-align: center\"><a href=\"http:\/\/1.bp.blogspot.com\/--s97oZKwbr4\/UlQ65PkSDgI\/AAAAAAAAB-o\/GLArOUhhh-Y\/s1600\/dans%C3%A1+9doc.jpg\" imageanchor=\"1\" style=\"margin-left: 1em; margin-right: 1em\"><img border=\"0\" height=\"480\" width=\"640\"><\/a><\/div>\n<div class=\"separator\" style=\"clear: both; text-align: center\">Los bailes y canciones tradicionales valencianas toman la plaza de la Virgen por la tarde, con una &#8216;dans\u00e0 popular&#8217; a cargo de la Federaci\u00f3n Valenciana de Folclore.<\/div>\n<div class=\"separator\" style=\"clear: both; text-align: center\"><a href=\"http:\/\/2.bp.blogspot.com\/-bBDqtq7Q1mE\/UlQ7Q-WeXSI\/AAAAAAAAB-0\/qZGw613nopE\/s1600\/MOROS-Y-CRISTIANOS-9-OCTUBRE-2009-a20375660.jpg\" imageanchor=\"1\" style=\"margin-left: 1em; margin-right: 1em\"><img decoding=\"async\" loading=\"lazy\" src=\"https:\/\/elcalaixetdelaiaia.es\/wp-content\/uploads\/2013\/10\/MOROS-Y-CRISTIANOS-9-OCTUBRE-2009-a20375660-2.jpg\" border=\"0\" height=\"480\" width=\"640\"><\/a><\/div>\n<div class=\"separator\" style=\"clear: both; text-align: center\"><a href=\"http:\/\/3.bp.blogspot.com\/-uFCfZr0iDak\/UlQ7QrCCQiI\/AAAAAAAAB-w\/RBaLGzU_Slo\/s1600\/mores.jpg\" imageanchor=\"1\" style=\"margin-left: 1em; margin-right: 1em\"><img decoding=\"async\" loading=\"lazy\" src=\"https:\/\/elcalaixetdelaiaia.es\/wp-content\/uploads\/2013\/10\/mores-2.jpg\" border=\"0\" height=\"426\" width=\"640\"><\/a><\/div>\n<div>La agenda del D\u00eda de la Comunidad Valenciana concluye a las 17.00 horas con una entrada de Moros y Cristianos que parte desde la Glorieta hasta la avenida Marqu\u00e9s de Sotelo.Edito \u00e9sta entrada, unos a\u00f1os despues. Hoy 9 de Octubre de 2017, pues aunque yo estoy fuera de la terreta, mi hijo y hermanos siguen las tradiciones familiares y han estado en homenaje a nuestra real Senyera. Participando de \u00e9sta fiesta en paz y armonia.<\/div>\n<div>\n<div>\n<div class=\"separator\" style=\"clear: both; text-align: center\"><a href=\"https:\/\/2.bp.blogspot.com\/-g0vxBe8O2Z8\/WduGW3W7QtI\/AAAAAAAAppA\/sRPhUzGztOcX9Q4mugEqz_km38qrjYbdwCLcBGAs\/s1600\/reialsenyeraPau17.jpg\" imageanchor=\"1\" style=\"margin-left: 1em; margin-right: 1em\"><img decoding=\"async\" loading=\"lazy\" src=\"https:\/\/elcalaixetdelaiaia.es\/wp-content\/uploads\/2013\/10\/reialsenyeraPau17.jpg\" border=\"0\" height=\"640\" data-original-height=\"1600\" data-original-width=\"1200\" width=\"480\"><\/a><\/div>\n<div style=\"text-align: center\">Esta ha sido la bajada de la senyera del 2017<\/div>\n<div class=\"separator\" style=\"clear: both; text-align: center\"><a href=\"https:\/\/1.bp.blogspot.com\/-Y1lSakCNP5w\/WduF00DlZaI\/AAAAAAAApo4\/CdHCgsKJBSkcppXppYniaeinIZKx-2DpQCLcBGAs\/s1600\/senyeraDie.jpg\" imageanchor=\"1\" style=\"margin-left: 1em; margin-right: 1em\"><img decoding=\"async\" loading=\"lazy\" src=\"https:\/\/elcalaixetdelaiaia.es\/wp-content\/uploads\/2013\/10\/senyeraDie.jpg\" border=\"0\" height=\"640\" data-original-height=\"1600\" data-original-width=\"901\" width=\"360\"><\/a><\/div>\n<\/div>\n<div>\n<div style=\"text-align: center\">momento de cantar nuestro himno<\/div>\n<div class=\"separator\" style=\"clear: both; text-align: center\"><a href=\"https:\/\/1.bp.blogspot.com\/-4NJ_hZcfD50\/WduGpai3_NI\/AAAAAAAAppI\/2vli0bp1xVU0Y-81DaITjDEu-ECAqn7CACLcBGAs\/s1600\/masclet%25C3%25A19d%2527Octubre17.jpg\" imageanchor=\"1\" style=\"margin-left: 1em; margin-right: 1em\"><img decoding=\"async\" loading=\"lazy\" src=\"https:\/\/elcalaixetdelaiaia.es\/wp-content\/uploads\/2013\/10\/mascletC3A19d27Octubre17.jpg\" border=\"0\" height=\"588\" data-original-height=\"1078\" data-original-width=\"1172\" width=\"640\"><\/a><\/div>\n<div style=\"text-align: center\">Masclet\u00e1 del 9 d&#8217;Octubre del 2017<\/div>\n<\/div>\n<p>Assumir\u00e0s la veu d&#8217;un poble<\/p>\n<p>ASSUMIR\u00c0S la veu d&#8217;un poble<br \/>\ni ser\u00e0 la veu del teu poble,<br \/>\ni ser\u00e0s, per a sempre, poble,<br \/>\ni patir\u00e0s, i esperar\u00e0s,<br \/>\ni anir\u00e0s sempre entre la pols,<br \/>\net seguir\u00e0 una polseguera.<br \/>\nI tindr\u00e0s fam i tindr\u00e0s set,<br \/>\nno podr\u00e0s escriure els poemes<br \/>\ni callar\u00e0s tota la nit<br \/>\nmentre dormen les teues gents,<br \/>\ni tu sols estar\u00e0s despert,<br \/>\ni tu estar\u00e0s despert per tots.<br \/>\nNo t&#8217;han parit per a dormir:<br \/>\net pariren per a vetlar<br \/>\nen la llarga nit del teu poble.<br \/>\nTu ser\u00e0s la paraula viva,<br \/>\nla paraula viva i amarga.<br \/>\nJa no existiran les paraules,<br \/>\nsin\u00f3 l&#8217;home assumint la pena<br \/>\ndel seu poble, i \u00e9s un silenci.<br \/>\nDeixar\u00e0s de comptar les s\u00edl\u00b7labes,<br \/>\nde fer-te el nus de la corbata:<br \/>\nser\u00e0s un poble, caminant<br \/>\nentre una amarga polseguera,<br \/>\nvida amunt i nacions amunt,<br \/>\nuna enaltida condici\u00f3.<br \/>\nNo tot ser\u00e0, per\u00f2, silenci.<br \/>\nCar dir\u00e0s la paraula justa,<br \/>\nla dir\u00e0s en el moment just.<br \/>\nNo dir\u00e0s la teua paraula<br \/>\namb voluntat d&#8217;antologia,<br \/>\ncar la dir\u00e0s honestament,<br \/>\niradament, sense pensar<br \/>\nen ninguna posteritat,<br \/>\ncom no siga la del teu poble.<br \/>\nPotser et maten o potser<br \/>\nse&#8217;n riguen, potser et delaten;<br \/>\ntot aix\u00f2 s\u00f3n banalitats.<br \/>\nAll\u00f2 que val \u00e9s la consci\u00e8ncia<br \/>\nde no ser res si no s&#8217;\u00e9s poble.<br \/>\nI tu, greument, has escollit.<br \/>\nDespr\u00e9s del teu silenci estricte,<br \/>\ncamines decididament.<\/p>\n<p>VICENT ANDR\u00c9S ESTELL\u00c9S, Llibre de meravelles.<\/p>\n<div class=\"separator\" style=\"clear: both; text-align: center\"><a href=\"http:\/\/4.bp.blogspot.com\/-BnZktQxuBT0\/UlRv2bZsuEI\/AAAAAAAAB_I\/EE6obI4GyPc\/s1600\/esta.jpg\" imageanchor=\"1\" style=\"margin-left: 1em; margin-right: 1em\"><img decoding=\"async\" loading=\"lazy\" src=\"https:\/\/elcalaixetdelaiaia.es\/wp-content\/uploads\/2013\/10\/esta-2.jpg\" border=\"0\" height=\"640\" width=\"480\"><\/a><\/div>\n<div>Recuerda que hoy tambi\u00e9n es el d\u00eda de los enamorados valencianos&#8230;nuestro aut\u00e9ntico y tradicional \u00abSan Valent\u00edn\u00bb. No olvides tu \u00abMocaor\u00e1\u00bb con la \u00abPiuleta y el Tronaor\u00bb..no perdamos nuestras tradiciones<a href=\"https:\/\/elcalaixetdelaiaia.es\/la-mocadora-de-sant-donis-dia-de-los\">https:\/\/elcalaixetdelaiaia.es\/la-mocadora-de-sant-donis-dia-de-los<\/a><br \/>\ny mantengamos, ense\u00f1emos y luchemos por nuestra lengua!!!FELI\u00c7 DIA DELS VALENCIANS!!!!<\/p>\n<div>Si te gusta \u00e9sta entrada, puedes compartirla y clicar en g+1 para que llegue a m\u00e1s gente.<br \/>\nEspero tus comentarios y recuerda que tambi\u00e9n estoy en Facebook\u00a0<a href=\"https:\/\/www.facebook.com\/El-calaixet-de-la-iaia-533062140099386\/\">https:\/\/www.facebook.com\/El-calaixet-de-la-iaia-533062140099386\/<\/a><\/div>\n<\/div>\n<\/div>\n","protected":false},"excerpt":{"rendered":"<p>Ya tengo mi senyera en mi balc\u00f3n&#8230;..como cada a\u00f1o, y frente a mi casa, la de mis padres y que satisfacci\u00f3n da, comprobar que tus ense\u00f1anzas y tradiciones han calado en tus hijos&#8230;&#8230;. El 9 de Octubre se celebra el d\u00eda de la Comunidad Valenciana, ya que el 9 de &hellip; <\/p>\n","protected":false},"author":2,"featured_media":13435,"comment_status":"open","ping_status":"open","sticky":false,"template":"","format":"standard","meta":[],"categories":[1,47],"tags":[],"_links":{"self":[{"href":"https:\/\/elcalaixetdelaiaia.es\/index.php?rest_route=\/wp\/v2\/posts\/1149"}],"collection":[{"href":"https:\/\/elcalaixetdelaiaia.es\/index.php?rest_route=\/wp\/v2\/posts"}],"about":[{"href":"https:\/\/elcalaixetdelaiaia.es\/index.php?rest_route=\/wp\/v2\/types\/post"}],"author":[{"embeddable":true,"href":"https:\/\/elcalaixetdelaiaia.es\/index.php?rest_route=\/wp\/v2\/users\/2"}],"replies":[{"embeddable":true,"href":"https:\/\/elcalaixetdelaiaia.es\/index.php?rest_route=%2Fwp%2Fv2%2Fcomments&post=1149"}],"version-history":[{"count":3,"href":"https:\/\/elcalaixetdelaiaia.es\/index.php?rest_route=\/wp\/v2\/posts\/1149\/revisions"}],"predecessor-version":[{"id":18090,"href":"https:\/\/elcalaixetdelaiaia.es\/index.php?rest_route=\/wp\/v2\/posts\/1149\/revisions\/18090"}],"wp:featuredmedia":[{"embeddable":true,"href":"https:\/\/elcalaixetdelaiaia.es\/index.php?rest_route=\/wp\/v2\/media\/13435"}],"wp:attachment":[{"href":"https:\/\/elcalaixetdelaiaia.es\/index.php?rest_route=%2Fwp%2Fv2%2Fmedia&parent=1149"}],"wp:term":[{"taxonomy":"category","embeddable":true,"href":"https:\/\/elcalaixetdelaiaia.es\/index.php?rest_route=%2Fwp%2Fv2%2Fcategories&post=1149"},{"taxonomy":"post_tag","embeddable":true,"href":"https:\/\/elcalaixetdelaiaia.es\/index.php?rest_route=%2Fwp%2Fv2%2Ftags&post=1149"}],"curies":[{"name":"wp","href":"https:\/\/api.w.org\/{rel}","templated":true}]}}