{"id":1143,"date":"2013-10-12T13:30:00","date_gmt":"2013-10-12T13:30:00","guid":{"rendered":"http:\/\/elcalaixetdelaiaia.es\/la-virgen-del-pilar"},"modified":"2023-10-12T11:25:33","modified_gmt":"2023-10-12T11:25:33","slug":"la-virgen-del-pilar","status":"publish","type":"post","link":"https:\/\/elcalaixetdelaiaia.es\/?p=1143","title":{"rendered":"La Virgen del Pilar"},"content":{"rendered":"<p>A LA VIRGEN DEL PILA&#8230; A A&#8230; AR,<br \/>\nLE DIGO LO QUE TE QUIERO&#8230;O&#8230; O.<br \/>\nA LA VIRGEN DEL PILA&#8230; A&#8230; AR.<br \/>\nY TE JURO COMPA\u00d1ERO&#8230; O&#8230;O.<br \/>\nQUE NUNCA TE HE DE OLVIDA&#8230;\u00a0 A&#8230; AR.<br \/>\nY SIEMPRE TE HE DE CUIDA&#8230;.. A&#8230;AR<br \/>\nPOR LO MUCHO QUE TE QUIERO&#8230; OOO<br \/>\nOO&#8230; O&#8230; De una valenciana, a su ma\u00f1ico del alma.<\/p>\n<div class=\"separator\" style=\"clear: both; text-align: center;\"><a style=\"margin-left: 1em; margin-right: 1em;\" href=\"http:\/\/3.bp.blogspot.com\/-RQf0Wtr4idQ\/UllBLL4MVuI\/AAAAAAAACB8\/si2DEg4An2I\/s1600\/pilar2.jpg\"><img decoding=\"async\" loading=\"lazy\" src=\"https:\/\/elcalaixetdelaiaia.es\/wp-content\/uploads\/2013\/10\/pilar2.jpg\" width=\"320\" height=\"205\" border=\"0\" \/><\/a><\/div>\n<p>Hace un a\u00f1o a \u00e9stas horas, junto a mi amiga Paz, Guillermo y del brazo de mi amigo Javier, acompa\u00f1ada por otros valencianos que hab\u00edamos llegado de Valencia \u00e9sa misma madrugada en autob\u00fas, ataviados con nuestra indumentaria valenciana y toda la devoci\u00f3n del mundo&#8230; entraba a la Plaza de la Virgen del Pilar a entregarle mis flores, y mi petici\u00f3n, con una emoci\u00f3n indescriptible y con l\u00e1grimas en los ojos.<\/p>\n<div class=\"separator\" style=\"clear: both; text-align: center;\"><a style=\"margin-left: 1em; margin-right: 1em;\" href=\"http:\/\/4.bp.blogspot.com\/-Mz2Rn-L-q7k\/UllBen_f-tI\/AAAAAAAACCE\/vG2NuoorqNI\/s1600\/pilar1.jpg\"><img decoding=\"async\" loading=\"lazy\" src=\"https:\/\/elcalaixetdelaiaia.es\/wp-content\/uploads\/2013\/10\/pilar1.jpg\" width=\"228\" height=\"320\" border=\"0\" \/><\/a><\/div>\n<p>Tuvimos el enooorme privilegio de que momento antes de pisar la plaza, pararon el bander\u00edn de la Casa de la Comunidad Valenciana tras cuyo estandarte \u00edbamos &#8230; y pudimos ver pasar la guardia a caballo, al grupo de peque\u00f1os cantores que cantaron el Ave Mar\u00eda, la corporaci\u00f3n municipal y tener a la imagen de la Virgen en plata dorada, tan solo un metro de distancia&#8230; y besar el cadafal&#8230; \u00e9se momento qued\u00f3 grabado para siempre en nuestra mente y nuestro coraz\u00f3n, para siempre.<\/p>\n<figure id=\"attachment_25742\" aria-describedby=\"caption-attachment-25742\" style=\"width: 166px\" class=\"wp-caption aligncenter\"><img decoding=\"async\" loading=\"lazy\" class=\"wp-image-25742\" src=\"https:\/\/elcalaixetdelaiaia.es\/wp-content\/uploads\/2013\/10\/WhatsApp-Image-2023-10-12-at-13.02.20.jpeg\" alt=\"Todo un honor para esta valenciana, ofrendar a la Virgen del Pilar, junto al estandarte de la Casa de la Comunidad Valenciana en Zaragoza, un honor y un orgullo.\" width=\"166\" height=\"236\" srcset=\"https:\/\/elcalaixetdelaiaia.es\/wp-content\/uploads\/2013\/10\/WhatsApp-Image-2023-10-12-at-13.02.20.jpeg 718w, https:\/\/elcalaixetdelaiaia.es\/wp-content\/uploads\/2013\/10\/WhatsApp-Image-2023-10-12-at-13.02.20-210x300.jpeg 210w\" sizes=\"(max-width: 166px) 100vw, 166px\" \/><figcaption id=\"caption-attachment-25742\" class=\"wp-caption-text\">Todo un honor para esta valenciana, ofrendar a la Virgen del Pilar, junto al estandarte de la Casa de la Comunidad Valenciana en Zaragoza, un honor y un orgullo.<\/figcaption><\/figure>\n<p>Hoy&#8230; no es posible hacerlo, porque las circunstancias mandan, acabo de ver \u00e9se momento ahora mismo, por televisi\u00f3n, pero estoy segura de que el pr\u00f3ximo a\u00f1o podr\u00e9 ir para darle gracias por todo. Estoy segura de que mis amigos, dar\u00e1n a la Virgen el recadito que le mando, con un flor y un beso. !Gracias por ello Javier!<\/p>\n<p>Y \u00a1como no! dar las gracias de nuevo y esta vez p\u00fablicamente, a la \u00abCASA DE LA COMUNIDAD VALENCIANA EN ZARAGOZA\u00bb, por su amable invitaci\u00f3n y su generosa acogida, nos trataron, como lo que somos, hermanos. Much\u00edsimas gracias de todo coraz\u00f3n.<\/p>\n<div class=\"separator\" style=\"clear: both; text-align: center;\"><a style=\"margin-left: 1em; margin-right: 1em;\" href=\"http:\/\/4.bp.blogspot.com\/-cNgz9KlSyWM\/UllBirF30wI\/AAAAAAAACCk\/TX3OXsi831c\/s1600\/pilares+a%25C3%25B1os+50a.jpg\"><img decoding=\"async\" loading=\"lazy\" src=\"https:\/\/elcalaixetdelaiaia.es\/wp-content\/uploads\/2013\/10\/pilares-aC3B1os-50a.jpg\" width=\"320\" height=\"233\" border=\"0\" \/><\/a><\/div>\n<p>Cuentan que all\u00e1 por los a\u00f1os 40, comenz\u00f3 por los ma\u00f1icos la tradici\u00f3n de adornar con flores el camar\u00edn de la Virgen.<\/p>\n<p>En el a\u00f1o 1952\u00a0en que una delegaci\u00f3n del consistorio zaragozano fue invitada a las fiestas de Castell\u00f3 de la Plana. All\u00ed, observaron una celebraci\u00f3n semejante que acabar\u00edan importando a su tierra. Por \u00e9so en el a\u00f1o 1958 sacaron a la Virgen a la plaza y decidieron vestirla como lo hac\u00edan en su camar\u00edn, en a\u00f1os anteriores, pero a lo grande y ya en su primera aparici\u00f3n, reuni\u00f3 a 2000 personas que la ataviaron con claveles, rosas y nardos rojos y blancos.<br \/>\nEl alcalde Gomez Laguna, la acompa\u00f1\u00f3, e introdujo en el programa un acto popular y de participaci\u00f3n, semejante a las ofrendas florales que se celebran en el Levante espa\u00f1ol.<br \/>\nSin duda el \u00e9xito de la Ofrenda de Flores contribuy\u00f3 a que las del Pilar fueran declaradas en 1965 como Fiestas de Inter\u00e9s Tur\u00edstico Nacional.<\/p>\n<div class=\"separator\" style=\"clear: both; text-align: center;\"><a style=\"margin-left: 1em; margin-right: 1em;\" href=\"http:\/\/2.bp.blogspot.com\/-F_IaqBaB_9g\/UllBjIwY7CI\/AAAAAAAACCs\/TxI9P3zuw84\/s1600\/pilares+ofrenda+a%25C3%25B1os+50.jpg\"><img decoding=\"async\" loading=\"lazy\" src=\"https:\/\/elcalaixetdelaiaia.es\/wp-content\/uploads\/2013\/10\/pilares-ofrenda-aC3B1os-50.jpg\" width=\"320\" height=\"222\" border=\"0\" \/><\/a><\/div>\n<p>La cruz de Lorena\u00a0 o Cruz de Anjou\u00a0\u00a0(cruz roja de doble barra). es el s\u00edmbolo mundial de la lucha antituberculosa desde octubre de 1902 y es por lo que se eligi\u00f3 para ser ofrendada, en la Ofrenda de flores del d\u00eda del Pilar, desde el entonces Sanatorio Antituberculoso, llamado \u00abEl Cascajo\u00bb, hoy Hospital General Royo Villanova.<\/p>\n<div class=\"separator\" style=\"clear: both; text-align: center;\"><a style=\"margin-left: 1em; margin-right: 1em;\" href=\"http:\/\/3.bp.blogspot.com\/-tFr_HDpRcNs\/UllBg-Pg-jI\/AAAAAAAACCU\/FpsH1E77lls\/s1600\/1375046_598321570224058_538808783_n.jpg\"><img decoding=\"async\" loading=\"lazy\" src=\"https:\/\/elcalaixetdelaiaia.es\/wp-content\/uploads\/2013\/10\/1375046_598321570224058_538808783_n.jpg\" width=\"240\" height=\"320\" border=\"0\" \/><\/a><\/div>\n<p>Est\u00e1 confeccionada con claveles rojos, y se engarza en el manto que previamente ha sido tejido con claveles y gladiolos blancos.<br \/>\nEl origen de esta tradici\u00f3n, est\u00e1 ligada a la Ofrenda desde sus primeros a\u00f1os: uno de los enfermos que se encontraba ingresado en este hospital, recib\u00eda asiduas visitas de un alto funcionario del Ayuntamiento de Zaragoza, de sus charlas, a las que se un\u00eda el Dr. Val Calvete, que era el responsable directo de la atenci\u00f3n a este enfermo, surgi\u00f3 la idea de que en la ofrenda de flores del Pilar, el Hospital ofreciese a la Virgen, la Cruz de Lorena.<\/p>\n<p>Felicidades a tod@s l@s ma\u00f1ic@s, a las Pilares y a tod@s en el d\u00eda de la Hispanidad.<\/p>\n<p>Parte del texto fte. Ayto. de Zaragoza.<\/p>\n","protected":false},"excerpt":{"rendered":"<p>A LA VIRGEN DEL PILA&#8230; A A&#8230; AR, LE DIGO LO QUE TE QUIERO&#8230;O&#8230; O. A LA VIRGEN DEL PILA&#8230; A&#8230; AR. Y TE JURO COMPA\u00d1ERO&#8230; O&#8230;O. QUE NUNCA TE HE DE OLVIDA&#8230;\u00a0 A&#8230; AR. Y SIEMPRE TE HE DE CUIDA&#8230;.. A&#8230;AR POR LO MUCHO QUE TE QUIERO&#8230; OOO OO&#8230; &hellip; <\/p>\n","protected":false},"author":2,"featured_media":13397,"comment_status":"open","ping_status":"open","sticky":false,"template":"","format":"standard","meta":[],"categories":[23,1],"tags":[],"_links":{"self":[{"href":"https:\/\/elcalaixetdelaiaia.es\/index.php?rest_route=\/wp\/v2\/posts\/1143"}],"collection":[{"href":"https:\/\/elcalaixetdelaiaia.es\/index.php?rest_route=\/wp\/v2\/posts"}],"about":[{"href":"https:\/\/elcalaixetdelaiaia.es\/index.php?rest_route=\/wp\/v2\/types\/post"}],"author":[{"embeddable":true,"href":"https:\/\/elcalaixetdelaiaia.es\/index.php?rest_route=\/wp\/v2\/users\/2"}],"replies":[{"embeddable":true,"href":"https:\/\/elcalaixetdelaiaia.es\/index.php?rest_route=%2Fwp%2Fv2%2Fcomments&post=1143"}],"version-history":[{"count":11,"href":"https:\/\/elcalaixetdelaiaia.es\/index.php?rest_route=\/wp\/v2\/posts\/1143\/revisions"}],"predecessor-version":[{"id":25750,"href":"https:\/\/elcalaixetdelaiaia.es\/index.php?rest_route=\/wp\/v2\/posts\/1143\/revisions\/25750"}],"wp:featuredmedia":[{"embeddable":true,"href":"https:\/\/elcalaixetdelaiaia.es\/index.php?rest_route=\/wp\/v2\/media\/13397"}],"wp:attachment":[{"href":"https:\/\/elcalaixetdelaiaia.es\/index.php?rest_route=%2Fwp%2Fv2%2Fmedia&parent=1143"}],"wp:term":[{"taxonomy":"category","embeddable":true,"href":"https:\/\/elcalaixetdelaiaia.es\/index.php?rest_route=%2Fwp%2Fv2%2Fcategories&post=1143"},{"taxonomy":"post_tag","embeddable":true,"href":"https:\/\/elcalaixetdelaiaia.es\/index.php?rest_route=%2Fwp%2Fv2%2Ftags&post=1143"}],"curies":[{"name":"wp","href":"https:\/\/api.w.org\/{rel}","templated":true}]}}