{"id":1142,"date":"2013-10-12T20:40:00","date_gmt":"2013-10-12T20:40:00","guid":{"rendered":"http:\/\/elcalaixetdelaiaia.es\/berenjenas-rellenas"},"modified":"2024-03-20T20:50:03","modified_gmt":"2024-03-20T20:50:03","slug":"berenjenas-rellenas","status":"publish","type":"post","link":"https:\/\/elcalaixetdelaiaia.es\/?p=1142","title":{"rendered":"Berenjenas rellenas de carne y bechamel paso a paso foto a foto"},"content":{"rendered":"<p>\u00abRefrany; De mala alberg\u00edna, mai bona carabassa. De mala berenjena, nunca buena calabaza.<\/p>\n<p>La berenjena es originaria de las zonas tropicales y subtropicales asi\u00e1ticas. Se cultiva desde muy antiguo en la India, Birmania y China. Hacia el a\u00f1o 1.200 ya se cultivaba en Egipto, desde donde fue introducida en la Edad Media, a trav\u00e9s de la Pen\u00ednsula Ib\u00e9rica y Turqu\u00eda, a los pa\u00edses de la cuenca Mediterr\u00e1nea y el resto de Europa. Fue en el siglo XVII cuando se introdujo en la alimentaci\u00f3n, tras ser utilizada en medicina para combatir inflamaciones cut\u00e1neas y quemaduras.<\/p>\n<div>\n<div style=\"text-align: center;\"><a style=\"margin-left: 1em; margin-right: 1em;\" href=\"http:\/\/3.bp.blogspot.com\/-JAHL9pQTysw\/Ulmnj7HtZTI\/AAAAAAAACD0\/S_PmxMJN1kA\/s1600\/berenj1.jpg\"><img decoding=\"async\" loading=\"lazy\" src=\"https:\/\/elcalaixetdelaiaia.es\/wp-content\/uploads\/2013\/10\/berenj1.jpg\" width=\"640\" height=\"466\" border=\"0\" \/><\/a><\/div>\n<div><\/div>\n<div>Es una hortaliza con un valor energ\u00e9tico bajo (apenas suponen 26 kcal\/100g). Su contenido en agua, al igual que el del resto de hortalizas, es muy elevado, llegando al 92 % de su peso total. Contiene una cantidad considerable de hidratos de carbono, que puede llegar a superar el 4,4%, as\u00ed como en prote\u00ednas, que suponen un 1,2%. En cuanto al contenido en grasa, es pr\u00e1cticamente inapreciable (0,18%). Adem\u00e1s es de destacar su elevado contenido en fibra, 2,5%.<\/div>\n<div>Es diur\u00e9tica, digestiva y anticancer\u00edgena.<\/div>\n<div><\/div>\n<div>He cocinado unas berenjenas rellenas, muy b\u00e1sicas y ricas&#8230; a mi manera.<\/div>\n<div>Para hacerlas necesitaremos;<\/div>\n<div><\/div>\n<div class=\"separator\" style=\"clear: both; text-align: center;\"><a style=\"margin-left: 1em; margin-right: 1em;\" href=\"http:\/\/2.bp.blogspot.com\/-NlL6LcLd7YU\/UlmmxKcmb9I\/AAAAAAAACDI\/dyUEfrJ3jxE\/s1600\/berenj9.jpg\"><img decoding=\"async\" loading=\"lazy\" src=\"https:\/\/elcalaixetdelaiaia.es\/wp-content\/uploads\/2013\/10\/berenj9.jpg\" width=\"640\" height=\"480\" border=\"0\" \/><\/a><\/div>\n<div>\n<ol>\n<li>1\/4 de carne de cerdo y ternera picada<\/li>\n<li>Una berenjena por persona<\/li>\n<li>Queso rallado \u00f3 tranchetes<\/li>\n<li>Aceite de oliva<\/li>\n<li>Una cebolla<\/li>\n<li>Harina<\/li>\n<li>Leche<\/li>\n<li>Quesitos en porciones<\/li>\n<li>Nuez moscada<\/li>\n<li>Sal<\/li>\n<\/ol>\n<p>Estamos en el pueblo, y he tenido que encargar la compra a un familiar que bajaba a Teruel. Por no perder mucho tiempo en lugar de a la carnicer\u00eda, han ido al s\u00faper y me han tra\u00eddo carne picada envasada. S\u00f3lo la uso as\u00ed, cuando no hay mas remedio, me gusta elegir el trozo de ternera y de magro de cerdo que me gusta, y que la piquen delante de m\u00ed, porque el sabor&#8230; no tiene nada que ver, pero claro, depende de las circunstancias, \u00abCuando no hay lomo, todo como\u00bb<\/p>\n<\/div>\n<div class=\"separator\" style=\"clear: both; text-align: center;\"><a style=\"margin-left: 1em; margin-right: 1em;\" href=\"http:\/\/4.bp.blogspot.com\/-xTtnwK3YV6c\/UlmmxCru_VI\/AAAAAAAACDM\/I5AaEitb9-4\/s1600\/berenj8.jpg\"><img decoding=\"async\" loading=\"lazy\" src=\"https:\/\/elcalaixetdelaiaia.es\/wp-content\/uploads\/2013\/10\/berenj8.jpg\" width=\"640\" height=\"480\" border=\"0\" \/><\/a><\/div>\n<div class=\"separator\" style=\"clear: both; text-align: center;\"><\/div>\n<div>Comenzaremos partiendo la berenjena por la mitad y vaciando cuidadosamente la pulpa que reservaremos.<\/div>\n<div><\/div>\n<div class=\"separator\" style=\"clear: both; text-align: center;\"><a style=\"margin-left: 1em; margin-right: 1em;\" href=\"http:\/\/4.bp.blogspot.com\/-V03mHVCCPM8\/UlmmvtoG3ZI\/AAAAAAAACC8\/ey8b9QUoIsQ\/s1600\/berenj7.jpg\"><img decoding=\"async\" loading=\"lazy\" src=\"https:\/\/elcalaixetdelaiaia.es\/wp-content\/uploads\/2013\/10\/berenj7.jpg\" width=\"640\" height=\"468\" border=\"0\" \/><\/a><\/div>\n<div class=\"separator\" style=\"clear: both; text-align: center;\"><\/div>\n<div class=\"separator\" style=\"clear: both; text-align: left;\">Los trozos grandes los envuelvo en papel film y los hago al d\u00eda siguiente rebozados en harina como acompa\u00f1amiento de carne. Los trozos peque\u00f1os los troceo<\/div>\n<div class=\"separator\" style=\"clear: both; text-align: left;\"><\/div>\n<div class=\"separator\" style=\"clear: both; text-align: center;\"><a style=\"margin-left: 1em; margin-right: 1em;\" href=\"http:\/\/4.bp.blogspot.com\/-bW3blxs_sjM\/UlmnQ3J0nxI\/AAAAAAAACDg\/Uy7Da454HS8\/s1600\/berenj6.jpg\"><img decoding=\"async\" loading=\"lazy\" src=\"https:\/\/elcalaixetdelaiaia.es\/wp-content\/uploads\/2013\/10\/berenj6.jpg\" width=\"640\" height=\"480\" border=\"0\" \/><\/a><\/div>\n<div class=\"separator\" style=\"clear: both; text-align: left;\"><\/div>\n<div class=\"separator\" style=\"clear: both; text-align: left;\">\u00a0Y los pongo a fre\u00edr en aceite junto a la carne al fuego lento. Sal y pimienta y reservo.<\/div>\n<div class=\"separator\" style=\"clear: both; text-align: left;\"><\/div>\n<div class=\"separator\" style=\"clear: both; text-align: center;\"><a style=\"margin-left: 1em; margin-right: 1em;\" href=\"http:\/\/1.bp.blogspot.com\/-2Ndk-QpY8Dc\/UlmnRiLOOiI\/AAAAAAAACDk\/yTpRf18erjo\/s1600\/berenj5.jpg\"><img decoding=\"async\" loading=\"lazy\" src=\"https:\/\/elcalaixetdelaiaia.es\/wp-content\/uploads\/2013\/10\/berenj5.jpg\" width=\"640\" height=\"480\" border=\"0\" \/><\/a><\/div>\n<div class=\"separator\" style=\"clear: both; text-align: left;\"><\/div>\n<div>En una sart\u00e9n pongo en aceite la cebolla rallada a pochar. En cuanto est\u00e1 lista agrego dos cucharadas soperas de harina para que se dore un poco a fuego lento, \u00e9ste paso es IMPRESCINDIBLE, pues de lo contrario la harina sabe a cruda y altera el gusto de la bechamel. Una vez dorada la harina voy a\u00f1adiendo lentamente la leche, sin dejar de remover para evitar grumos y que se pegue. Ha de quedar una bechamel mas bien compacta. Cuando se despega de la sart\u00e9n a\u00f1ado 4 quesitos en porciones y nuez moscada.<\/div>\n<div><\/div>\n<div class=\"separator\" style=\"clear: both; text-align: center;\"><a style=\"margin-left: 1em; margin-right: 1em;\" href=\"http:\/\/3.bp.blogspot.com\/-MIBSMwjo4KU\/UlmnGkHz7-I\/AAAAAAAACDU\/AeqNkX3Lo74\/s1600\/berenj4.jpg\"><img decoding=\"async\" loading=\"lazy\" src=\"https:\/\/elcalaixetdelaiaia.es\/wp-content\/uploads\/2013\/10\/berenj4.jpg\" width=\"640\" height=\"374\" border=\"0\" \/><\/a><\/div>\n<div><\/div>\n<div>Junto con la carne y cebolla y relleno con la mezcla las berenjenas. Espolvoreo queso rallado y 30 minutos de horno. Despu\u00e9s 5 minutos de grill.<\/div>\n<div><\/div>\n<div class=\"separator\" style=\"clear: both; text-align: center;\"><a style=\"margin-left: 1em; margin-right: 1em;\" href=\"http:\/\/1.bp.blogspot.com\/-bCjCRABWeU4\/UlmncoUuSwI\/AAAAAAAACDs\/Y6ZcqdYxauA\/s1600\/berenj3.jpg\"><img decoding=\"async\" loading=\"lazy\" src=\"https:\/\/elcalaixetdelaiaia.es\/wp-content\/uploads\/2013\/10\/berenj3.jpg\" width=\"640\" height=\"420\" border=\"0\" \/><\/a><\/div>\n<div class=\"separator\" style=\"clear: both; text-align: center;\"><\/div>\n<div style=\"text-align: center;\">Transcurridos los cuales&#8230;<\/div>\n<div style=\"text-align: center;\"><\/div>\n<div class=\"separator\" style=\"clear: both; text-align: center;\"><a style=\"margin-left: 1em; margin-right: 1em;\" href=\"http:\/\/3.bp.blogspot.com\/-JAHL9pQTysw\/Ulmnj7HtZTI\/AAAAAAAACD0\/S_PmxMJN1kA\/s1600\/berenj1.jpg\"><img decoding=\"async\" loading=\"lazy\" src=\"https:\/\/elcalaixetdelaiaia.es\/wp-content\/uploads\/2013\/10\/berenj1.jpg\" width=\"640\" height=\"466\" border=\"0\" \/><\/a><\/div>\n<div style=\"text-align: center;\"><\/div>\n<div style=\"text-align: center;\">Asi quedar\u00e1n nuestras berenjenas,<\/div>\n<div style=\"text-align: center;\"><\/div>\n<div class=\"separator\" style=\"clear: both; text-align: center;\"><a style=\"margin-left: 1em; margin-right: 1em;\" href=\"http:\/\/1.bp.blogspot.com\/-OJSWfIsdvi0\/Ulmnnm1XLbI\/AAAAAAAACD8\/2nNJKo20r-k\/s1600\/berenj2.jpg\"><img decoding=\"async\" loading=\"lazy\" src=\"https:\/\/elcalaixetdelaiaia.es\/wp-content\/uploads\/2013\/10\/berenj2.jpg\" width=\"640\" height=\"472\" border=\"0\" \/><\/a><\/div>\n<div style=\"text-align: center;\"><\/div>\n<div style=\"text-align: center;\">\u00a0pero si cambiamos el queso rallado por tranchetes&#8230; \u00e9ste ser\u00e1 el aspecto. De cualquier manera ricas, ricas mmmm&#8230;a la taula y&#8230;<\/div>\n<div style=\"text-align: center;\">BON PROFIT!!!<br \/>\nSi te gusta mi receta, puedes compartirla para que llegue a m\u00e1s gente.<br \/>\nEspero tus comentarios y recuerda que tambi\u00e9n estoy en Facebook\u00a0<a href=\"https:\/\/www.facebook.com\/El-calaixet-de-la-iaia-533062140099386\/\">https:\/\/www.facebook.com\/El-calaixet-de-la-iaia-533062140099386\/<\/a><\/div>\n<\/div>\n","protected":false},"excerpt":{"rendered":"<p>\u00abRefrany; De mala alberg\u00edna, mai bona carabassa. De mala berenjena, nunca buena calabaza. La berenjena es originaria de las zonas tropicales y subtropicales asi\u00e1ticas. Se cultiva desde muy antiguo en la India, Birmania y China. Hacia el a\u00f1o 1.200 ya se cultivaba en Egipto, desde donde fue introducida en la &hellip; <\/p>\n","protected":false},"author":2,"featured_media":13394,"comment_status":"open","ping_status":"open","sticky":false,"template":"","format":"standard","meta":[],"categories":[1,58],"tags":[],"_links":{"self":[{"href":"https:\/\/elcalaixetdelaiaia.es\/index.php?rest_route=\/wp\/v2\/posts\/1142"}],"collection":[{"href":"https:\/\/elcalaixetdelaiaia.es\/index.php?rest_route=\/wp\/v2\/posts"}],"about":[{"href":"https:\/\/elcalaixetdelaiaia.es\/index.php?rest_route=\/wp\/v2\/types\/post"}],"author":[{"embeddable":true,"href":"https:\/\/elcalaixetdelaiaia.es\/index.php?rest_route=\/wp\/v2\/users\/2"}],"replies":[{"embeddable":true,"href":"https:\/\/elcalaixetdelaiaia.es\/index.php?rest_route=%2Fwp%2Fv2%2Fcomments&post=1142"}],"version-history":[{"count":4,"href":"https:\/\/elcalaixetdelaiaia.es\/index.php?rest_route=\/wp\/v2\/posts\/1142\/revisions"}],"predecessor-version":[{"id":27334,"href":"https:\/\/elcalaixetdelaiaia.es\/index.php?rest_route=\/wp\/v2\/posts\/1142\/revisions\/27334"}],"wp:featuredmedia":[{"embeddable":true,"href":"https:\/\/elcalaixetdelaiaia.es\/index.php?rest_route=\/wp\/v2\/media\/13394"}],"wp:attachment":[{"href":"https:\/\/elcalaixetdelaiaia.es\/index.php?rest_route=%2Fwp%2Fv2%2Fmedia&parent=1142"}],"wp:term":[{"taxonomy":"category","embeddable":true,"href":"https:\/\/elcalaixetdelaiaia.es\/index.php?rest_route=%2Fwp%2Fv2%2Fcategories&post=1142"},{"taxonomy":"post_tag","embeddable":true,"href":"https:\/\/elcalaixetdelaiaia.es\/index.php?rest_route=%2Fwp%2Fv2%2Ftags&post=1142"}],"curies":[{"name":"wp","href":"https:\/\/api.w.org\/{rel}","templated":true}]}}