{"id":1129,"date":"2013-10-23T15:01:00","date_gmt":"2013-10-23T15:01:00","guid":{"rendered":"http:\/\/elcalaixetdelaiaia.es\/coca-fina-de-sardinas"},"modified":"2024-01-23T09:37:11","modified_gmt":"2024-01-23T09:37:11","slug":"coca-fina-de-sardinas","status":"publish","type":"post","link":"https:\/\/elcalaixetdelaiaia.es\/?p=1129","title":{"rendered":"Coca  fina de sardinas paso a paso foto a foto"},"content":{"rendered":"<p>\u00abRefrany; Les sardines i els ous, grossos o xicotets, menja-te&#8217;ls amb els ditets\u00bb. Las sardinas y los huevos, gordos o peque\u00f1itos, c\u00f3metelos con los deditos.<\/p>\n<div class=\"separator\" style=\"clear: both; text-align: center;\"><a style=\"margin-left: 1em; margin-right: 1em;\" href=\"http:\/\/4.bp.blogspot.com\/-1Y3aIJb3KTY\/UmaecH_BkXI\/AAAAAAAACXE\/7I_uM-r2JOE\/s1600\/sardines+de+bota.jpg\"><img decoding=\"async\" loading=\"lazy\" src=\"https:\/\/elcalaixetdelaiaia.es\/wp-content\/uploads\/2013\/10\/sardines-de-bota.jpg\" width=\"640\" height=\"480\" border=\"0\" \/><\/a><\/div>\n<div>Hay muchas clases de cocas saladas, con gran variedad de ingredientes y de masas. Normalmente la hago de masa mas gruesa, pero \u00e9sta vez, me apetec\u00eda hacerla mas fina, as\u00ed que puse la mitad de harina.<br \/>\nSali\u00f3 muy rica y crujiente, incluso de un d\u00eda para otro a mi padre le estuvo muy buena, aunque las sardinas de bota, las encontramos excesivamente saladas a pesar de haberlas tenido dos horas en leche tibia, quiz\u00e1s haya sido porque en casa hace unos a\u00f1os que comemos muy poca sal, por aquello de la tensi\u00f3n pero en fin, un d\u00eda es un d\u00eda y el placer de una sardina de bota mmm. Pues aprovechemos estas de bota, que no es necesario comprarlas en mes sin \u00abR\u00bb \ud83d\ude09 <span class=\"x193iq5w xeuugli x13faqbe x1vvkbs x1xmvt09 x1lliihq x1s928wv xhkezso x1gmr53x x1cpjm7i x1fgarty x1943h6x xudqn12 x3x7a5m x6prxxf xvq8zen xo1l8bm xzsf02u\" dir=\"auto\">Aunque se puede encontrar todo el a\u00f1o, las estaciones c\u00e1lidas son la mejor \u00e9poca para la pesca de las sardinas (de mayo a octubre), puesto que es cuando las aguas superficiales son m\u00e1s c\u00e1lidas, el plancton es m\u00e1s abundante y la sardina se sobrealimenta, engordando y acumulando gran cantidad de grasa, que acent\u00faa su sabor, debemos recordar lo sano que es comer sardinas, bien sean frescas, en conserva o de bota.<\/span><\/div>\n<div>Necesitaremos;<\/div>\n<div><\/div>\n<div>\n<div class=\"separator\" style=\"clear: both; text-align: center;\"><a style=\"margin-left: 1em; margin-right: 1em;\" href=\"http:\/\/1.bp.blogspot.com\/-bONUxn1fmfs\/UmfdYfrvq0I\/AAAAAAAACYc\/e2Rkaehiz7Y\/s1600\/IMG_2230.JPG\"><img decoding=\"async\" loading=\"lazy\" src=\"https:\/\/elcalaixetdelaiaia.es\/wp-content\/uploads\/2013\/10\/IMG_2230.jpg\" width=\"640\" height=\"450\" border=\"0\" \/><\/a><\/div>\n<div id=\"feed-recipe-details\" class=\"layout1-main pcl-margin-left\">\n<div class=\"feed-data-feedrecipe aamatch\">\n<ol>\n<li>40ml de aceite de oliva<\/li>\n<li>Medio vaso de agua tibia<\/li>\n<li>Una cucharadita de caf\u00e9, de sal<\/li>\n<li>25g de levadura fresca (un cubito)<\/li>\n<li>300grs de harina de fuerza<\/li>\n<li>4 Sardinas de bota o sardinas saladas, tambi\u00e9n se puede hacer con sardinas en aceite, pero que sean de calidad, por ejemplo son buen\u00edsimas las de la marca Albo.<\/li>\n<li>2 tomates<\/li>\n<li>1 cebolla<\/li>\n<li>5 o 6 champi\u00f1ones<\/li>\n<li>Aceite<\/li>\n<li>Albahaca \u00abalf\u00e1bega\u00bb<\/li>\n<\/ol>\n<div class=\"separator\" style=\"clear: both; text-align: center;\"><a style=\"margin-left: 1em; margin-right: 1em;\" href=\"http:\/\/2.bp.blogspot.com\/-EXWvkwx4-gI\/UmfddfHu1OI\/AAAAAAAACZc\/hDmAfI3z2No\/s1600\/IMG_2243.JPG\"><img decoding=\"async\" loading=\"lazy\" src=\"https:\/\/elcalaixetdelaiaia.es\/wp-content\/uploads\/2013\/10\/IMG_2243.jpg\" width=\"640\" height=\"426\" border=\"0\" \/><\/a><\/div>\n<div class=\"feed-data-feedrecipe aamatch\">\n<div style=\"text-align: center;\">Lo primero es \u00a0poner las sardinas a remojo en leche tibia, para desalarlas un poco.<\/div>\n<div>Si como nosotros, sol\u00e9is comer con poca sal generalmente, os aconsejo, cambiar la leche un par de veces.<\/div>\n<\/div>\n<div class=\"separator\" style=\"clear: both; text-align: center;\"><a style=\"margin-left: 1em; margin-right: 1em;\" href=\"http:\/\/4.bp.blogspot.com\/-IOQ-YcJtOO0\/UmfdV6fWBaI\/AAAAAAAACYA\/Xj2PAuOfmRQ\/s1600\/IMG_2233.JPG\"><img decoding=\"async\" loading=\"lazy\" src=\"https:\/\/elcalaixetdelaiaia.es\/wp-content\/uploads\/2013\/10\/IMG_2233.jpg\" width=\"640\" height=\"426\" border=\"0\" \/><\/a><\/div>\n<div style=\"text-align: center;\">Y ya empezamos a preparar la masa, del modo tradicional, colocamos la harina en un bol amplio.<\/div>\n<div class=\"separator\" style=\"clear: both; text-align: center;\"><a style=\"margin-left: 1em; margin-right: 1em;\" href=\"http:\/\/2.bp.blogspot.com\/-TwsvUNiwoEw\/UmfdXBa73eI\/AAAAAAAACYM\/IfDfprlUPGw\/s1600\/IMG_2234.JPG\"><img decoding=\"async\" loading=\"lazy\" src=\"https:\/\/elcalaixetdelaiaia.es\/wp-content\/uploads\/2013\/10\/IMG_2234.jpg\" width=\"640\" height=\"426\" border=\"0\" \/><\/a><\/div>\n<div class=\"instructions\">\n<div style=\"font-family: 'Times New Roman'; font-size: medium;\">\n<div style=\"text-align: center;\">Deshacemos la levadura en el agua tibia, para ello podremos el agua a calentar en el microondas<\/div>\n<div class=\"separator\" style=\"clear: both; text-align: center;\"><a style=\"margin-left: 1em; margin-right: 1em;\" href=\"http:\/\/4.bp.blogspot.com\/-Z6AhlO9AY0U\/UmfdZ_Sd7tI\/AAAAAAAACY0\/dBnVwyNUnME\/s1600\/IMG_2238.JPG\"><img decoding=\"async\" loading=\"lazy\" src=\"https:\/\/elcalaixetdelaiaia.es\/wp-content\/uploads\/2013\/10\/IMG_2238.jpg\" width=\"640\" height=\"426\" border=\"0\" \/><\/a><\/div>\n<\/div>\n<div style=\"font-family: 'Times New Roman'; font-size: medium;\">\n<div style=\"text-align: center;\">Con el agua tibia deshacemos la levadura. Recordad que el agua ha de estar TIBIA, no caliente, pues si est\u00e1 caliente la levadura se estropea y no sube. Hacemos un hoyo en la harina como un peque\u00f1o volc\u00e1n y<\/div>\n<div class=\"separator\" style=\"clear: both; text-align: center;\"><a style=\"margin-left: 1em; margin-right: 1em;\" href=\"http:\/\/3.bp.blogspot.com\/--6osTFHFswk\/UmfdYLRB3CI\/AAAAAAAACYg\/u0wSER8BV_M\/s1600\/IMG_2236.JPG\"><img decoding=\"async\" loading=\"lazy\" src=\"https:\/\/elcalaixetdelaiaia.es\/wp-content\/uploads\/2013\/10\/IMG_2236.jpg\" width=\"640\" height=\"426\" border=\"0\" \/><\/a><\/div>\n<div style=\"text-align: center;\">a\u00f1adimos la sal,<\/div>\n<div class=\"separator\" style=\"clear: both; text-align: center;\"><a style=\"margin-left: 1em; margin-right: 1em;\" href=\"http:\/\/4.bp.blogspot.com\/-HbUMjHVO3QQ\/UmfdYtkFGrI\/AAAAAAAACYk\/IQZxchA5vVM\/s1600\/IMG_2237.JPG\"><img decoding=\"async\" loading=\"lazy\" src=\"https:\/\/elcalaixetdelaiaia.es\/wp-content\/uploads\/2013\/10\/IMG_2237.jpg\" width=\"640\" height=\"426\" border=\"0\" \/><\/a><\/div>\n<div style=\"text-align: center;\">\u00a0y el aceite.<\/div>\n<div class=\"separator\" style=\"clear: both; text-align: center;\"><a style=\"margin-left: 1em; margin-right: 1em;\" href=\"http:\/\/4.bp.blogspot.com\/-Xzm79ytRRI8\/UmfdaqbMN7I\/AAAAAAAACY8\/oCXHpU8ZS_c\/s1600\/IMG_2239.JPG\"><img decoding=\"async\" loading=\"lazy\" src=\"https:\/\/elcalaixetdelaiaia.es\/wp-content\/uploads\/2013\/10\/IMG_2239.jpg\" width=\"640\" height=\"426\" border=\"0\" \/><\/a><\/div>\n<div style=\"text-align: center;\">una vez todos los ingredientes juntos<\/div>\n<div class=\"separator\" style=\"clear: both; text-align: center;\"><a style=\"margin-left: 1em; margin-right: 1em;\" href=\"http:\/\/3.bp.blogspot.com\/-6y-ziCY6xCU\/UmfdaOR21TI\/AAAAAAAACY4\/UXP5ngktb88\/s1600\/IMG_2240.JPG\"><img decoding=\"async\" loading=\"lazy\" src=\"https:\/\/elcalaixetdelaiaia.es\/wp-content\/uploads\/2013\/10\/IMG_2240.jpg\" width=\"640\" height=\"426\" border=\"0\" \/><\/a><\/div>\n<div style=\"text-align: center;\">amasamos a mano<\/div>\n<div class=\"separator\" style=\"clear: both; text-align: center;\"><a style=\"margin-left: 1em; margin-right: 1em;\" href=\"http:\/\/1.bp.blogspot.com\/-oIoFVAdrrts\/UmfddTvP1qI\/AAAAAAAACZU\/15n1aZvrydQ\/s1600\/IMG_2241.JPG\"><img decoding=\"async\" loading=\"lazy\" src=\"https:\/\/elcalaixetdelaiaia.es\/wp-content\/uploads\/2013\/10\/IMG_2241.jpg\" width=\"640\" height=\"426\" border=\"0\" \/><\/a><\/div>\n<div style=\"text-align: center;\">Una vez tenemos la masa mezclada, tapamos con papel film, o fundas reutilizables de cocina,<\/div>\n<div class=\"separator\" style=\"clear: both; text-align: center;\"><a style=\"margin-left: 1em; margin-right: 1em;\" href=\"http:\/\/4.bp.blogspot.com\/-WpN_gP-IhqQ\/Umfdb5SNOZI\/AAAAAAAACZE\/g7aUV9sj6s4\/s1600\/IMG_2242.JPG\"><img decoding=\"async\" loading=\"lazy\" src=\"https:\/\/elcalaixetdelaiaia.es\/wp-content\/uploads\/2013\/10\/IMG_2242.jpg\" width=\"640\" height=\"426\" border=\"0\" \/><\/a><\/div>\n<div style=\"text-align: center;\">\u00a0arropamos con un pa\u00f1o y dejamos fermentar unos 60 minutos o hasta que doble el volumen.<\/div>\n<div class=\"separator\" style=\"clear: both; text-align: center;\"><a style=\"margin-left: 1em; margin-right: 1em;\" href=\"http:\/\/3.bp.blogspot.com\/-NuG6nFWJjcI\/UmfddWMcYEI\/AAAAAAAACZY\/fpR9eWK8Ofs\/s1600\/IMG_2245.JPG\"><img decoding=\"async\" loading=\"lazy\" src=\"https:\/\/elcalaixetdelaiaia.es\/wp-content\/uploads\/2013\/10\/IMG_2245.jpg\" width=\"640\" height=\"426\" border=\"0\" \/><\/a><\/div>\n<\/div>\n<div style=\"font-family: 'Times New Roman'; font-size: medium;\">\n<div style=\"text-align: center;\">Laminaremos los champi\u00f1ones y cortaremos la cebolla en aros,<\/div>\n<div class=\"separator\" style=\"clear: both; text-align: center;\"><a style=\"margin-left: 1em; margin-right: 1em;\" href=\"http:\/\/1.bp.blogspot.com\/-eC5dC6PSVMU\/UmfdfnZ4hBI\/AAAAAAAACZs\/ogRVcCggCkY\/s1600\/IMG_2246.JPG\"><img decoding=\"async\" loading=\"lazy\" src=\"https:\/\/elcalaixetdelaiaia.es\/wp-content\/uploads\/2013\/10\/IMG_2246.jpg\" width=\"640\" height=\"426\" border=\"0\" \/><\/a><\/div>\n<div style=\"text-align: center;\">\u00a0y doraremos con aceite al fuego ligeramente,<\/div>\n<div class=\"separator\" style=\"clear: both; text-align: center;\"><a style=\"margin-left: 1em; margin-right: 1em;\" href=\"http:\/\/2.bp.blogspot.com\/-75eznow9sT0\/UmfdfHW7GxI\/AAAAAAAACZo\/xmWrUyihDr4\/s1600\/IMG_2247.JPG\"><img decoding=\"async\" loading=\"lazy\" src=\"https:\/\/elcalaixetdelaiaia.es\/wp-content\/uploads\/2013\/10\/IMG_2247.jpg\" width=\"640\" height=\"426\" border=\"0\" \/><\/a><\/div>\n<div style=\"text-align: center;\">hay que tener en cuenta que en el horno se terminar\u00e1n de hacer y si los fre\u00edmos demasiado en la sart\u00e9n, luego quedan quemados.<\/div>\n<div class=\"separator\" style=\"clear: both; text-align: center;\"><a style=\"margin-left: 1em; margin-right: 1em;\" href=\"http:\/\/2.bp.blogspot.com\/-GnLEkPjAQ9I\/UmfggGFjOTI\/AAAAAAAACcg\/jcD0xdYrrRE\/s1600\/IMGP8187.jpg\"><img decoding=\"async\" loading=\"lazy\" src=\"https:\/\/elcalaixetdelaiaia.es\/wp-content\/uploads\/2013\/10\/IMGP8187.jpg\" width=\"480\" height=\"640\" border=\"0\" \/><\/a><\/div>\n<\/div>\n<div style=\"font-family: 'Times New Roman'; font-size: medium;\">\n<div style=\"text-align: center;\">Precalentamos el horno a 220\u00ba, si puede ser arriba y abajo<\/div>\n<div class=\"separator\" style=\"clear: both; text-align: center;\"><a style=\"margin-left: 1em; margin-right: 1em;\" href=\"http:\/\/4.bp.blogspot.com\/-SQ-oGpAOet0\/UmfdgsHxqRI\/AAAAAAAACZ8\/7Dl8yw_Zjww\/s1600\/IMG_2253.JPG\"><img decoding=\"async\" loading=\"lazy\" src=\"https:\/\/elcalaixetdelaiaia.es\/wp-content\/uploads\/2013\/10\/IMG_2253.jpg\" width=\"640\" height=\"426\" border=\"0\" \/><\/a><\/div>\n<\/div>\n<div style=\"font-family: 'Times New Roman'; font-size: medium;\">\n<div style=\"text-align: center;\">Cuando fermente la masa, espolvoreamos el banco de la cocina con harina<\/div>\n<div class=\"separator\" style=\"clear: both; text-align: center;\"><a style=\"margin-left: 1em; margin-right: 1em;\" href=\"http:\/\/4.bp.blogspot.com\/-QygDcBoKbeo\/UmfdidZ9ynI\/AAAAAAAACaQ\/Z06EuJzgKQU\/s1600\/IMG_2256.JPG\"><img decoding=\"async\" loading=\"lazy\" src=\"https:\/\/elcalaixetdelaiaia.es\/wp-content\/uploads\/2013\/10\/IMG_2256.jpg\" width=\"640\" height=\"432\" border=\"0\" \/><\/a><\/div>\n<div style=\"text-align: center;\">\u00a0y estiramos con el rodillo.<\/div>\n<div class=\"separator\" style=\"clear: both; text-align: center;\"><a style=\"margin-left: 1em; margin-right: 1em;\" href=\"http:\/\/1.bp.blogspot.com\/-FbtaucpSv2w\/UmfdjOrGF3I\/AAAAAAAACac\/VB69eu6UM9o\/s1600\/IMG_2257.JPG\"><img decoding=\"async\" loading=\"lazy\" src=\"https:\/\/elcalaixetdelaiaia.es\/wp-content\/uploads\/2013\/10\/IMG_2257.jpg\" width=\"640\" height=\"426\" border=\"0\" \/><\/a><\/div>\n<div style=\"text-align: center;\">Procuramos darle la forma de la \u00abllanda\u00bb \u00f3 una bandeja de horno<\/div>\n<div class=\"separator\" style=\"clear: both; text-align: center;\"><a style=\"margin-left: 1em; margin-right: 1em;\" href=\"http:\/\/4.bp.blogspot.com\/-kJrkiHbut5s\/Umfdke334fI\/AAAAAAAACao\/20JRfsxocOQ\/s1600\/IMG_2258.JPG\"><img decoding=\"async\" loading=\"lazy\" src=\"https:\/\/elcalaixetdelaiaia.es\/wp-content\/uploads\/2013\/10\/IMG_2258.jpg\" width=\"640\" height=\"428\" border=\"0\" \/><\/a><\/div>\n<div style=\"text-align: center;\">Espolvoreamos mas harina en la masa y el rodillo y enrollamos la masa, para trasladar y desenrrollarla en la \u00abllanda\u00bb sin que se nos rompa<\/div>\n<div class=\"separator\" style=\"clear: both; text-align: center;\"><a style=\"margin-left: 1em; margin-right: 1em;\" href=\"http:\/\/2.bp.blogspot.com\/-cPbJAuTpX0M\/UmfdkxidraI\/AAAAAAAACaw\/HnfRqvtUPhQ\/s1600\/IMG_2259.JPG\"><img decoding=\"async\" loading=\"lazy\" src=\"https:\/\/elcalaixetdelaiaia.es\/wp-content\/uploads\/2013\/10\/IMG_2259.jpg\" width=\"640\" height=\"426\" border=\"0\" \/><\/a><\/div>\n<div style=\"text-align: center;\">Ponemos papel de cocina en la llanda o bandeja del horno y ponemos all\u00ed la masa, desenrollando el rodillo con cuidado.<\/div>\n<div class=\"separator\" style=\"clear: both; text-align: center;\"><a style=\"margin-left: 1em; margin-right: 1em;\" href=\"http:\/\/1.bp.blogspot.com\/--jpXskVs3Rw\/UmfdlLWs3bI\/AAAAAAAACa0\/0eTvf9Ohb-w\/s1600\/IMG_2260.JPG\"><img decoding=\"async\" loading=\"lazy\" src=\"https:\/\/elcalaixetdelaiaia.es\/wp-content\/uploads\/2013\/10\/IMG_2260.jpg\" width=\"640\" height=\"408\" border=\"0\" \/><\/a><\/div>\n<div style=\"text-align: center;\">\u00a0Dejamos reposar de nuevo, tapando con papel film<\/div>\n<div class=\"separator\" style=\"clear: both; text-align: center;\"><a style=\"margin-left: 1em; margin-right: 1em;\" href=\"http:\/\/2.bp.blogspot.com\/-0B9viTG1HFU\/UmfdmGzG2-I\/AAAAAAAACa8\/zjxzKNzIjJI\/s1600\/IMG_2261.JPG\"><img decoding=\"async\" loading=\"lazy\" src=\"https:\/\/elcalaixetdelaiaia.es\/wp-content\/uploads\/2013\/10\/IMG_2261.jpg\" width=\"640\" height=\"432\" border=\"0\" \/><\/a><\/div>\n<div style=\"text-align: center;\">y arropamos con un pa\u00f1o de cocina otro ratito, mientras que<\/div>\n<div class=\"separator\" style=\"clear: both; text-align: center;\"><a style=\"margin-left: 1em; margin-right: 1em;\" href=\"http:\/\/2.bp.blogspot.com\/-Qf04lfIzKJ0\/UmfdneaJDGI\/AAAAAAAACbM\/WSmlPICF09U\/s1600\/IMG_2262.JPG\"><img decoding=\"async\" loading=\"lazy\" src=\"https:\/\/elcalaixetdelaiaia.es\/wp-content\/uploads\/2013\/10\/IMG_2262.jpg\" width=\"426\" height=\"640\" border=\"0\" \/><\/a><\/div>\n<div style=\"text-align: center;\">enjuagamos muy bien las sardinas que tenemos en leche, destripamos,\u00a0desescamamos y descabezamos.<\/div>\n<div>A unas malas, podr\u00edamos usar sardinas en conserva, aunque el sabor no ser\u00e1 el mismo, pero parecido.<\/div>\n<div class=\"separator\" style=\"clear: both; text-align: center;\"><a style=\"margin-left: 1em; margin-right: 1em;\" href=\"http:\/\/2.bp.blogspot.com\/-mx3lbKCSXE0\/UmfdgOOYfbI\/AAAAAAAACZ4\/dIqgll6tIic\/s1600\/IMG_2251.JPG\"><img decoding=\"async\" loading=\"lazy\" src=\"https:\/\/elcalaixetdelaiaia.es\/wp-content\/uploads\/2013\/10\/IMG_2251.jpg\" width=\"640\" height=\"426\" border=\"0\" \/><\/a><\/div>\n<div style=\"text-align: center;\">cortamos en rodajas los tomates<\/div>\n<div class=\"separator\" style=\"clear: both; text-align: center;\"><a style=\"margin-left: 1em; margin-right: 1em;\" href=\"http:\/\/3.bp.blogspot.com\/-FPVgzo-_mE8\/UmfdnWb7eKI\/AAAAAAAACbQ\/rSu8isuF9lM\/s1600\/IMG_2263.JPG\"><img decoding=\"async\" loading=\"lazy\" src=\"https:\/\/elcalaixetdelaiaia.es\/wp-content\/uploads\/2013\/10\/IMG_2263.jpg\" width=\"640\" height=\"412\" border=\"0\" \/><\/a><\/div>\n<\/div>\n<div style=\"font-family: 'Times New Roman'; font-size: medium;\">\n<div style=\"text-align: center;\">Colocamos los ingredientes del relleno<\/div>\n<div class=\"separator\" style=\"clear: both; text-align: center;\"><a style=\"margin-left: 1em; margin-right: 1em;\" href=\"http:\/\/2.bp.blogspot.com\/-kON2nn8jlew\/UmfdoI1K-LI\/AAAAAAAACbU\/1nq3aHIHxG4\/s1600\/IMG_2264.JPG\"><img decoding=\"async\" loading=\"lazy\" src=\"https:\/\/elcalaixetdelaiaia.es\/wp-content\/uploads\/2013\/10\/IMG_2264.jpg\" width=\"640\" height=\"409\" border=\"0\" \/><\/a><\/div>\n<div style=\"text-align: center;\">\u00a0y pintamos con aceite de oliva dos veces<\/div>\n<div class=\"separator\" style=\"clear: both; text-align: center;\"><a style=\"margin-left: 1em; margin-right: 1em;\" href=\"http:\/\/2.bp.blogspot.com\/-NwJV4Gj6IGY\/UmfdpeTtgJI\/AAAAAAAACbk\/ukCPceLI7DI\/s1600\/IMG_2266.JPG\"><img decoding=\"async\" loading=\"lazy\" src=\"https:\/\/elcalaixetdelaiaia.es\/wp-content\/uploads\/2013\/10\/IMG_2266.jpg\" width=\"640\" height=\"426\" border=\"0\" \/><\/a><\/div>\n<div style=\"text-align: center;\">dejando unos diez minutos entre pintada<\/div>\n<div class=\"separator\" style=\"clear: both; text-align: center;\"><a style=\"margin-left: 1em; margin-right: 1em;\" href=\"http:\/\/2.bp.blogspot.com\/-Apz9xWZS7cg\/Umfdph0BFzI\/AAAAAAAACbo\/Q-U1v5r0uW0\/s1600\/IMG_2268.JPG\"><img decoding=\"async\" loading=\"lazy\" src=\"https:\/\/elcalaixetdelaiaia.es\/wp-content\/uploads\/2013\/10\/IMG_2268.jpg\" width=\"640\" height=\"426\" border=\"0\" \/><\/a><\/div>\n<div style=\"text-align: center;\">y pintada, para que empape bien<\/div>\n<div class=\"separator\" style=\"clear: both; text-align: center;\"><a style=\"margin-left: 1em; margin-right: 1em;\" href=\"http:\/\/1.bp.blogspot.com\/-S_-FsW48xWw\/Umfdp67ZGvI\/AAAAAAAACbs\/TkwLDKj86dY\/s1600\/IMG_2270.JPG\"><img decoding=\"async\" loading=\"lazy\" class=\"\" src=\"https:\/\/elcalaixetdelaiaia.es\/wp-content\/uploads\/2013\/10\/IMG_2270.jpg\" width=\"655\" height=\"430\" border=\"0\" \/><\/a><\/div>\n<div style=\"text-align: center;\">Con la masa de los recortes, amasamos y damos forma a \u00e9ste pan , lo humedecemos con las manos mojadas, y lo ponemos en el horno con la coca. \u00a1No tiramos nada!<\/div>\n<\/div>\n<div>\n<div style=\"font-family: 'Times New Roman'; font-size: medium;\">\n<div style=\"text-align: center;\">Ahora la coca y el pan, 20 minutos al horno \u00f3 hasta que est\u00e9 dorada la coca<\/div>\n<\/div>\n<div style=\"font-family: 'Times New Roman'; font-size: medium;\">\n<div class=\"separator\" style=\"clear: both; text-align: center;\"><a style=\"margin-left: 1em; margin-right: 1em;\" href=\"http:\/\/4.bp.blogspot.com\/-1cliam91buY\/VRBef-FwvGI\/AAAAAAAAXlc\/AQE_qmjn_q8\/s1600\/sardinas.JPG\"><img decoding=\"async\" loading=\"lazy\" src=\"https:\/\/elcalaixetdelaiaia.es\/wp-content\/uploads\/2013\/10\/sardinas.jpg\" width=\"640\" height=\"426\" border=\"0\" \/><\/a><\/div>\n<\/div>\n<div style=\"font-family: 'Times New Roman'; font-size: medium;\">\n<div style=\"text-align: center;\">Antes de sacar del horno espolvoreamos con \u00abalf\u00e1bega\u00bb, albahaca y mantenemos en el mismo unos minutos, pero antes<\/div>\n<\/div>\n<div class=\"separator\" style=\"clear: both; font-family: 'Times New Roman'; font-size: medium; text-align: center;\"><a style=\"margin-left: 1em; margin-right: 1em;\" href=\"http:\/\/3.bp.blogspot.com\/-kfEcnBxIH9M\/Umfdt6H2OuI\/AAAAAAAACcM\/XECR2JsANfI\/s1600\/IMG_2292.JPG\"><img decoding=\"async\" loading=\"lazy\" src=\"https:\/\/elcalaixetdelaiaia.es\/wp-content\/uploads\/2013\/10\/IMG_2292.jpg\" width=\"640\" height=\"414\" border=\"0\" \/><\/a><\/div>\n<div style=\"font-family: 'Times New Roman'; font-size: medium;\">\n<div style=\"text-align: center;\">sacaremos nuestro panecillo, ya que habremos conseguido un pan de aceite buen\u00edsimo.<\/div>\n<\/div>\n<div class=\"separator\" style=\"clear: both; font-family: 'Times New Roman'; font-size: medium; text-align: center;\"><a style=\"margin-left: 1em; margin-right: 1em;\" href=\"http:\/\/1.bp.blogspot.com\/-l5nqX5L3b20\/UmfdsA3TYKI\/AAAAAAAACcA\/dBplKZ4UbzE\/s1600\/IMG_2273.JPG\"><img decoding=\"async\" loading=\"lazy\" src=\"https:\/\/elcalaixetdelaiaia.es\/wp-content\/uploads\/2013\/10\/IMG_2273.jpg\" width=\"640\" height=\"426\" border=\"0\" \/><\/a><\/div>\n<div style=\"font-family: 'Times New Roman'; font-size: medium;\">\n<div style=\"text-align: center;\">Y \u00e9ste aspecto presenta la coca<\/div>\n<\/div>\n<div class=\"separator\" style=\"clear: both; font-family: 'Times New Roman'; font-size: medium; text-align: center;\"><a style=\"margin-left: 1em; margin-right: 1em;\" href=\"http:\/\/4.bp.blogspot.com\/-9RjeRpTXYsE\/UmfdsaM0q5I\/AAAAAAAACcE\/mMGMheYMFis\/s1600\/IMG_2284.JPG\"><img decoding=\"async\" loading=\"lazy\" src=\"https:\/\/elcalaixetdelaiaia.es\/wp-content\/uploads\/2013\/10\/IMG_2284.jpg\" width=\"640\" height=\"438\" border=\"0\" \/><\/a><\/div>\n<div style=\"font-family: 'Times New Roman'; font-size: medium;\">\n<div style=\"text-align: center;\">que pinta y que hambre..<\/div>\n<\/div>\n<div class=\"separator\" style=\"clear: both; font-family: 'Times New Roman'; font-size: medium; text-align: center;\"><a style=\"margin-left: 1em; margin-right: 1em;\" href=\"http:\/\/4.bp.blogspot.com\/-42j2_azetqk\/UmfdukZixZI\/AAAAAAAACcc\/0uitzMeoZL4\/s1600\/IMG_2287.JPG\"><img decoding=\"async\" loading=\"lazy\" src=\"https:\/\/elcalaixetdelaiaia.es\/wp-content\/uploads\/2013\/10\/IMG_2287.jpg\" width=\"426\" height=\"640\" border=\"0\" \/><\/a><\/div>\n<div style=\"font-family: 'Times New Roman'; font-size: medium;\">\n<div style=\"text-align: center;\">A la taula y &#8230;<\/div>\n<\/div>\n<div class=\"separator\" style=\"clear: both; font-family: 'Times New Roman'; font-size: medium; text-align: center;\"><a style=\"margin-left: 1em; margin-right: 1em;\" href=\"http:\/\/1.bp.blogspot.com\/-aIupZXYkkS8\/UmfduvRZ56I\/AAAAAAAACcY\/lH2QFUSM33c\/s1600\/IMG_2295.JPG\"><img decoding=\"async\" loading=\"lazy\" src=\"https:\/\/elcalaixetdelaiaia.es\/wp-content\/uploads\/2013\/10\/IMG_2295.jpg\" width=\"640\" height=\"426\" border=\"0\" \/><\/a><\/div>\n<div style=\"font-family: 'Times New Roman'; font-size: medium;\">\n<div style=\"text-align: center;\">BON PROFIT!!!<\/div>\n<\/div>\n<div style=\"text-align: center;\">Si te gusta mi receta, puedes compartirla, para que llegue a m\u00e1s gente.<br \/>\nEspero tus comentarios y recuerda que tambi\u00e9n estoy en Facebook\u00a0<a href=\"https:\/\/www.facebook.com\/El-calaixet-de-la-iaia-533062140099386\/\">https:\/\/www.facebook.com\/El-calaixet-de-la-iaia-533062140099386\/<\/a><\/div>\n<\/div>\n<\/div>\n<\/div>\n<\/div>\n<\/div>\n","protected":false},"excerpt":{"rendered":"<p>\u00abRefrany; Les sardines i els ous, grossos o xicotets, menja-te&#8217;ls amb els ditets\u00bb. Las sardinas y los huevos, gordos o peque\u00f1itos, c\u00f3metelos con los deditos. Hay muchas clases de cocas saladas, con gran variedad de ingredientes y de masas. Normalmente la hago de masa mas gruesa, pero \u00e9sta vez, me &hellip; <\/p>\n","protected":false},"author":2,"featured_media":15974,"comment_status":"open","ping_status":"open","sticky":false,"template":"","format":"standard","meta":[],"categories":[131,37,1],"tags":[],"_links":{"self":[{"href":"https:\/\/elcalaixetdelaiaia.es\/index.php?rest_route=\/wp\/v2\/posts\/1129"}],"collection":[{"href":"https:\/\/elcalaixetdelaiaia.es\/index.php?rest_route=\/wp\/v2\/posts"}],"about":[{"href":"https:\/\/elcalaixetdelaiaia.es\/index.php?rest_route=\/wp\/v2\/types\/post"}],"author":[{"embeddable":true,"href":"https:\/\/elcalaixetdelaiaia.es\/index.php?rest_route=\/wp\/v2\/users\/2"}],"replies":[{"embeddable":true,"href":"https:\/\/elcalaixetdelaiaia.es\/index.php?rest_route=%2Fwp%2Fv2%2Fcomments&post=1129"}],"version-history":[{"count":7,"href":"https:\/\/elcalaixetdelaiaia.es\/index.php?rest_route=\/wp\/v2\/posts\/1129\/revisions"}],"predecessor-version":[{"id":26739,"href":"https:\/\/elcalaixetdelaiaia.es\/index.php?rest_route=\/wp\/v2\/posts\/1129\/revisions\/26739"}],"wp:featuredmedia":[{"embeddable":true,"href":"https:\/\/elcalaixetdelaiaia.es\/index.php?rest_route=\/wp\/v2\/media\/15974"}],"wp:attachment":[{"href":"https:\/\/elcalaixetdelaiaia.es\/index.php?rest_route=%2Fwp%2Fv2%2Fmedia&parent=1129"}],"wp:term":[{"taxonomy":"category","embeddable":true,"href":"https:\/\/elcalaixetdelaiaia.es\/index.php?rest_route=%2Fwp%2Fv2%2Fcategories&post=1129"},{"taxonomy":"post_tag","embeddable":true,"href":"https:\/\/elcalaixetdelaiaia.es\/index.php?rest_route=%2Fwp%2Fv2%2Ftags&post=1129"}],"curies":[{"name":"wp","href":"https:\/\/api.w.org\/{rel}","templated":true}]}}