{"id":1120,"date":"2013-11-01T11:02:00","date_gmt":"2013-11-01T11:02:00","guid":{"rendered":"http:\/\/elcalaixetdelaiaia.es\/noviembre-el-mes-de-las-almas"},"modified":"2024-10-27T16:53:34","modified_gmt":"2024-10-27T16:53:34","slug":"noviembre-el-mes-de-las-almas","status":"publish","type":"post","link":"https:\/\/elcalaixetdelaiaia.es\/?p=1120","title":{"rendered":"Tots Sants y noviembre, el mes de las almas, como hacer mariposas de aceite paso a paso"},"content":{"rendered":"<p>Novembre el mes de les \u00e1nimes. \u00abQui no estrena el d\u00eda de Tots Sants&#8230; no te mans\u00bb<br \/>\nQuien no estrena el d\u00eda de Todos Santos, no tiene manos.<\/p>\n<p>Llega Noviembre, acortan los d\u00edas y esa oscuridad temprana \u00a0marca el final de la etapa veraniega. Noviembre, el mes dedicado a recordar a nuestros seres queridos que ya marcharon de nuestro lado.<br \/>\nEn casa, la \u00abiaia\u00bb llegada la noche del 31 de Octubre, preparaba siempre el mismo ritual que sigui\u00f3 mi madre y que ahora sigo yo en \u00a0memoria de \u00e1mbas y ense\u00f1o a mis nietas, y que continuaba durante todo el mes de Noviembre.<\/p>\n<p><img decoding=\"async\" loading=\"lazy\" class=\"alignnone size-full wp-image-18129\" src=\"https:\/\/elcalaixetdelaiaia.es\/wp-content\/uploads\/2013\/11\/minetesprincesa-1.jpg\" alt=\"\" width=\"960\" height=\"720\" srcset=\"https:\/\/elcalaixetdelaiaia.es\/wp-content\/uploads\/2013\/11\/minetesprincesa-1.jpg 960w, https:\/\/elcalaixetdelaiaia.es\/wp-content\/uploads\/2013\/11\/minetesprincesa-1-300x225.jpg 300w, https:\/\/elcalaixetdelaiaia.es\/wp-content\/uploads\/2013\/11\/minetesprincesa-1-768x576.jpg 768w\" sizes=\"(max-width: 960px) 100vw, 960px\" \/><\/p>\n<p>Preparaba un cuenco con aceite y agua e introduc\u00eda en el \u00ables minetes per \u00e0 les \u00e1nimes\u00bb, prend\u00eda fuego poniendo el cuenco en la pila de granito y pon\u00eda sobre al banco de la cocina, justo arriba del cuenco, la foto de sus difuntos.<\/p>\n<div class=\"separator\" style=\"clear: both; text-align: center;\"><a style=\"margin-left: 1em; margin-right: 1em;\" href=\"http:\/\/1.bp.blogspot.com\/-Pn_MDi1xj8g\/UnGuTl7HXnI\/AAAAAAAAChc\/OyLHFOEt6G4\/s1600\/mariposas+de+aceite.jpg\"><img decoding=\"async\" loading=\"lazy\" src=\"https:\/\/elcalaixetdelaiaia.es\/wp-content\/uploads\/2013\/11\/mariposas-de-aceite-1.jpg\" width=\"640\" height=\"480\" border=\"0\" \/><\/a><\/div>\n<p>Recuerdo como iluminaban la oscuridad de la noche con sus fastasmag\u00f3ricos bailes&#8230; aquellas llamas encendidas, que apag\u00e1bamos cada noche, antes de irnos a dormir (por seguridad). Luego, cada ma\u00f1ana al levantarse, montaba el \u00abaltarcito\u00bb en nuestra habitaci\u00f3n, sobre la c\u00f3moda, dec\u00eda que era para darles luz y que sintieran que segu\u00edan en nuestros corazones y que mientras mientras pens\u00e1ramos en ellos, seguir\u00edan vivos en cierta forma.<\/p>\n<div class=\"separator\" style=\"clear: both; text-align: center;\"><a style=\"margin-left: 1em; margin-right: 1em;\" href=\"http:\/\/3.bp.blogspot.com\/-X528nmzVt2Q\/UnGuRM8CjjI\/AAAAAAAAChE\/XBW0AE6RJSg\/s1600\/mariposas+del+XIX.jpg\"><img decoding=\"async\" loading=\"lazy\" src=\"https:\/\/elcalaixetdelaiaia.es\/wp-content\/uploads\/2013\/11\/mariposas-del-XIX-1.jpg\" width=\"640\" height=\"424\" border=\"0\" \/><\/a><\/div>\n<p>D\u00edas antes, algunos a\u00f1os, hab\u00edamos hecho juntas las mariposas de aceite, con aquellas cartas sueltas de viejas barajas que guardaba para la ocasi\u00f3n, otros a\u00f1os, las compr\u00e1bamos en la droguer\u00eda del la calle del Cristo del Grao, junto al mercado, la cajita de San Juan Bosco.<\/p>\n<div class=\"separator\" style=\"clear: both; text-align: center;\"><a style=\"margin-left: 1em; margin-right: 1em;\" href=\"http:\/\/1.bp.blogspot.com\/-G0VEWQfvf8c\/UnGuSFfnXoI\/AAAAAAAAChM\/DJz-TRC5Upo\/s1600\/Mariposas+SamJua+Bosco.jpg\"><img decoding=\"async\" loading=\"lazy\" src=\"https:\/\/elcalaixetdelaiaia.es\/wp-content\/uploads\/2013\/11\/Mariposas-SamJua-Bosco-1.jpg\" width=\"640\" height=\"424\" border=\"0\" \/><\/a><\/div>\n<div style=\"text-align: center;\"><\/div>\n<div style=\"text-align: center;\">El a\u00f1o pasado, ya hice con mi nieta mayor<\/div>\n<div><\/div>\n<div style=\"text-align: center;\">\n<div class=\"separator\" style=\"clear: both; text-align: center;\"><a style=\"margin-left: 1em; margin-right: 1em;\" href=\"https:\/\/3.bp.blogspot.com\/--Pb5ssm84qY\/WBJcC69A1XI\/AAAAAAAAnBw\/5qVjGbQOz6UTeqp2L96HCpOC0t4qzLPCgCLcB\/s1600\/mineta.jpg\"><img decoding=\"async\" loading=\"lazy\" src=\"https:\/\/elcalaixetdelaiaia.es\/wp-content\/uploads\/2013\/11\/mineta-1.jpg\" width=\"640\" height=\"426\" border=\"0\" \/><\/a><\/div>\n<\/div>\n<div style=\"text-align: center;\"><\/div>\n<div style=\"text-align: center;\">\u00a0las velitas de aceite o \u00abminetes\u00bb<\/div>\n<div style=\"text-align: center;\"><\/div>\n<div class=\"separator\" style=\"clear: both; text-align: center;\"><a style=\"margin-left: 1em; margin-right: 1em;\" href=\"http:\/\/1.bp.blogspot.com\/-YQGPDTsRnJ4\/UnGuGb15YUI\/AAAAAAAACg8\/SIEZIhEwjiM\/s1600\/IMG_7503a.jpg\"><img decoding=\"async\" loading=\"lazy\" src=\"https:\/\/elcalaixetdelaiaia.es\/wp-content\/uploads\/2013\/11\/IMG_7503a-1.jpg\" width=\"640\" height=\"428\" border=\"0\" \/><\/a><\/div>\n<div style=\"text-align: center;\"><\/div>\n<div style=\"text-align: center;\">\u00a0y de nuevo \u00e9ste a\u00f1o, las hemos preparado y est\u00e1n listas para prenderlas ma\u00f1ana iluminando el recuerdo y el amor a mi madre, mis iaios, suegros t\u00edos, primos, amigos y familia&#8230; taaaantos seres queridos, que tristemente, no est\u00e1n \u00a0ya con nosotros.<\/div>\n<div style=\"text-align: center;\"><\/div>\n<div style=\"text-align: left;\">Necesitaremos;<\/div>\n<div style=\"text-align: center;\"><\/div>\n<div class=\"separator\" style=\"clear: both; text-align: center;\"><a style=\"margin-left: 1em; margin-right: 1em;\" href=\"http:\/\/2.bp.blogspot.com\/-4r_keqyUrRE\/UnOBZEeRz8I\/AAAAAAAACic\/wefWuxM2CT8\/s1600\/IMG_2460.JPG\"><img decoding=\"async\" loading=\"lazy\" src=\"https:\/\/elcalaixetdelaiaia.es\/wp-content\/uploads\/2013\/11\/IMG_2460-1.jpg\" width=\"640\" height=\"426\" border=\"0\" \/><\/a><\/div>\n<ol>\n<li>Un trozo de plancha de corcho fino<\/li>\n<li>Un ovillo de algod\u00f3n grueso que haga de mecha<\/li>\n<li>Una bandeja de aluminio desechable, o cartas de baraja, yo las empec\u00e9 \u00e9ste a\u00f1o, con etiquetas de ropa satinadas, pero acab\u00e9 por desecharlas, mas seguridad con el aluminio<\/li>\n<li>Un ganchillo<\/li>\n<li>Una aguja gruesa<\/li>\n<\/ol>\n<div class=\"separator\" style=\"clear: both; text-align: center;\"><a style=\"margin-left: 1em; margin-right: 1em;\" href=\"http:\/\/4.bp.blogspot.com\/-aBOs9cOaHXw\/UnOBPGd1HWI\/AAAAAAAACiQ\/4nauvT_7ymw\/s1600\/IMG_2461.JPG\"><img decoding=\"async\" loading=\"lazy\" src=\"https:\/\/elcalaixetdelaiaia.es\/wp-content\/uploads\/2013\/11\/IMG_2461-1.jpg\" width=\"640\" height=\"400\" border=\"0\" \/><\/a><\/div>\n<div>\n<div style=\"text-align: center;\"><\/div>\n<\/div>\n<div>\n<div style=\"text-align: center;\">Con el rodillo amasamos el aluminio para aplanarlo mas posible<\/div>\n<\/div>\n<div>\n<div style=\"text-align: center;\"><\/div>\n<\/div>\n<div class=\"separator\" style=\"clear: both; text-align: center;\"><a style=\"margin-left: 1em; margin-right: 1em;\" href=\"http:\/\/1.bp.blogspot.com\/-R4IXvdyWmp0\/UnOBPZhsrUI\/AAAAAAAACiU\/hTRJECNmuSA\/s1600\/IMG_2462.JPG\"><img decoding=\"async\" loading=\"lazy\" src=\"https:\/\/elcalaixetdelaiaia.es\/wp-content\/uploads\/2013\/11\/IMG_2462-1.jpg\" width=\"640\" height=\"426\" border=\"0\" \/><\/a><\/div>\n<div class=\"separator\" style=\"clear: both; text-align: center;\"><\/div>\n<div class=\"separator\" style=\"clear: both; text-align: center;\">con el tap\u00f3n de una botella de agua como plantilla hicimos las marcas para recortar<\/div>\n<div class=\"separator\" style=\"clear: both; text-align: center;\"><\/div>\n<div class=\"separator\" style=\"clear: both; text-align: center;\"><a style=\"margin-left: 1em; margin-right: 1em;\" href=\"http:\/\/3.bp.blogspot.com\/-4UX2nLc9-vo\/UnOCETZAhHI\/AAAAAAAACiw\/WxJGUy0hOQk\/s1600\/IMG_2463.JPG\"><img decoding=\"async\" loading=\"lazy\" src=\"https:\/\/elcalaixetdelaiaia.es\/wp-content\/uploads\/2013\/11\/IMG_2463-1.jpg\" width=\"640\" height=\"426\" border=\"0\" \/><\/a><\/div>\n<div class=\"separator\" style=\"clear: both; text-align: center;\"><\/div>\n<div class=\"separator\" style=\"clear: both; text-align: center;\">tambi\u00e9n en el corcho, tarea que dej\u00e9 a la peque, pues el aluminio es cortante&#8230;.<\/div>\n<div class=\"separator\" style=\"clear: both; text-align: center;\"><\/div>\n<div class=\"separator\" style=\"clear: both; text-align: center;\"><a style=\"margin-left: 1em; margin-right: 1em;\" href=\"http:\/\/4.bp.blogspot.com\/-8QIldSofp3c\/UnOB50fDcRI\/AAAAAAAACik\/ymggheZMei4\/s1600\/IMG_2466.JPG\"><img decoding=\"async\" loading=\"lazy\" src=\"https:\/\/elcalaixetdelaiaia.es\/wp-content\/uploads\/2013\/11\/IMG_2466-1.jpg\" width=\"640\" height=\"426\" border=\"0\" \/><\/a><\/div>\n<div class=\"separator\" style=\"clear: both; text-align: center;\"><\/div>\n<div class=\"separator\" style=\"clear: both; text-align: center;\">perfor\u00e9 con el pincho de una brocheta, en el centro de cada c\u00edrculo<\/div>\n<div class=\"separator\" style=\"clear: both; text-align: center;\"><\/div>\n<div class=\"separator\" style=\"clear: both; text-align: center;\"><a style=\"margin-left: 1em; margin-right: 1em;\" href=\"http:\/\/4.bp.blogspot.com\/-rhm-FunbIIc\/UnOCEUrNEjI\/AAAAAAAACi0\/j-IO5elRtLI\/s1600\/IMG_2467.JPG\"><img decoding=\"async\" loading=\"lazy\" src=\"https:\/\/elcalaixetdelaiaia.es\/wp-content\/uploads\/2013\/11\/IMG_2467-1.jpg\" width=\"640\" height=\"426\" border=\"0\" \/><\/a><\/div>\n<div class=\"separator\" style=\"clear: both; text-align: center;\"><\/div>\n<div class=\"separator\" style=\"clear: both; text-align: center;\">y lo mismo con el cart\u00f3n, aunque luego el cart\u00f3n lo desech\u00e9<\/div>\n<div class=\"separator\" style=\"clear: both; text-align: center;\"><\/div>\n<div class=\"separator\" style=\"clear: both; text-align: center;\"><a style=\"margin-left: 1em; margin-right: 1em;\" href=\"http:\/\/2.bp.blogspot.com\/-dLsrBzb7EAo\/UnOCoB3U9WI\/AAAAAAAACi8\/ON1VA-doTls\/s1600\/IMG_2468.JPG\"><img decoding=\"async\" loading=\"lazy\" src=\"https:\/\/elcalaixetdelaiaia.es\/wp-content\/uploads\/2013\/11\/IMG_2468-1.jpg\" width=\"640\" height=\"426\" border=\"0\" \/><\/a><\/div>\n<div class=\"separator\" style=\"clear: both; text-align: center;\"><\/div>\n<div class=\"separator\" style=\"clear: both; text-align: center;\">cortamos tiras de algod\u00f3n de unos 20 cm<\/div>\n<div class=\"separator\" style=\"clear: both; text-align: center;\"><\/div>\n<div class=\"separator\" style=\"clear: both; text-align: center;\"><a style=\"margin-left: 1em; margin-right: 1em;\" href=\"http:\/\/1.bp.blogspot.com\/-9Ku2gmR2a-Q\/UnOCytftm9I\/AAAAAAAACjI\/UvUNgjTKKiw\/s1600\/IMG_2471.JPG\"><img decoding=\"async\" loading=\"lazy\" src=\"https:\/\/elcalaixetdelaiaia.es\/wp-content\/uploads\/2013\/11\/IMG_2471-1.jpg\" width=\"640\" height=\"426\" border=\"0\" \/><\/a><\/div>\n<div class=\"separator\" style=\"clear: both; text-align: center;\"><\/div>\n<div class=\"separator\" style=\"clear: both; text-align: center;\">doblamos el hilo por la mitad, y con el ganchillo<\/div>\n<div class=\"separator\" style=\"clear: both; text-align: center;\"><\/div>\n<div class=\"separator\" style=\"clear: both; text-align: center;\"><a style=\"margin-left: 1em; margin-right: 1em;\" href=\"http:\/\/1.bp.blogspot.com\/-1pS9cPLlhh8\/UnOCzH4IE3I\/AAAAAAAACjM\/lUFLng_94HA\/s1600\/IMG_2470.JPG\"><img decoding=\"async\" loading=\"lazy\" src=\"https:\/\/elcalaixetdelaiaia.es\/wp-content\/uploads\/2013\/11\/IMG_2470-1.jpg\" width=\"640\" height=\"404\" border=\"0\" \/><\/a><\/div>\n<div class=\"separator\" style=\"clear: both; text-align: center;\"><\/div>\n<div class=\"separator\" style=\"clear: both; text-align: center;\">sacamos a la superficie<\/div>\n<div class=\"separator\" style=\"clear: both; text-align: center;\"><\/div>\n<div class=\"separator\" style=\"clear: both; text-align: center;\"><a style=\"margin-left: 1em; margin-right: 1em;\" href=\"http:\/\/1.bp.blogspot.com\/-hpWlnqQJ8M8\/UnODN5ELKBI\/AAAAAAAACjc\/u6ArDqieq1A\/s1600\/IMG_2472.JPG\"><img decoding=\"async\" loading=\"lazy\" src=\"https:\/\/elcalaixetdelaiaia.es\/wp-content\/uploads\/2013\/11\/IMG_2472-1.jpg\" width=\"640\" height=\"426\" border=\"0\" \/><\/a><\/div>\n<div class=\"separator\" style=\"clear: both; text-align: center;\"><\/div>\n<div class=\"separator\" style=\"clear: both; text-align: center;\">dejando la doblez para encender, y unos 10 cm de mecha<\/div>\n<div class=\"separator\" style=\"clear: both; text-align: center;\"><\/div>\n<div class=\"separator\" style=\"clear: both; text-align: center;\"><a style=\"margin-left: 1em; margin-right: 1em;\" href=\"http:\/\/3.bp.blogspot.com\/-ze2FoaxFCIM\/UnODKNQ4XMI\/AAAAAAAACjU\/dG4MwrWKCw8\/s1600\/IMG_2473.JPG\"><img decoding=\"async\" loading=\"lazy\" src=\"https:\/\/elcalaixetdelaiaia.es\/wp-content\/uploads\/2013\/11\/IMG_2473-1.jpg\" width=\"640\" height=\"412\" border=\"0\" \/><\/a><\/div>\n<div class=\"separator\" style=\"clear: both; text-align: center;\"><\/div>\n<div class=\"separator\" style=\"clear: both; text-align: center;\">as\u00ed quedaron, listos ya para la noche. Como os dec\u00eda antes, el cart\u00f3n no lo pong\u00e1is, por la falta de encerado adecuado (supongo), al momento de encender las palomitas o \u00abminetes\u00bb se empez\u00f3 a chamuscar, y tuve que quitarlo por precauci\u00f3n.<\/div>\n<div class=\"separator\" style=\"clear: both; text-align: center;\"><\/div>\n<div class=\"separator\" style=\"clear: both; text-align: center;\"><a style=\"margin-left: 1em; margin-right: 1em;\" href=\"http:\/\/1.bp.blogspot.com\/-A9kKVJlthqU\/UnOAR5vqh1I\/AAAAAAAACh8\/p7CgWLPoVZY\/s1600\/CAM01326a.jpg\"><img decoding=\"async\" loading=\"lazy\" src=\"https:\/\/elcalaixetdelaiaia.es\/wp-content\/uploads\/2013\/11\/CAM01326a-1.jpg\" width=\"640\" height=\"480\" border=\"0\" \/><\/a><\/div>\n<div class=\"separator\" style=\"clear: both; text-align: center;\"><\/div>\n<div class=\"separator\" style=\"clear: both; text-align: center;\">Buscamos una vasija \u00f3 cuenco que resista bien el calor, introducimos un vaso grande agua y un chorro de aceite de oliva fuerte, que quedar\u00e1 flotando y ya lentamente las mariposas una a una mientras se empapa la mecha del aceite y con cuidado prendemos fuego.<\/div>\n<div class=\"separator\" style=\"clear: both; text-align: center;\">Recordad que si las dej\u00e1is encendidas por la noche buscad un sitio <strong>SEGURO<\/strong>, como por ejemplo dentro de una ba\u00f1era, y nunca en la habitaci\u00f3n donde dormimos ni durante la noche, seg\u00fan dec\u00eda mi iaia, por eso\u00a0 yo solo las tengo encendidas bajo la vigilancia diurna y las apago de noche. Mi padre, las pone dentro de la pila del lavadero y no las apaga, a\u00f1adiendo minetas y aceite manteni\u00e9ndolas encendidas durante todo el mes de Noviembre. \u00a1\u00a1\u00a1 VIGILAD EN EXTREMO POR FAVOR!!! para el pr\u00f3ximo a\u00f1o, le he comprado unas velas de led, que creo que har\u00e1n la misma funci\u00f3n, porque va haci\u00e9ndose mayor y aunque ya pongo yo las \u00abminetes\u00bb para todos, \u00e9l se empe\u00f1a en poner las suyas y ya me va preocupando que tenga un despiste, veremos si le convenzo, porque es mas cabez\u00f3n que yo, que ya es deciiiiiiir \ud83d\ude42<\/div>\n<div class=\"separator\" style=\"clear: both; text-align: center;\"><\/div>\n<div class=\"separator\" style=\"clear: both; text-align: center;\"><a style=\"margin-left: 1em; margin-right: 1em;\" href=\"http:\/\/1.bp.blogspot.com\/-AjovRAzJ6tY\/UnOAPylF-0I\/AAAAAAAACh0\/KMOqltCVss0\/s1600\/CAM01333+modified.jpg\"><img decoding=\"async\" loading=\"lazy\" src=\"https:\/\/elcalaixetdelaiaia.es\/wp-content\/uploads\/2013\/11\/CAM01333-modified-1.jpg\" width=\"640\" height=\"422\" border=\"0\" \/><\/a><\/div>\n<div class=\"separator\" style=\"clear: both; text-align: center;\"><\/div>\n<div class=\"separator\" style=\"clear: both; text-align: center;\">Que desamparo ver que cada a\u00f1o, prendo una vela m\u00e1s por alguien querido que se march\u00f3 para siempre, y as\u00ed sucesivamente, pienso que pronto la vasija ser\u00e1 muy grande, o tendr\u00e9 que poner otra, ya me falta mucha gente querida a la que no quiero olvidar, es ley de vida, si pero es muy duro. Este a\u00f1o, desgraciadamente&#8230; prende otra vela m\u00e1s. Por mi amiga Teresa Esteve, que se march\u00f3 hace muy poco de nuestro lado, \u00abt&#8217;estime perla&#8230;\u00bb<\/div>\n<div class=\"separator\" style=\"clear: both; text-align: center;\"><\/div>\n<div class=\"separator\" style=\"clear: both; text-align: center;\">Le expliqu\u00e9 todo de nuevo a mis peque\u00f1as, no me gustan demasiado las \u00a0nuevas fiestas que se introducen en nuestra cultura, aunque hay sitio para todo, ( si hay que disfrazarse, yo soy la primera, no faltaba m\u00e1s), pero pienso que debemos inculcar a nuestros ni\u00f1os , nuestras tradiciones&#8230;para que no desaparezcan con nosotros, para que se mantengan y perpetuen en ellos ., me refiero al nuevo Halloween por supuesto, no a la tradicional y antigua fiesta de Sama\u00edn, como os explico en esta entrada que pod\u00e9is ver pinchando en el enlace; <a href=\"https:\/\/elcalaixetdelaiaia.es\/?p=51\">https:\/\/elcalaixetdelaiaia.es\/?p=51<\/a><\/div>\n<div class=\"separator\" style=\"clear: both; text-align: center;\"><a style=\"margin-left: 1em; margin-right: 1em;\" href=\"https:\/\/1.bp.blogspot.com\/-wnaMRmJKS4M\/WfGleu9A52I\/AAAAAAAAptA\/fcXEPvjJbbow9BL1w4TOGWaKUYE5GIXFwCLcBGAs\/s1600\/minetesprincesa.jpg\"><img decoding=\"async\" loading=\"lazy\" src=\"https:\/\/elcalaixetdelaiaia.es\/wp-content\/uploads\/2013\/11\/minetesprincesa.jpg\" width=\"640\" height=\"480\" border=\"0\" data-original-height=\"720\" data-original-width=\"960\" \/><\/a><\/div>\n<div class=\"separator\" style=\"clear: both; text-align: center;\"><\/div>\n<div class=\"separator\" style=\"clear: both; text-align: center;\">Arden en casa, nuestras \u00abminetas\u00bb, en recuerdo de los que seguimos amando y recordando cada d\u00eda&#8230; esa luz, arde en nombre de nuestro amor por ellos, que permanece en nuestra mente y nuestro coraz\u00f3n y que no se apaga jam\u00e1s&#8230; jamas de los jamases, como nuestro amor por ellos.<\/div>\n<div class=\"separator\" style=\"clear: both; text-align: center;\">Un saludo de iaia Maimen y sus nietas.<\/div>\n<div class=\"separator\" style=\"clear: both; text-align: center;\"><\/div>\n<div class=\"separator\" style=\"clear: both; text-align: center;\">Si te gusta \u00e9sta entrada,podr\u00edas compartirla, as\u00ed mucha gente podr\u00e1 conocer de esta manualidad, su tradici\u00f3n y su historia,gracias por ello.<\/div>\n<div style=\"text-align: center;\">Recordad que espero vuestros comentarios que para mi son MUY importantes y que tambi\u00e9n estoy en Facebook <a href=\"https:\/\/www.facebook.com\/El-calaixet-de-la-iaia-533062140099386\/\">https:\/\/www.facebook.com\/El-calaixet-de-la-iaia-533062140099386\/<\/a><\/div>\n","protected":false},"excerpt":{"rendered":"<p>Novembre el mes de les \u00e1nimes. \u00abQui no estrena el d\u00eda de Tots Sants&#8230; no te mans\u00bb Quien no estrena el d\u00eda de Todos Santos, no tiene manos. Llega Noviembre, acortan los d\u00edas y esa oscuridad temprana \u00a0marca el final de la etapa veraniega. Noviembre, el mes dedicado a recordar &hellip; <\/p>\n","protected":false},"author":2,"featured_media":18129,"comment_status":"open","ping_status":"open","sticky":false,"template":"","format":"standard","meta":[],"categories":[1,11],"tags":[],"_links":{"self":[{"href":"https:\/\/elcalaixetdelaiaia.es\/index.php?rest_route=\/wp\/v2\/posts\/1120"}],"collection":[{"href":"https:\/\/elcalaixetdelaiaia.es\/index.php?rest_route=\/wp\/v2\/posts"}],"about":[{"href":"https:\/\/elcalaixetdelaiaia.es\/index.php?rest_route=\/wp\/v2\/types\/post"}],"author":[{"embeddable":true,"href":"https:\/\/elcalaixetdelaiaia.es\/index.php?rest_route=\/wp\/v2\/users\/2"}],"replies":[{"embeddable":true,"href":"https:\/\/elcalaixetdelaiaia.es\/index.php?rest_route=%2Fwp%2Fv2%2Fcomments&post=1120"}],"version-history":[{"count":13,"href":"https:\/\/elcalaixetdelaiaia.es\/index.php?rest_route=\/wp\/v2\/posts\/1120\/revisions"}],"predecessor-version":[{"id":18127,"href":"https:\/\/elcalaixetdelaiaia.es\/index.php?rest_route=\/wp\/v2\/posts\/1120\/revisions\/18127"}],"wp:featuredmedia":[{"embeddable":true,"href":"https:\/\/elcalaixetdelaiaia.es\/index.php?rest_route=\/wp\/v2\/media\/18129"}],"wp:attachment":[{"href":"https:\/\/elcalaixetdelaiaia.es\/index.php?rest_route=%2Fwp%2Fv2%2Fmedia&parent=1120"}],"wp:term":[{"taxonomy":"category","embeddable":true,"href":"https:\/\/elcalaixetdelaiaia.es\/index.php?rest_route=%2Fwp%2Fv2%2Fcategories&post=1120"},{"taxonomy":"post_tag","embeddable":true,"href":"https:\/\/elcalaixetdelaiaia.es\/index.php?rest_route=%2Fwp%2Fv2%2Ftags&post=1120"}],"curies":[{"name":"wp","href":"https:\/\/api.w.org\/{rel}","templated":true}]}}