{"id":1118,"date":"2013-11-02T21:52:00","date_gmt":"2013-11-02T21:52:00","guid":{"rendered":"http:\/\/elcalaixetdelaiaia.es\/la-terreta"},"modified":"2017-12-02T02:52:01","modified_gmt":"2017-12-02T02:52:01","slug":"la-terreta","status":"publish","type":"post","link":"https:\/\/elcalaixetdelaiaia.es\/?p=1118","title":{"rendered":"La Terreta"},"content":{"rendered":"<div class=\"separator\" style=\"clear: both; text-align: center;\">\n<a href=\"http:\/\/3.bp.blogspot.com\/-0flQV1K6S1s\/UnVz3IZ8YII\/AAAAAAAACjs\/dr-nSpzv8P8\/s1600\/valencia.jpg\" imageanchor=\"1\" style=\"margin-left: 1em; margin-right: 1em;\"><img decoding=\"async\" loading=\"lazy\" border=\"0\" height=\"188\" src=\"https:\/\/elcalaixetdelaiaia.es\/wp-content\/uploads\/2013\/11\/valencia.jpg\" width=\"640\" \/><\/a><\/div>\n<p>Os recomiendo entr\u00e9is en \u00e9ste link&#8230;seguro que no es deja indiferentes, \u00e9sta visi\u00f3n de Valencia.<\/p>\n<p>Valencia. City of Light. Alvaro PG. Full HD.<\/p>\n<p><a href=\"http:\/\/www.youtube.com\/watch?v=75gmuT0ih9w\">http:\/\/www.youtube.com\/watch?v=75gmuT0ih9w<\/a><\/p>\n<p><\/p>\n","protected":false},"excerpt":{"rendered":"<p>Os recomiendo entr\u00e9is en \u00e9ste link&#8230;seguro que no es deja indiferentes, \u00e9sta visi\u00f3n de Valencia. Valencia. City of Light. Alvaro PG. Full HD. http:\/\/www.youtube.com\/watch?v=75gmuT0ih9w<\/p>\n","protected":false},"author":2,"featured_media":13158,"comment_status":"open","ping_status":"open","sticky":false,"template":"","format":"standard","meta":[],"categories":[1],"tags":[],"_links":{"self":[{"href":"https:\/\/elcalaixetdelaiaia.es\/index.php?rest_route=\/wp\/v2\/posts\/1118"}],"collection":[{"href":"https:\/\/elcalaixetdelaiaia.es\/index.php?rest_route=\/wp\/v2\/posts"}],"about":[{"href":"https:\/\/elcalaixetdelaiaia.es\/index.php?rest_route=\/wp\/v2\/types\/post"}],"author":[{"embeddable":true,"href":"https:\/\/elcalaixetdelaiaia.es\/index.php?rest_route=\/wp\/v2\/users\/2"}],"replies":[{"embeddable":true,"href":"https:\/\/elcalaixetdelaiaia.es\/index.php?rest_route=%2Fwp%2Fv2%2Fcomments&post=1118"}],"version-history":[{"count":1,"href":"https:\/\/elcalaixetdelaiaia.es\/index.php?rest_route=\/wp\/v2\/posts\/1118\/revisions"}],"predecessor-version":[{"id":13159,"href":"https:\/\/elcalaixetdelaiaia.es\/index.php?rest_route=\/wp\/v2\/posts\/1118\/revisions\/13159"}],"wp:featuredmedia":[{"embeddable":true,"href":"https:\/\/elcalaixetdelaiaia.es\/index.php?rest_route=\/wp\/v2\/media\/13158"}],"wp:attachment":[{"href":"https:\/\/elcalaixetdelaiaia.es\/index.php?rest_route=%2Fwp%2Fv2%2Fmedia&parent=1118"}],"wp:term":[{"taxonomy":"category","embeddable":true,"href":"https:\/\/elcalaixetdelaiaia.es\/index.php?rest_route=%2Fwp%2Fv2%2Fcategories&post=1118"},{"taxonomy":"post_tag","embeddable":true,"href":"https:\/\/elcalaixetdelaiaia.es\/index.php?rest_route=%2Fwp%2Fv2%2Ftags&post=1118"}],"curies":[{"name":"wp","href":"https:\/\/api.w.org\/{rel}","templated":true}]}}