{"id":1107,"date":"2013-11-16T11:54:00","date_gmt":"2013-11-16T11:54:00","guid":{"rendered":"http:\/\/elcalaixetdelaiaia.es\/zapateroa-tus-zapatos"},"modified":"2024-03-10T21:18:42","modified_gmt":"2024-03-10T21:18:42","slug":"zapateroa-tus-zapatos","status":"publish","type":"post","link":"https:\/\/elcalaixetdelaiaia.es\/?p=1107","title":{"rendered":"Zapatero&#8230;a tus zapatos."},"content":{"rendered":"<p>\u00abRefrany; Per Sant Andr\u00e9u&#8230;..n\u00e9u al p\u00e9u\u00bb Por San a Andr\u00e9s, nieve a los pies.<\/p>\n<div class=\"separator\" style=\"clear: both; text-align: center;\"><a style=\"margin-left: 1em; margin-right: 1em;\" href=\"http:\/\/3.bp.blogspot.com\/-txo7EFQCodI\/UodYotZRIOI\/AAAAAAAACuQ\/NVfs6ZyKXbs\/s1600\/frineu.jpg\"><img decoding=\"async\" loading=\"lazy\" src=\"https:\/\/elcalaixetdelaiaia.es\/wp-content\/uploads\/2013\/11\/frineu.jpg\" width=\"320\" height=\"229\" border=\"0\" \/><\/a><\/div>\n<p>Ya caen los primeros copos de \u00e9ste Oto\u00f1o, s\u00e1bado fr\u00edo y desapacible. Aunque el \u00e1nimo est\u00e1 caldeado. Ayer me llegaron las noticias sobre un blog \u00a0que me ha encendido sobremanera.<br \/>\nNo es justo, con la desinformaci\u00f3n que hay respecto a la indumentaria y peinado de fallera y valenciana&#8230; echar mas le\u00f1a al fuego de la equivocaci\u00f3n.<br \/>\nNo se puede hablar, cuando la mayor\u00eda de lo que el autor considera errores&#8230; no lo son. Y \u00e9sto est\u00e1 DOCUMENTADO no lo digo, yo, ni pepito el de los palotes, HAY DATOS.<br \/>\nTristemente, no hay peor ciego que el que NO quiere ver y de verdad &#8230;es tan frustrante predicar en el desierto, que a veces pienso que ni merece la pena entrar en debates absurdos cuando NO QUIEREN OIR, no quieren aprender.<br \/>\nDe nuestras ra\u00edces y nuestra indumentaria, no se puede hacer un post para echarse unas risas no es justo. Y no se trata de herir la sensibilidad de ciertas personas ni de que nadie pretenda tener la verdad\u00a0\u00a0universal de c\u00f3mo llevar \u00e9sto o lo otro, \u00a0ni de que haga gracia un debate&#8230;cuando no se sabe bien lo que se est\u00e1 afirmando.<br \/>\n\u00a1No se puede&#8230;NI SE DEBE!<\/p>\n<p>Pero\u00bfquien soy yo para aleccionar a nadie?, pues \u00e9so&#8230;NADIE, solo soy una mera aprendiz, lo que yo digo&#8230; est\u00e1 en los libros as\u00ed que quien quiera peces, que se moje el culo, zapatero a tus zapatos que yo me voy a los m\u00edos, que cada palo aguante su vela.<br \/>\nBuffff, me morder\u00e9 la lengua una vez mas&#8230;templar\u00e9 el \u00e1nimo con \u00e9stas im\u00e1genes y \u00e9sta m\u00fasica. Decir las verdades, solo me traer\u00eda problemas&#8230;como tantas otras veces.<\/p>\n<p>Bon dissabte!<\/p>\n<p><iframe loading=\"lazy\" src=\"\/\/www.youtube.com\/embed\/cSfFtF9erMc\" width=\"459\" height=\"344\" frameborder=\"0\" allowfullscreen=\"allowfullscreen\"><\/iframe><\/p>\n<p>Pinchando en cada foto podr\u00e1s verla en tama\u00f1o grande, y si te gusta \u00e9sta entrada, comparte. Graciassss.<\/p>\n","protected":false},"excerpt":{"rendered":"<p>\u00abRefrany; Per Sant Andr\u00e9u&#8230;..n\u00e9u al p\u00e9u\u00bb Por San a Andr\u00e9s, nieve a los pies. Ya caen los primeros copos de \u00e9ste Oto\u00f1o, s\u00e1bado fr\u00edo y desapacible. Aunque el \u00e1nimo est\u00e1 caldeado. Ayer me llegaron las noticias sobre un blog \u00a0que me ha encendido sobremanera. No es justo, con la desinformaci\u00f3n &hellip; <\/p>\n","protected":false},"author":2,"featured_media":13081,"comment_status":"open","ping_status":"open","sticky":false,"template":"","format":"standard","meta":[],"categories":[78,1],"tags":[],"_links":{"self":[{"href":"https:\/\/elcalaixetdelaiaia.es\/index.php?rest_route=\/wp\/v2\/posts\/1107"}],"collection":[{"href":"https:\/\/elcalaixetdelaiaia.es\/index.php?rest_route=\/wp\/v2\/posts"}],"about":[{"href":"https:\/\/elcalaixetdelaiaia.es\/index.php?rest_route=\/wp\/v2\/types\/post"}],"author":[{"embeddable":true,"href":"https:\/\/elcalaixetdelaiaia.es\/index.php?rest_route=\/wp\/v2\/users\/2"}],"replies":[{"embeddable":true,"href":"https:\/\/elcalaixetdelaiaia.es\/index.php?rest_route=%2Fwp%2Fv2%2Fcomments&post=1107"}],"version-history":[{"count":3,"href":"https:\/\/elcalaixetdelaiaia.es\/index.php?rest_route=\/wp\/v2\/posts\/1107\/revisions"}],"predecessor-version":[{"id":27260,"href":"https:\/\/elcalaixetdelaiaia.es\/index.php?rest_route=\/wp\/v2\/posts\/1107\/revisions\/27260"}],"wp:featuredmedia":[{"embeddable":true,"href":"https:\/\/elcalaixetdelaiaia.es\/index.php?rest_route=\/wp\/v2\/media\/13081"}],"wp:attachment":[{"href":"https:\/\/elcalaixetdelaiaia.es\/index.php?rest_route=%2Fwp%2Fv2%2Fmedia&parent=1107"}],"wp:term":[{"taxonomy":"category","embeddable":true,"href":"https:\/\/elcalaixetdelaiaia.es\/index.php?rest_route=%2Fwp%2Fv2%2Fcategories&post=1107"},{"taxonomy":"post_tag","embeddable":true,"href":"https:\/\/elcalaixetdelaiaia.es\/index.php?rest_route=%2Fwp%2Fv2%2Ftags&post=1107"}],"curies":[{"name":"wp","href":"https:\/\/api.w.org\/{rel}","templated":true}]}}