{"id":1100,"date":"2013-11-21T17:06:00","date_gmt":"2013-11-21T17:06:00","guid":{"rendered":"http:\/\/elcalaixetdelaiaia.es\/pechugas-con-bechamel-al-horno"},"modified":"2025-06-06T07:47:26","modified_gmt":"2025-06-06T07:47:26","slug":"pechugas-con-bechamel-al-horno","status":"publish","type":"post","link":"https:\/\/elcalaixetdelaiaia.es\/?p=1100","title":{"rendered":"Pechugas queso beicon y bechamel al horno paso a paso"},"content":{"rendered":"<p>\u00abRefrany; El badall no pot mentir: vol menjar o vol dormir\u00bb. El bostezo no puede mentir: quiere comer o quiere dormir<\/p>\n<div class=\"separator\" style=\"clear: both; text-align: center;\"><a style=\"margin-left: 1em; margin-right: 1em;\" href=\"http:\/\/2.bp.blogspot.com\/-Wz673GFoL9I\/Uo46Vk5ksLI\/AAAAAAAAC4c\/sS_XU00lCF0\/s1600\/SAM_2817.JPG\"><img decoding=\"async\" loading=\"lazy\" src=\"https:\/\/elcalaixetdelaiaia.es\/wp-content\/uploads\/2013\/11\/SAM_2817.jpg\" width=\"640\" height=\"480\" border=\"0\" \/><\/a><\/div>\n<p>Un plato muy rico y f\u00e1cil de preparar y que siempre me hace quedar muy bien si tengo invitados y que a la gente joven sobretodo, le encanta.<\/p>\n<p>Es perfecto para hacer una cenita entre amigos, sin demasiadas complicaciones, pero con un resultado muy favorable \ud83d\ude09<\/p>\n<p>Necesitamos para 3 personas:<\/p>\n<div class=\"separator\" style=\"clear: both; text-align: center;\"><a style=\"margin-left: 1em; margin-right: 1em;\" href=\"http:\/\/1.bp.blogspot.com\/-Kwk78Ads1MM\/Uo46KLmGMKI\/AAAAAAAAC3Q\/_ppsleszcCY\/s1600\/SAM_2801.JPG\"><img decoding=\"async\" loading=\"lazy\" src=\"https:\/\/elcalaixetdelaiaia.es\/wp-content\/uploads\/2013\/11\/SAM_2801.jpg\" width=\"640\" height=\"476\" border=\"0\" \/><\/a><\/div>\n<ol>\n<li>&#8211; 3 pechugas de pollo grandes<\/li>\n<li>&#8211; 12 lonchas de beicon<\/li>\n<li>&#8211; Un taco \u00a0de queso semi o curado<\/li>\n<li>&#8211; 6 quesitos en porciones<\/li>\n<\/ol>\n<div>Para la bechamel;<\/div>\n<ol>\n<li>&#8211; Una cebolla (si es tierna mejor)<\/li>\n<li>&#8211; \u00a0Aceite de oliva<\/li>\n<li>&#8211; \u00a0Harina<\/li>\n<li>&#8211; \u00a0Leche<\/li>\n<li>&#8211; Nuez moscada<\/li>\n<li>&#8211; Sal y pimienta<\/li>\n<\/ol>\n<div class=\"separator\" style=\"clear: both; text-align: center;\"><a style=\"margin-left: 1em; margin-right: 1em;\" href=\"http:\/\/1.bp.blogspot.com\/-shsbh2cKA2c\/Uo46JW81WgI\/AAAAAAAAC3Y\/Ey8JGkZqpiQ\/s1600\/SAM_2805.JPG\"><img decoding=\"async\" loading=\"lazy\" class=\"aligncenter\" src=\"https:\/\/elcalaixetdelaiaia.es\/wp-content\/uploads\/2013\/11\/SAM_2805.jpg\" width=\"640\" height=\"480\" border=\"0\" \/><\/a><\/div>\n<div>Lo primero de todo, haremos una bechamel, pinchando en este enlace podr\u00e9is ver el paso a paso detallado de como hacerla ;\u00a0<a href=\"https:\/\/elcalaixetdelaiaia.es\/?p=1109\">https:\/\/elcalaixetdelaiaia.es\/?p=1109<\/a><br \/>\no si ten\u00e9is prisa, pod\u00e9is utilizar la que ya venden hecha que va en brik y que podr\u00e9is encontrar en la secci\u00f3n de l\u00e1cteos del s\u00faper, no es lo mismo pero&#8230; a\u00f1adiendo solo nuez moscada rallada cuando la saqu\u00e9is del brick, podr\u00e9is salir del paso, a unas malas&#8230;\u00bbcuando no hay lomo de todo como\u00bb, pero nada como lo casero y reci\u00e9n hecho \u00bfeh?<\/div>\n<div><\/div>\n<div class=\"separator\" style=\"clear: both; text-align: center;\"><a style=\"margin-left: 1em; margin-right: 1em;\" href=\"http:\/\/1.bp.blogspot.com\/-6Fy56o4YwAM\/Uo46JxWwsvI\/AAAAAAAAC3U\/IDreeHSRbjs\/s1600\/SAM_2802.JPG\"><img decoding=\"async\" loading=\"lazy\" src=\"https:\/\/elcalaixetdelaiaia.es\/wp-content\/uploads\/2013\/11\/SAM_2802.jpg\" width=\"640\" height=\"480\" border=\"0\" \/><\/a><\/div>\n<div><\/div>\n<div style=\"text-align: center;\">Seguiremos partiendo cada pechuga en dos y abriendo en abanico lo mas posible..si se rompen no pasa nada, pero mejor si quedan enteras<\/div>\n<div class=\"separator\" style=\"clear: both; text-align: center;\"><a style=\"margin-left: 1em; margin-right: 1em;\" href=\"http:\/\/1.bp.blogspot.com\/-shsbh2cKA2c\/Uo46JW81WgI\/AAAAAAAAC3Y\/Ey8JGkZqpiQ\/s1600\/SAM_2805.JPG\"><img decoding=\"async\" loading=\"lazy\" src=\"https:\/\/elcalaixetdelaiaia.es\/wp-content\/uploads\/2013\/11\/SAM_2805.jpg\" width=\"640\" height=\"480\" border=\"0\" \/><\/a><\/div>\n<div style=\"text-align: center;\"><\/div>\n<div style=\"text-align: center;\">Salpimentamos y ponemos en el centro de cada pechuga un quesito y enrollamos<\/div>\n<div style=\"text-align: center;\">Ponemos el horno a calentar a 150\u00ba<\/div>\n<div class=\"separator\" style=\"clear: both; text-align: center;\"><a style=\"margin-left: 1em; margin-right: 1em;\" href=\"http:\/\/1.bp.blogspot.com\/-RD3jri8qXUA\/Uo46NCS6HQI\/AAAAAAAAC3o\/f4agIc1ja6c\/s1600\/SAM_2807.JPG\"><img decoding=\"async\" loading=\"lazy\" src=\"https:\/\/elcalaixetdelaiaia.es\/wp-content\/uploads\/2013\/11\/SAM_2807.jpg\" width=\"640\" height=\"480\" border=\"0\" \/><\/a><\/div>\n<div class=\"separator\" style=\"clear: both; text-align: center;\"><\/div>\n<div style=\"text-align: center;\">Enrollamos ahora la pechuga con dos cortadas de beicon<\/div>\n<div class=\"separator\" style=\"clear: both; text-align: center;\"><a style=\"margin-left: 1em; margin-right: 1em;\" href=\"http:\/\/3.bp.blogspot.com\/-mrMo33t9vwc\/Uo46NIILBQI\/AAAAAAAAC3w\/a3ddu0_pG1I\/s1600\/SAM_2809.JPG\"><img decoding=\"async\" loading=\"lazy\" src=\"https:\/\/elcalaixetdelaiaia.es\/wp-content\/uploads\/2013\/11\/SAM_2809.jpg\" width=\"640\" height=\"456\" border=\"0\" \/><\/a><\/div>\n<div style=\"text-align: center;\"><\/div>\n<div style=\"text-align: center;\">y sobre el beicon dos lonchas de queso semi curado<\/div>\n<div class=\"separator\" style=\"clear: both; text-align: center;\"><a style=\"margin-left: 1em; margin-right: 1em;\" href=\"http:\/\/2.bp.blogspot.com\/-MWfzW1qUQY0\/Uo46QkedJHI\/AAAAAAAAC4I\/CRlg7r8j5LU\/s1600\/SAM_2810.JPG\"><img decoding=\"async\" loading=\"lazy\" src=\"https:\/\/elcalaixetdelaiaia.es\/wp-content\/uploads\/2013\/11\/SAM_2810.jpg\" width=\"640\" height=\"480\" border=\"0\" \/><\/a><\/div>\n<div style=\"text-align: center;\"><\/div>\n<div style=\"text-align: center;\">Cubrir con la bechamel que est\u00e9 espesita, \u00a0(a mi me ha quedado un poco l\u00edquida) y el queso rallado, por ejemplo, un emmental o el que os apetezca, suelo usar el que tiene quesos variados para gratinar, pero si no, cualquiera que tengamos en el frigo<\/div>\n<div class=\"separator\" style=\"clear: both; text-align: center;\"><a style=\"margin-left: 1em; margin-right: 1em;\" href=\"http:\/\/3.bp.blogspot.com\/-Z7FEdZEugpc\/Uo46QpMhipI\/AAAAAAAAC4A\/s5qSgnvMAMg\/s1600\/SAM_2811.JPG\"><img decoding=\"async\" loading=\"lazy\" src=\"https:\/\/elcalaixetdelaiaia.es\/wp-content\/uploads\/2013\/11\/SAM_2811.jpg\" width=\"640\" height=\"480\" border=\"0\" \/><\/a><\/div>\n<div style=\"text-align: center;\"><\/div>\n<div style=\"text-align: center;\">generosamente<\/div>\n<div class=\"separator\" style=\"clear: both; text-align: center;\"><a style=\"margin-left: 1em; margin-right: 1em;\" href=\"http:\/\/3.bp.blogspot.com\/-29vV8B2icsc\/Uo46QUkFs5I\/AAAAAAAAC4E\/-WK3yXYU7og\/s1600\/SAM_2812.JPG\"><img decoding=\"async\" loading=\"lazy\" src=\"https:\/\/elcalaixetdelaiaia.es\/wp-content\/uploads\/2013\/11\/SAM_2812.jpg\" width=\"640\" height=\"480\" border=\"0\" \/><\/a><\/div>\n<div style=\"text-align: center;\"><\/div>\n<div style=\"text-align: center;\">Introducir al horno unos 30 minutos.<\/div>\n<div class=\"separator\" style=\"clear: both; text-align: center;\"><a style=\"margin-left: 1em; margin-right: 1em;\" href=\"http:\/\/4.bp.blogspot.com\/-L3Mi6bINYAg\/Uo46S8AHgQI\/AAAAAAAAC4U\/NoTGJv2LnjI\/s1600\/SAM_2813.JPG\"><img decoding=\"async\" loading=\"lazy\" src=\"https:\/\/elcalaixetdelaiaia.es\/wp-content\/uploads\/2013\/11\/SAM_2813.jpg\" width=\"640\" height=\"452\" border=\"0\" \/><\/a><\/div>\n<div style=\"text-align: center;\"><\/div>\n<div style=\"text-align: center;\">y as\u00ed nos quedar\u00e1n<\/div>\n<div class=\"separator\" style=\"clear: both; text-align: center;\"><a style=\"margin-left: 1em; margin-right: 1em;\" href=\"http:\/\/4.bp.blogspot.com\/-toCmM7UBOiw\/Uo46Vzhh7uI\/AAAAAAAAC4s\/E7GoF_Vqvq0\/s1600\/SAM_2815.JPG\"><img decoding=\"async\" loading=\"lazy\" src=\"https:\/\/elcalaixetdelaiaia.es\/wp-content\/uploads\/2013\/11\/SAM_2815.jpg\" width=\"640\" height=\"494\" border=\"0\" \/><\/a><\/div>\n<div style=\"text-align: center;\"><\/div>\n<div style=\"text-align: center;\">emplatamos<\/div>\n<div style=\"text-align: center;\"><a style=\"margin-left: 1em; margin-right: 1em;\" href=\"http:\/\/3.bp.blogspot.com\/-1iysnDTVQ7U\/Uo46TZmNZ7I\/AAAAAAAAC4Y\/pTXHnPUbv_o\/s1600\/SAM_2816.JPG\"><img decoding=\"async\" loading=\"lazy\" src=\"https:\/\/elcalaixetdelaiaia.es\/wp-content\/uploads\/2013\/11\/SAM_2816.jpg\" width=\"640\" height=\"480\" border=\"0\" \/><\/a><\/div>\n<div style=\"text-align: center;\"><\/div>\n<div style=\"text-align: center;\">como guarnici\u00f3n una completa ensalada valenciana<\/div>\n<div class=\"separator\" style=\"clear: both; text-align: center;\"><a style=\"margin-left: 1em; margin-right: 1em;\" href=\"http:\/\/2.bp.blogspot.com\/-gioV7cZ-K1s\/Uo46WJakKuI\/AAAAAAAAC4w\/i2gTZW0x9uc\/s1600\/SAM_2820.JPG\"><img decoding=\"async\" loading=\"lazy\" src=\"https:\/\/elcalaixetdelaiaia.es\/wp-content\/uploads\/2013\/11\/SAM_2820.jpg\" width=\"640\" height=\"466\" border=\"0\" \/><\/a><\/div>\n<div class=\"separator\" style=\"clear: both; text-align: center;\"><\/div>\n<div class=\"separator\" style=\"clear: both; text-align: center;\">a la taula&#8230;.<\/div>\n<div class=\"separator\" style=\"clear: both; text-align: center;\"><\/div>\n<div class=\"separator\" style=\"clear: both; text-align: center;\"><a style=\"margin-left: 1em; margin-right: 1em;\" href=\"http:\/\/1.bp.blogspot.com\/-l5UkIo3u15s\/Uo46XX-jY5I\/AAAAAAAAC44\/KESA96vqsZk\/s1600\/SAM_2821.JPG\"><img decoding=\"async\" loading=\"lazy\" src=\"https:\/\/elcalaixetdelaiaia.es\/wp-content\/uploads\/2013\/11\/SAM_2821.jpg\" width=\"480\" height=\"640\" border=\"0\" \/><\/a><\/div>\n<div class=\"separator\" style=\"clear: both; text-align: center;\"><\/div>\n<div style=\"text-align: center;\">&#8230;i BON PROFIT!!!<\/div>\n<div>Si te gusta mi receta, puedes compartirla, para que llegue a m\u00e1s gente.<br \/>\nEspero tus comentarios y recuerda que tambi\u00e9n estoy en Facebook\u00a0<a href=\"https:\/\/www.facebook.com\/El-calaixet-de-la-iaia-533062140099386\/\">https:\/\/www.facebook.com\/El-calaixet-de-la-iaia-533062140099386\/<\/a><\/div>\n","protected":false},"excerpt":{"rendered":"<p>\u00abRefrany; El badall no pot mentir: vol menjar o vol dormir\u00bb. El bostezo no puede mentir: quiere comer o quiere dormir Un plato muy rico y f\u00e1cil de preparar y que siempre me hace quedar muy bien si tengo invitados y que a la gente joven sobretodo, le encanta. Es &hellip; <\/p>\n","protected":false},"author":2,"featured_media":13005,"comment_status":"open","ping_status":"open","sticky":false,"template":"","format":"standard","meta":[],"categories":[12,1],"tags":[],"_links":{"self":[{"href":"https:\/\/elcalaixetdelaiaia.es\/index.php?rest_route=\/wp\/v2\/posts\/1100"}],"collection":[{"href":"https:\/\/elcalaixetdelaiaia.es\/index.php?rest_route=\/wp\/v2\/posts"}],"about":[{"href":"https:\/\/elcalaixetdelaiaia.es\/index.php?rest_route=\/wp\/v2\/types\/post"}],"author":[{"embeddable":true,"href":"https:\/\/elcalaixetdelaiaia.es\/index.php?rest_route=\/wp\/v2\/users\/2"}],"replies":[{"embeddable":true,"href":"https:\/\/elcalaixetdelaiaia.es\/index.php?rest_route=%2Fwp%2Fv2%2Fcomments&post=1100"}],"version-history":[{"count":9,"href":"https:\/\/elcalaixetdelaiaia.es\/index.php?rest_route=\/wp\/v2\/posts\/1100\/revisions"}],"predecessor-version":[{"id":28397,"href":"https:\/\/elcalaixetdelaiaia.es\/index.php?rest_route=\/wp\/v2\/posts\/1100\/revisions\/28397"}],"wp:featuredmedia":[{"embeddable":true,"href":"https:\/\/elcalaixetdelaiaia.es\/index.php?rest_route=\/wp\/v2\/media\/13005"}],"wp:attachment":[{"href":"https:\/\/elcalaixetdelaiaia.es\/index.php?rest_route=%2Fwp%2Fv2%2Fmedia&parent=1100"}],"wp:term":[{"taxonomy":"category","embeddable":true,"href":"https:\/\/elcalaixetdelaiaia.es\/index.php?rest_route=%2Fwp%2Fv2%2Fcategories&post=1100"},{"taxonomy":"post_tag","embeddable":true,"href":"https:\/\/elcalaixetdelaiaia.es\/index.php?rest_route=%2Fwp%2Fv2%2Ftags&post=1100"}],"curies":[{"name":"wp","href":"https:\/\/api.w.org\/{rel}","templated":true}]}}