{"id":1099,"date":"2013-11-22T17:05:00","date_gmt":"2013-11-22T17:05:00","guid":{"rendered":"http:\/\/elcalaixetdelaiaia.es\/tiramisu"},"modified":"2024-03-16T16:03:58","modified_gmt":"2024-03-16T16:03:58","slug":"tiramisu","status":"publish","type":"post","link":"https:\/\/elcalaixetdelaiaia.es\/?p=1099","title":{"rendered":"Tiramis\u00fa paso a paso foto a foto foto a foto"},"content":{"rendered":"<p>\u00abRefrany; Ell s&#8217;ho cuina i ell s&#8217;ho menja\u00bb.\u00a0 El se lo guisa y \u00e9l se lo come.<\/p>\n<div>\n<div>\n<div>\n<div style=\"text-align: center;\">TIRAMIS\u00da<\/div>\n<div style=\"text-align: center;\">Maravillosa receta de la cocina italiana, un postre fr\u00edo y exquisito, uno de mis favoritos<\/div>\n<div style=\"text-align: center;\"><\/div>\n<div class=\"separator\" style=\"clear: both; text-align: center;\"><a style=\"margin-left: 1em; margin-right: 1em;\" href=\"http:\/\/1.bp.blogspot.com\/-Y_pPr9ENAQg\/Uo6dufb_bWI\/AAAAAAAAC6o\/ePopZe8-wQE\/s1600\/IMG_7311.JPG\"><img decoding=\"async\" loading=\"lazy\" src=\"https:\/\/elcalaixetdelaiaia.es\/wp-content\/uploads\/2013\/11\/IMG_7311.jpg\" width=\"640\" height=\"424\" border=\"0\" \/><\/a><\/div>\n<div style=\"text-align: center;\"><\/div>\n<div style=\"text-align: center;\">Tiramis\u00fa. \u00bfCuantas cocinas habr\u00e1 recorrido \u00e9sta receta y cuantas variantes habr\u00e1n?, hoy os traigo la m\u00eda, r\u00e1pida y f\u00e1cil pero riqu\u00edsiiiiiima. He probado muchas adaptaciones, pero no encuentro ninguna receta que me guste tanto como \u00e9sta, que hago muuuchos a\u00f1os ya, desde que compartieron su receta familiar unos vecinos italianos que tuve un verano, en la caseta de La Patacona, y que preparo igual, (pero cambiando el Amaretto por un chupito de whisky), y lo mismo opinan quienes lo prueban. Estoy muy agradecida a su generosidad por compartir conmigo su receta de la mamma.<\/div>\n<div style=\"text-align: center;\">Cada vez que la hago, tengo que preparar dos tapers mas. Esta la hice para una comida de onom\u00e1stica, \u00a0y los tapers para mis amigos Mar, Edu y Pep.<\/div>\n<div style=\"text-align: center;\">En casa me la est\u00e1n pidiendo ya de \u00a0nuevo, la pr\u00f3xima que haga cambiar\u00e9 la presentaci\u00f3n y os pondr\u00e9 las fotos.<\/div>\n<p>Necesitaremos;<\/p>\n<div class=\"separator\" style=\"clear: both; text-align: center;\"><a style=\"margin-left: 1em; margin-right: 1em;\" href=\"http:\/\/3.bp.blogspot.com\/-pbR8fVqkEQA\/Uo6disRmNYI\/AAAAAAAAC5Y\/o9L-oDyNwrc\/s1600\/IMG_7298.JPG\"><img decoding=\"async\" loading=\"lazy\" src=\"https:\/\/elcalaixetdelaiaia.es\/wp-content\/uploads\/2013\/11\/IMG_7298.jpg\" width=\"640\" height=\"426\" border=\"0\" \/><\/a><\/div>\n<ol>\n<li>Bizcochos savoiardi, o a unas malas, de soletilla<\/li>\n<li>Un chorriton generoso de whisky o de Amaretto<\/li>\n<li>150 ml \u00a0de caf\u00e9 fuerte<\/li>\n<li>Vainilla, la raspadura de una vaina o una cucharadita de esencia<\/li>\n<li>Cacao puro sin leche ni az\u00facar en polvo<\/li>\n<li>Una tarrina de mascarpone<\/li>\n<li>Una tarrina de Philadelphia o similar<\/li>\n<li>Una pizca de sal<\/li>\n<li>6 yemas de huevo (pasteurizadas)<\/li>\n<li>100 gramos de az\u00facar glas<\/li>\n<li>Un molde desmoldable<\/li>\n<\/ol>\n<div class=\"separator\" style=\"clear: both; text-align: center;\"><a style=\"margin-left: 1em; margin-right: 1em;\" href=\"http:\/\/3.bp.blogspot.com\/-soc6qdlZfP4\/Uo6djIQCUoI\/AAAAAAAAC5U\/rSsrhiqUXDw\/s1600\/IMG_7299.JPG\"><img decoding=\"async\" loading=\"lazy\" src=\"https:\/\/elcalaixetdelaiaia.es\/wp-content\/uploads\/2013\/11\/IMG_7299.jpg\" width=\"640\" height=\"426\" border=\"0\" \/><\/a><\/div>\n<div class=\"separator\" style=\"clear: both; text-align: center;\"><\/div>\n<div class=\"separator\" style=\"clear: both; text-align: center;\">En un bol amplio y con varillas <strong>manuales<\/strong>, prepararemos una crema que ser\u00e1 el relleno mezclando los quesos, las yemas, (extremad la precauci\u00f3n al separarlas de la clara, para evitar cualquier contagio alimentario y os aconsejo que al ir crudas, las pasteuric\u00e9is primero) el az\u00facar, la vainilla y la pizca de sal, mezclaremos con suavidad para que no nos quede una crema l\u00edquida. Tapamos y dejamos en el frigo.<\/div>\n<div class=\"separator\" style=\"clear: both; text-align: center;\">Mientras se enfr\u00eda prepararemos un caf\u00e9 fuerte, si es de cafetera de brazo, mejor, y poco azucarado, al que a\u00f1adiremos un chorrit\u00f3n de wisky o un licor que os guste, lo suyo es Amaretto, (si lo van a comer ni\u00f1os llevarlo a ebullici\u00f3n primero, para eliminar el alcohol, aunque dicen que no se elimina al 100%, y dejar enfriar antes de mezclarlo con el resto de ingredientes) y prepararemos un molde. Yo tengo \u00e9ste de cuando fu\u00ed presentadora de Taperware&#8230; junto con el muestrario completo y a pesar de los a\u00f1os, un poco ha cambiado el blanco del pl\u00e1stico, pero por lo dem\u00e1s est\u00e1 impecable como el resto de todos ellos. La calidad se paga, pero merece la pena.<\/div>\n<div style=\"text-align: center;\"><\/div>\n<div class=\"separator\" style=\"clear: both; text-align: center;\"><a style=\"margin-left: 1em; margin-right: 1em;\" href=\"http:\/\/4.bp.blogspot.com\/-_jWlPNIW0YQ\/Uo6di7qtr8I\/AAAAAAAAC5Q\/qS1xbL3J_LI\/s1600\/IMG_7300.JPG\"><img decoding=\"async\" loading=\"lazy\" src=\"https:\/\/elcalaixetdelaiaia.es\/wp-content\/uploads\/2013\/11\/IMG_7300.jpg\" width=\"640\" height=\"426\" border=\"0\" \/><\/a><\/div>\n<div class=\"separator\" style=\"clear: both; text-align: center;\"><\/div>\n<div class=\"separator\" style=\"clear: both; text-align: center;\">pincelamos los bizcochos con el caf\u00e9, En Mercadona y Cons\u00fam, no hay bizcochos savoiardi, as\u00ed que si no encontr\u00e1is, ponerle de soletilla, no los remoj\u00e9is mucho porque si quedan empapados&#8230; no est\u00e1 igual de buena, a mi gusto claro. Vamos forrando un molde con una capa de bizcochos pincelados.<\/div>\n<div class=\"separator\" style=\"clear: both; text-align: center;\"><\/div>\n<div class=\"separator\" style=\"clear: both; text-align: center;\"><a style=\"margin-left: 1em; margin-right: 1em;\" href=\"http:\/\/1.bp.blogspot.com\/-eUaXw-VTeqg\/Uo6dmYyEMrI\/AAAAAAAAC5w\/BsG1z3nFlbY\/s1600\/IMG_7301.JPG\"><img decoding=\"async\" loading=\"lazy\" src=\"https:\/\/elcalaixetdelaiaia.es\/wp-content\/uploads\/2013\/11\/IMG_7301.jpg\" width=\"640\" height=\"426\" border=\"0\" \/><\/a><\/div>\n<div class=\"separator\" style=\"clear: both; text-align: center;\"><\/div>\n<div class=\"separator\" style=\"clear: both; text-align: center;\">y ahora una capa del relleno<\/div>\n<div style=\"text-align: center;\"><\/div>\n<div class=\"separator\" style=\"clear: both; text-align: center;\"><a style=\"margin-left: 1em; margin-right: 1em;\" href=\"http:\/\/3.bp.blogspot.com\/-LsEbNW7-D-4\/Uo6dltycw2I\/AAAAAAAAC5o\/aVhdqMG1F3k\/s1600\/IMG_7302.JPG\"><img decoding=\"async\" loading=\"lazy\" src=\"https:\/\/elcalaixetdelaiaia.es\/wp-content\/uploads\/2013\/11\/IMG_7302.jpg\" width=\"640\" height=\"426\" border=\"0\" \/><\/a><\/div>\n<div class=\"separator\" style=\"clear: both; text-align: center;\"><\/div>\n<div class=\"separator\" style=\"clear: both; text-align: center;\">y as\u00ed sucesivamente hasta terminar todos los ingredientes<\/div>\n<div style=\"text-align: center;\"><\/div>\n<div class=\"separator\" style=\"clear: both; text-align: center;\"><a style=\"margin-left: 1em; margin-right: 1em;\" href=\"http:\/\/4.bp.blogspot.com\/-nEgUHJmvSoE\/Uo6dmPgKJJI\/AAAAAAAAC5s\/xfPnqHde3DE\/s1600\/IMG_7303.JPG\"><img decoding=\"async\" loading=\"lazy\" src=\"https:\/\/elcalaixetdelaiaia.es\/wp-content\/uploads\/2013\/11\/IMG_7303.jpg\" width=\"640\" height=\"426\" border=\"0\" \/><\/a><\/div>\n<div class=\"separator\" style=\"clear: both; text-align: center;\"><\/div>\n<div class=\"separator\" style=\"clear: both; text-align: center;\">si quer\u00e9is utilizar un molde cuadrado, el resultado es el mismo<\/div>\n<div style=\"text-align: center;\"><\/div>\n<div class=\"separator\" style=\"clear: both; text-align: center;\"><a style=\"margin-left: 1em; margin-right: 1em;\" href=\"http:\/\/1.bp.blogspot.com\/-MGkj4ocJffk\/Uo6do99hUvI\/AAAAAAAAC6A\/GDD6Tig3VYY\/s1600\/IMG_7305.JPG\"><img decoding=\"async\" loading=\"lazy\" src=\"https:\/\/elcalaixetdelaiaia.es\/wp-content\/uploads\/2013\/11\/IMG_7305.jpg\" width=\"640\" height=\"426\" border=\"0\" \/><\/a><\/div>\n<div class=\"separator\" style=\"clear: both; text-align: center;\"><\/div>\n<div class=\"separator\" style=\"clear: both; text-align: center;\">ya me apetece comerlo, pero hay que tenerlo en la nevera como m\u00ednimo 12 horas para disfrutarlo en todo su esplendor<\/div>\n<div style=\"text-align: center;\"><\/div>\n<div class=\"separator\" style=\"clear: both; text-align: center;\"><a style=\"margin-left: 1em; margin-right: 1em;\" href=\"http:\/\/2.bp.blogspot.com\/-5or8cKzw1fU\/Uo6dpx8QSYI\/AAAAAAAAC6M\/Oam6XpZZdSI\/s1600\/IMG_7306.JPG\"><img decoding=\"async\" loading=\"lazy\" src=\"https:\/\/elcalaixetdelaiaia.es\/wp-content\/uploads\/2013\/11\/IMG_7306.jpg\" width=\"640\" height=\"426\" border=\"0\" \/><\/a><\/div>\n<div class=\"separator\" style=\"clear: both; text-align: center;\"><\/div>\n<div class=\"separator\" style=\"clear: both; text-align: center;\">Un d\u00eda despu\u00e9s, desmoldamos y espolvoreamos con el cacao amargo. Para \u00e9stos casos, en mi opini\u00f3n no hay ninguno como el Valor<\/div>\n<div style=\"text-align: center;\"><\/div>\n<div class=\"separator\" style=\"clear: both; text-align: center;\"><a style=\"margin-left: 1em; margin-right: 1em;\" href=\"http:\/\/4.bp.blogspot.com\/-uKLXB15Zf9k\/Uo6dqzvSPwI\/AAAAAAAAC6Q\/Pld86lbY-a8\/s1600\/IMG_7307.JPG\"><img decoding=\"async\" loading=\"lazy\" src=\"https:\/\/elcalaixetdelaiaia.es\/wp-content\/uploads\/2013\/11\/IMG_7307.jpg\" width=\"640\" height=\"425\" border=\"0\" \/><\/a><\/div>\n<div class=\"separator\" style=\"clear: both; text-align: center;\"><\/div>\n<div class=\"separator\" style=\"clear: both; text-align: center;\">\u00e9ste es el aspecto, con la crema chorreando por el interior, porque en casa somos unos ansiosos y no pudimos esperar las 12 horas que necesita de frigo&#8230; y claro, en cuanto estuvo un poco fresco nos lanzamos a comerlo (con el tiramis\u00fa somos unos ansiosos jajaja)<\/div>\n<div style=\"text-align: center;\"><\/div>\n<div class=\"separator\" style=\"clear: both; text-align: center;\"><a style=\"margin-left: 1em; margin-right: 1em;\" href=\"http:\/\/3.bp.blogspot.com\/--Gx5Dlai2Qs\/Uo6dsERc8KI\/AAAAAAAAC6Y\/Qas-unM5Pbw\/s1600\/IMG_7308.JPG\"><img decoding=\"async\" loading=\"lazy\" src=\"https:\/\/elcalaixetdelaiaia.es\/wp-content\/uploads\/2013\/11\/IMG_7308.jpg\" width=\"640\" height=\"425\" border=\"0\" \/><\/a><\/div>\n<div style=\"text-align: center;\"><\/div>\n<div style=\"text-align: center;\">pero os aconsejo que lo dej\u00e9is m\u00ednimo todo la noche, para que la crema est\u00e9 en su punto<\/div>\n<div style=\"text-align: center;\">\u00a0y no quede un tanto l\u00edquida, aunque de sabor est\u00e1 estupenda, \u00e9so si. Recordad mantenerlo siempre en el frigo y comerlo enseguida, ya que es como el all i oli&#8230; lleva las yemas crudas, (si ya s\u00e9 que el all i oli, se hace tan solo con ajo,aceite y sal, peeero mi artrosis me obliga hace a\u00f1os, a hacerlo con yema \ud83e\udd26\u200d\u2640\ufe0f<\/div>\n<div><\/div>\n<div class=\"separator\" style=\"clear: both; text-align: center;\"><a style=\"margin-left: 1em; margin-right: 1em;\" href=\"http:\/\/1.bp.blogspot.com\/-JFft4LWstUI\/Uo6dtFDQcfI\/AAAAAAAAC6k\/TLZybmqKfIU\/s1600\/IMG_7309.JPG\"><img decoding=\"async\" loading=\"lazy\" src=\"https:\/\/elcalaixetdelaiaia.es\/wp-content\/uploads\/2013\/11\/IMG_7309.jpg\" width=\"640\" height=\"420\" border=\"0\" \/><\/a><\/div>\n<\/div>\n<div style=\"text-align: center;\">\n<div><\/div>\n<div>He dejado para el final, la historia del tiramis\u00fa, por que es muy curiosa.<\/div>\n<div>seg\u00fan cuentan, todo comenz\u00f3 tras la segunda guerra mundial, en la zona de Venecia, concretamente en Treviso.<\/div>\n<div>Dicen que por aquellos tiempos, los prost\u00edbulos de aquella zona, contaban con cocina, y los chefs, comenzaron a ofrecer a sus clientes (con el fin de subirles la l\u00edbido, y que gastaran m\u00e1s dinero), \u00e9ste dulce que llamaban \u00abTi tira su\u00bb, que significa \u00abt\u00edrame arriba\u00bb y que termin\u00f3 derivando en \u00abTiramis\u00fa\u00bb. Seg\u00fan dicen, seg\u00fan cuentan&#8230;<\/div>\n<\/div>\n<div>\n<div style=\"text-align: center;\">\u00abA la taula i&#8230; BON PROFIT!!!\u00bb<\/div>\n<div style=\"text-align: center;\">Si te gusta mi receta, puedes compartirla para que llegue a m\u00e1s gente.<br \/>\nEspero tus comentarios y recuerda que tambi\u00e9n estoy en Facebook\u00a0<a href=\"https:\/\/www.facebook.com\/El-calaixet-de-la-iaia-533062140099386\/\">https:\/\/www.facebook.com\/El-calaixet-de-la-iaia-533062140099386\/<\/a><\/div>\n<div>\u00a1GRACIAS!<\/div>\n<div><\/div>\n<\/div>\n<\/div>\n<\/div>\n<div>Edito este post el 24\/12\/22 para poneros la foto de mi \u00faltima tarta de tiramis\u00fa. Cre\u00eda poder hacer m\u00e1s fotos, cuando desmoldara y pusiera en una bandeja de presentaci\u00f3n, pero estaba en casa de mi cu\u00f1ada y hermano, como invitada, con la familia de mi cu\u00f1ada, y se me pas\u00f3 hacer fotos de las porciones.<\/div>\n<div>C\u00f3mo sab\u00e9is mis seguidores, mi pap\u00e1 naci\u00f3 el d\u00eda de Nochebuena a las 12 de la noche y por eso mis iaios decidieron poner de nombre Jes\u00fas. Durante toda mi vida, la Nochebuena es m\u00e1s m\u00e1gica y especial, y jam\u00e1s ha faltado una tarta para festejar el cumplea\u00f1os de mi padre, y mientras yo viva, as\u00ed ser\u00e1. Ese es el motivo de que haya llevado esta tarta de Tiramis\u00fa a casa de mi cu\u00f1i, y mi tete. Feliz Navidad.<\/div>\n<div><\/div>\n<div><img decoding=\"async\" loading=\"lazy\" class=\"size-medium wp-image-23914 aligncenter\" src=\"https:\/\/elcalaixetdelaiaia.es\/wp-content\/uploads\/2013\/11\/tiramisucapnadal-300x225.jpg\" alt=\"\" width=\"300\" height=\"225\" srcset=\"https:\/\/elcalaixetdelaiaia.es\/wp-content\/uploads\/2013\/11\/tiramisucapnadal-300x225.jpg 300w, https:\/\/elcalaixetdelaiaia.es\/wp-content\/uploads\/2013\/11\/tiramisucapnadal-1024x768.jpg 1024w, https:\/\/elcalaixetdelaiaia.es\/wp-content\/uploads\/2013\/11\/tiramisucapnadal-768x576.jpg 768w, https:\/\/elcalaixetdelaiaia.es\/wp-content\/uploads\/2013\/11\/tiramisucapnadal-1536x1152.jpg 1536w, https:\/\/elcalaixetdelaiaia.es\/wp-content\/uploads\/2013\/11\/tiramisucapnadal.jpg 2048w\" sizes=\"(max-width: 300px) 100vw, 300px\" \/><\/div>\n","protected":false},"excerpt":{"rendered":"<p>\u00abRefrany; Ell s&#8217;ho cuina i ell s&#8217;ho menja\u00bb.\u00a0 El se lo guisa y \u00e9l se lo come. TIRAMIS\u00da Maravillosa receta de la cocina italiana, un postre fr\u00edo y exquisito, uno de mis favoritos Tiramis\u00fa. \u00bfCuantas cocinas habr\u00e1 recorrido \u00e9sta receta y cuantas variantes habr\u00e1n?, hoy os traigo la m\u00eda, r\u00e1pida &hellip; <\/p>\n","protected":false},"author":2,"featured_media":12992,"comment_status":"open","ping_status":"open","sticky":false,"template":"","format":"standard","meta":[],"categories":[6,1],"tags":[],"_links":{"self":[{"href":"https:\/\/elcalaixetdelaiaia.es\/index.php?rest_route=\/wp\/v2\/posts\/1099"}],"collection":[{"href":"https:\/\/elcalaixetdelaiaia.es\/index.php?rest_route=\/wp\/v2\/posts"}],"about":[{"href":"https:\/\/elcalaixetdelaiaia.es\/index.php?rest_route=\/wp\/v2\/types\/post"}],"author":[{"embeddable":true,"href":"https:\/\/elcalaixetdelaiaia.es\/index.php?rest_route=\/wp\/v2\/users\/2"}],"replies":[{"embeddable":true,"href":"https:\/\/elcalaixetdelaiaia.es\/index.php?rest_route=%2Fwp%2Fv2%2Fcomments&post=1099"}],"version-history":[{"count":12,"href":"https:\/\/elcalaixetdelaiaia.es\/index.php?rest_route=\/wp\/v2\/posts\/1099\/revisions"}],"predecessor-version":[{"id":27328,"href":"https:\/\/elcalaixetdelaiaia.es\/index.php?rest_route=\/wp\/v2\/posts\/1099\/revisions\/27328"}],"wp:featuredmedia":[{"embeddable":true,"href":"https:\/\/elcalaixetdelaiaia.es\/index.php?rest_route=\/wp\/v2\/media\/12992"}],"wp:attachment":[{"href":"https:\/\/elcalaixetdelaiaia.es\/index.php?rest_route=%2Fwp%2Fv2%2Fmedia&parent=1099"}],"wp:term":[{"taxonomy":"category","embeddable":true,"href":"https:\/\/elcalaixetdelaiaia.es\/index.php?rest_route=%2Fwp%2Fv2%2Fcategories&post=1099"},{"taxonomy":"post_tag","embeddable":true,"href":"https:\/\/elcalaixetdelaiaia.es\/index.php?rest_route=%2Fwp%2Fv2%2Ftags&post=1099"}],"curies":[{"name":"wp","href":"https:\/\/api.w.org\/{rel}","templated":true}]}}