{"id":1096,"date":"2013-11-28T21:14:00","date_gmt":"2013-11-28T21:14:00","guid":{"rendered":"http:\/\/elcalaixetdelaiaia.es\/guisado-de-patatas-con-rape-sepia-y"},"modified":"2019-11-03T10:19:04","modified_gmt":"2019-11-03T10:19:04","slug":"guisado-de-patatas-con-rape-sepia-y","status":"publish","type":"post","link":"https:\/\/elcalaixetdelaiaia.es\/?p=1096","title":{"rendered":"Nugaeta de patatas con rape sepia y gambas paso a paso foto a  foto"},"content":{"rendered":"<p>\u00abRefrany;<br \/>\nA finals de novembre arreplegar\u00e0s l&#8217;oliva sempre\u00bb<br \/>\nA finales de Noviembre recoger\u00e1s la oliva siempre<\/p>\n<div>Un r\u00e1pido guiso y con sabor a iaia.<\/div>\n<div>\u00abNugaeta de creilles amb rap, gambes i s\u00e8pia\u00bb ese es el nombre en valenciano de \u00e9ste plato tradicional y muuucho en mi Cabanyal y me que iaia hac\u00eda ya, desde su casa en el Canyamelar.<\/div>\n<div>Un plato muy marinero que en casa se hac\u00eda desde siempre, ya que mi iaio Vi\u00e7entet se dedicaba a \u00abla mar\u00bb y muchas veces se hac\u00eda con \u00abel rancho\u00bb, gracias al iaio, aunque mi familia era muy humilde, nunca faltaron este tipo de platos que mi iaia preparaba con una maestr\u00eda incre\u00edble, incluso despues de faltar el iaiao cuando yo era muy muy peque\u00f1ita, gracias a los grand\u00edsimos amigos que dej\u00f3 en muchos lados, pero principalmente entre la gente del mar y que al pobrecito le cost\u00f3 perder la vista casi por completo, debido a los fr\u00edos vientos marinos de otros paises a los que viajaba embarcado por largu\u00edsimos per\u00edodos.<\/div>\n<div>Hay much\u00edsimos trabajos duros, muchos, pero el del mar&#8230;&#8230;.bufffff<\/div>\n<div>Como nieta y sobrina de marino\/marinero mi admiraci\u00f3n y agradecimiento a toda la gente del MAR.<\/div>\n<div>Va por ellos.<\/div>\n<div>\n<div class=\"separator\" style=\"clear: both; text-align: center;\"><a style=\"margin-left: 1em; margin-right: 1em;\" href=\"http:\/\/2.bp.blogspot.com\/-UtacL-lok5s\/Upd79fpntVI\/AAAAAAAADD0\/XKm9kMqEjWs\/s1600\/SAM_2854.JPG\"><img decoding=\"async\" loading=\"lazy\" class=\"aligncenter\" src=\"https:\/\/elcalaixetdelaiaia.es\/wp-content\/uploads\/2013\/11\/SAM_2854.jpg\" width=\"640\" height=\"480\" border=\"0\" \/><\/a><\/div>\n<div class=\"separator\" style=\"clear: both; text-align: center;\">A veces los mejores guisos no necesitan emplear demasiado tiempo en la cocina y \u00e9ste es uno de ellos, y por si parece poco, os dir\u00e9 que encima, est\u00e1 mas rico de un d\u00eda para otro.<\/div>\n<p>Necesitaremos para tres comensales;<\/p>\n<div class=\"separator\" style=\"clear: both; text-align: center;\"><a style=\"margin-left: 1em; margin-right: 1em;\" href=\"http:\/\/2.bp.blogspot.com\/-8C7yVmihw9I\/Upd4gPY15kI\/AAAAAAAADCI\/syiCTgFtsxY\/s1600\/SAM_2829.JPG\"><img decoding=\"async\" loading=\"lazy\" class=\"aligncenter\" src=\"https:\/\/elcalaixetdelaiaia.es\/wp-content\/uploads\/2013\/11\/SAM_2829.jpg\" width=\"480\" height=\"640\" border=\"0\" \/><\/a><\/div>\n<ol>\n<li>Una sepia medianita<\/li>\n<li>Un pu\u00f1adito de gambas peladas<\/li>\n<li>Una cola de rape<\/li>\n<li>Cinco patatas<\/li>\n<li>Aceite de oliva<\/li>\n<li>Dos dientes de ajo<\/li>\n<li>Una rodajita de pan duro<\/li>\n<li>Perejil<\/li>\n<li>Sal<\/li>\n<li>Un pu\u00f1adito de almendras peladas<\/li>\n<li>Fumet de pescado<\/li>\n<\/ol>\n<div class=\"separator\" style=\"clear: both; text-align: center;\"><a style=\"margin-left: 1em; margin-right: 1em;\" href=\"http:\/\/2.bp.blogspot.com\/-WJlDzdWAwzM\/Upd4gMeZIDI\/AAAAAAAADCQ\/SE3iaIiE93s\/s1600\/SAM_2830.JPG\"><img decoding=\"async\" loading=\"lazy\" src=\"https:\/\/elcalaixetdelaiaia.es\/wp-content\/uploads\/2013\/11\/SAM_2830.jpg\" width=\"640\" height=\"480\" border=\"0\" \/><\/a><\/div>\n<div style=\"text-align: center;\"><\/div>\n<p style=\"text-align: center;\">Trocearemos la sepia y quitaremos la piel y las espinas al rape, enjuagamos y escurrimos bien<\/p>\n<div class=\"separator\" style=\"clear: both; text-align: center;\"><a style=\"margin-left: 1em; margin-right: 1em;\" href=\"http:\/\/4.bp.blogspot.com\/-rqaGlGjAi3o\/Upd4jEGxfaI\/AAAAAAAADCg\/hCKoTXGo1Q0\/s1600\/SAM_2832.JPG\"><img decoding=\"async\" loading=\"lazy\" src=\"https:\/\/elcalaixetdelaiaia.es\/wp-content\/uploads\/2013\/11\/SAM_2832.jpg\" width=\"640\" height=\"480\" border=\"0\" \/><\/a><\/div>\n<div class=\"separator\" style=\"clear: both; text-align: center;\"><\/div>\n<p style=\"text-align: center;\">pelaremos y chascaremos las patatas para que suelten el almid\u00f3n y nos hagan el caldito trabado, para ello , como ya he explicado en otras recetas, hundimos el cuchillo en la patata y en lugar de cortar, rompemos el trozo de patata, chasc\u00e1ndolo<\/p>\n<div class=\"separator\" style=\"clear: both; text-align: center;\"><a style=\"margin-left: 1em; margin-right: 1em;\" href=\"http:\/\/3.bp.blogspot.com\/-ZSE_bbU6bew\/Upd4gTRvg4I\/AAAAAAAADCM\/d7hHFf07UyA\/s1600\/SAM_2831.JPG\"><img decoding=\"async\" loading=\"lazy\" src=\"https:\/\/elcalaixetdelaiaia.es\/wp-content\/uploads\/2013\/11\/SAM_2831.jpg\" width=\"640\" height=\"480\" border=\"0\" \/><\/a><\/div>\n<div class=\"separator\" style=\"clear: both; text-align: center;\"><\/div>\n<div class=\"separator\" style=\"clear: both; text-align: center;\">\u00a0en el aceite caliente sofre\u00edmos las gambas, el rape, las gambitas y la sepia, \u00a0y reservamos<\/div>\n<div style=\"text-align: center;\"><\/div>\n<div class=\"separator\" style=\"clear: both; text-align: center;\"><a style=\"margin-left: 1em; margin-right: 1em;\" href=\"http:\/\/4.bp.blogspot.com\/-bC6Eyp9Asho\/Upd4jQ31vLI\/AAAAAAAADCk\/vJEKVbngyKk\/s1600\/SAM_2833.JPG\"><img decoding=\"async\" loading=\"lazy\" src=\"https:\/\/elcalaixetdelaiaia.es\/wp-content\/uploads\/2013\/11\/SAM_2833.jpg\" width=\"640\" height=\"480\" border=\"0\" \/><\/a><\/div>\n<div class=\"separator\" style=\"clear: both; text-align: center;\"><\/div>\n<div class=\"separator\" style=\"clear: both; text-align: center;\">ahora, sofre\u00edmos las patatas en el mismo aceite donde habremos tostado antes \u00a0una rodajita de pan duro<\/div>\n<div class=\"separator\" style=\"clear: both; text-align: center;\"><\/div>\n<div class=\"separator\" style=\"clear: both; text-align: center;\"><a style=\"margin-left: 1em; margin-right: 1em;\" href=\"http:\/\/2.bp.blogspot.com\/-bvidplG-aHA\/Upd4j7y1LtI\/AAAAAAAADCo\/OpNXUlwrhVo\/s1600\/SAM_2835.JPG\"><img decoding=\"async\" loading=\"lazy\" src=\"https:\/\/elcalaixetdelaiaia.es\/wp-content\/uploads\/2013\/11\/SAM_2835.jpg\" width=\"640\" height=\"480\" border=\"0\" \/><\/a><\/div>\n<div class=\"separator\" style=\"clear: both; text-align: center;\"><\/div>\n<div class=\"separator\" style=\"clear: both; text-align: center;\">mientras tanto, majaremos en el mortero la sal, el perejil,el ajo,el pan tostadito y las almendras<\/div>\n<div class=\"separator\" style=\"clear: both; text-align: center;\"><\/div>\n<div class=\"separator\" style=\"clear: both; text-align: center;\"><a style=\"margin-left: 1em; margin-right: 1em;\" href=\"http:\/\/1.bp.blogspot.com\/-xtwe_rFkmgE\/Upd4mkexUMI\/AAAAAAAADC8\/TAEqgE97FDg\/s1600\/SAM_2836.JPG\"><img decoding=\"async\" loading=\"lazy\" src=\"https:\/\/elcalaixetdelaiaia.es\/wp-content\/uploads\/2013\/11\/SAM_2836.jpg\" width=\"640\" height=\"480\" border=\"0\" \/><\/a><\/div>\n<div class=\"separator\" style=\"clear: both; text-align: center;\"><\/div>\n<div class=\"separator\" style=\"clear: both; text-align: center;\">cuando las patatas est\u00e9n sofritas<\/div>\n<div class=\"separator\" style=\"clear: both; text-align: center;\"><\/div>\n<div class=\"separator\" style=\"clear: both; text-align: center;\"><a style=\"margin-left: 1em; margin-right: 1em;\" href=\"http:\/\/2.bp.blogspot.com\/-Xm__lfvHNuc\/Upd4mTLtZEI\/AAAAAAAADC4\/0dcHIIzkMHc\/s1600\/SAM_2837.JPG\"><img decoding=\"async\" loading=\"lazy\" src=\"https:\/\/elcalaixetdelaiaia.es\/wp-content\/uploads\/2013\/11\/SAM_2837.jpg\" width=\"640\" height=\"480\" border=\"0\" \/><\/a><\/div>\n<div class=\"separator\" style=\"clear: both; text-align: center;\"><\/div>\n<div class=\"separator\" style=\"clear: both; text-align: center;\">agregaremos el pescado que estaba reservado, a\u00f1adiremos el majado y daremos unas vueltas<\/div>\n<div class=\"separator\" style=\"clear: both; text-align: center;\"><\/div>\n<div style=\"text-align: center;\"><\/div>\n<div class=\"separator\" style=\"clear: both; text-align: center;\"><a style=\"margin-left: 1em; margin-right: 1em;\" href=\"http:\/\/3.bp.blogspot.com\/-xlpcTgPVbaQ\/Upd4nILPN4I\/AAAAAAAADDA\/BuHjfQO5U3o\/s1600\/SAM_2838.JPG\"><img decoding=\"async\" loading=\"lazy\" src=\"https:\/\/elcalaixetdelaiaia.es\/wp-content\/uploads\/2013\/11\/SAM_2838.jpg\" width=\"640\" height=\"480\" border=\"0\" \/><\/a><\/div>\n<div style=\"text-align: center;\"><\/div>\n<div class=\"separator\" style=\"clear: both; text-align: center;\">\u00a0agregamos medio mortero de agua caliente \u00f3\u00a0 muuuuucho mejor, fumet de pescado que pod\u00e9is preparar como aqu\u00ed <a href=\"https:\/\/elcalaixetdelaiaia.es\/2014\/03\/caldo-de-morralla-fondo-de-pescado\/\">https:\/\/elcalaixetdelaiaia.es\/2014\/03\/caldo-de-morralla-fondo-de-pescado\/<\/a><\/div>\n<div style=\"text-align: center;\"><\/div>\n<div class=\"separator\" style=\"clear: both; text-align: center;\"><a style=\"margin-left: 1em; margin-right: 1em;\" href=\"http:\/\/1.bp.blogspot.com\/-pfkrX3eFpGA\/Upd4omrfNcI\/AAAAAAAADDI\/pPW7IdEB8Mo\/s1600\/SAM_2841.JPG\"><img decoding=\"async\" loading=\"lazy\" src=\"https:\/\/elcalaixetdelaiaia.es\/wp-content\/uploads\/2013\/11\/SAM_2841.jpg\" width=\"640\" height=\"480\" border=\"0\" \/><\/a><\/div>\n<div class=\"separator\" style=\"clear: both; text-align: center;\"><\/div>\n<div class=\"separator\" style=\"clear: both; text-align: center;\">en cuanto empiece a hervir<\/div>\n<div class=\"separator\" style=\"clear: both; text-align: center;\"><\/div>\n<div class=\"separator\" style=\"clear: both; text-align: center;\"><a style=\"margin-left: 1em; margin-right: 1em;\" href=\"http:\/\/1.bp.blogspot.com\/-vUoxlSrIHpc\/Upd4rfrY7rI\/AAAAAAAADDc\/bUddqWKAmV4\/s1600\/SAM_2842.JPG\"><img decoding=\"async\" loading=\"lazy\" src=\"https:\/\/elcalaixetdelaiaia.es\/wp-content\/uploads\/2013\/11\/SAM_2842.jpg\" width=\"640\" height=\"480\" border=\"0\" \/><\/a><\/div>\n<div class=\"separator\" style=\"clear: both; text-align: center;\"><\/div>\n<p style=\"text-align: center;\">tapar y dejar a fuego medio, unos 10 minutos<\/p>\n<div class=\"separator\" style=\"clear: both; text-align: center;\"><a style=\"margin-left: 1em; margin-right: 1em;\" href=\"http:\/\/3.bp.blogspot.com\/-uERgx4v77MU\/Upd4rGVKsPI\/AAAAAAAADDg\/wYIrIakXiUs\/s1600\/SAM_2850+modified.jpg\"><img decoding=\"async\" loading=\"lazy\" src=\"https:\/\/elcalaixetdelaiaia.es\/wp-content\/uploads\/2013\/11\/SAM_2850-modified.jpg\" width=\"640\" height=\"480\" border=\"0\" \/><\/a><\/div>\n<p style=\"text-align: center;\">pasados los cuales,rectificamos de sal y podemos a\u00f1adir un poco de colorante&#8230;o no&#8230;.a mi me gusta poner un poco de preparado con azafr\u00e1n tostado y dejar reposar unos minutos tapado<\/p>\n<div class=\"separator\" style=\"clear: both; text-align: center;\"><a style=\"margin-left: 1em; margin-right: 1em;\" href=\"http:\/\/3.bp.blogspot.com\/-lxXoJyRt4Jk\/Upd7-PzKqBI\/AAAAAAAADD4\/69x1mWyAp8M\/s1600\/SAM_2852.JPG\"><img decoding=\"async\" loading=\"lazy\" src=\"https:\/\/elcalaixetdelaiaia.es\/wp-content\/uploads\/2013\/11\/SAM_2852.jpg\" width=\"640\" height=\"452\" border=\"0\" \/><\/a><\/div>\n<p style=\"text-align: center;\">emplatamos y antes de comerlos os recomiendo que si vais al Mercat de Russafa en Val\u00e8ncia, compr\u00e9is estos productos en los puestos 36\/42, mi querida sobrina Elena y su marido Pepe os atender\u00e1n con total profesionalidad y simpat\u00eda, aparte de que sus productos son de lo m\u00e1s frescos y de grand\u00edsima calidad. Entre familia hay que ayudarse, besitos Elena y tambi\u00e9n a Mayka clarooooooo.<\/p>\n<div class=\"separator\" style=\"clear: both; text-align: center;\"><a style=\"margin-left: 1em; margin-right: 1em;\" href=\"http:\/\/1.bp.blogspot.com\/-xCgGgyTAfHs\/Upd4rTzr1AI\/AAAAAAAADDY\/YRjCK3zYxag\/s1600\/SAM_2851.JPG\"><img decoding=\"async\" loading=\"lazy\" src=\"https:\/\/elcalaixetdelaiaia.es\/wp-content\/uploads\/2013\/11\/SAM_2851.jpg\" width=\"518\" height=\"640\" border=\"0\" \/><\/a><\/div>\n<p style=\"text-align: center;\">a la taula&#8230;<\/p>\n<div class=\"separator\" style=\"clear: both; text-align: center;\"><a style=\"margin-left: 1em; margin-right: 1em;\" href=\"http:\/\/2.bp.blogspot.com\/-UtacL-lok5s\/Upd79fpntVI\/AAAAAAAADD0\/XKm9kMqEjWs\/s1600\/SAM_2854.JPG\"><img decoding=\"async\" loading=\"lazy\" src=\"https:\/\/elcalaixetdelaiaia.es\/wp-content\/uploads\/2013\/11\/SAM_2854.jpg\" width=\"640\" height=\"480\" border=\"0\" \/><\/a><\/div>\n<p style=\"text-align: center;\">i&#8230;.BON PROFIT !!!\u00a0\u00a0\u00a0\u00a0\u00a0\u00a0\u00a0 Si te gusta \u00e9sta entrada, comp\u00e1rtela si quieres, as\u00ed mucha gente podr\u00e1 disfrutar de esta receta. Y recuerda que me puedes encontrar en facebook pinchando aqu\u00ed https:\/\/www.facebook.com\/El-calaixet-de-la-iaia-533062140099386\/\u00a0\u00a0\u00a0\u00a0\u00a0\u00a0\u00a0 Graciassss.<\/p>\n<p style=\"text-align: center;\">Edito \u00e9sta entrada el 28\/01\/2015, para incluir las dos im\u00e1genes del plato que nos aporta Pau,<\/p>\n<div class=\"separator\" style=\"clear: both; text-align: center;\"><a style=\"margin-left: 1em; margin-right: 1em;\" href=\"http:\/\/1.bp.blogspot.com\/-6Gm83U8M8hg\/VMiirZ_ARII\/AAAAAAAARUs\/NlmgJtLOOjM\/s1600\/pauu%2Bmodified.jpg\"><img decoding=\"async\" loading=\"lazy\" src=\"https:\/\/elcalaixetdelaiaia.es\/wp-content\/uploads\/2013\/11\/pauumodified.jpg\" width=\"360\" height=\"640\" border=\"0\" \/><\/a><\/div>\n<p style=\"text-align: center;\">\u00a0qui\u00e9n lo prepar\u00f3 ayer con un \u00e9xito total<\/p>\n<div class=\"separator\" style=\"clear: both; text-align: center;\"><a style=\"margin-left: 1em; margin-right: 1em;\" href=\"http:\/\/2.bp.blogspot.com\/-SgNw7Z30oQI\/VMiimYA0CYI\/AAAAAAAARUk\/D0iFTd2uSYk\/s1600\/pau.jpg\"><img decoding=\"async\" loading=\"lazy\" src=\"https:\/\/elcalaixetdelaiaia.es\/wp-content\/uploads\/2013\/11\/pau.jpg\" width=\"360\" height=\"640\" border=\"0\" \/><\/a><\/div>\n<p style=\"text-align: center;\">Me alegra saber, que se cumple aquello que dicen de que en ocasiones, el alumno supera al maestro y \u00e9sta es una de ellas. Igual es que lo lleva en los genes, como much@s de la familia \ud83d\ude09<\/p>\n<\/div>\n","protected":false},"excerpt":{"rendered":"<p>\u00abRefrany; A finals de novembre arreplegar\u00e0s l&#8217;oliva sempre\u00bb A finales de Noviembre recoger\u00e1s la oliva siempre Un r\u00e1pido guiso y con sabor a iaia. \u00abNugaeta de creilles amb rap, gambes i s\u00e8pia\u00bb ese es el nombre en valenciano de \u00e9ste plato tradicional y muuucho en mi Cabanyal y me que &hellip; <\/p>\n","protected":false},"author":2,"featured_media":12971,"comment_status":"open","ping_status":"open","sticky":false,"template":"","format":"standard","meta":[],"categories":[40,37,1],"tags":[],"_links":{"self":[{"href":"https:\/\/elcalaixetdelaiaia.es\/index.php?rest_route=\/wp\/v2\/posts\/1096"}],"collection":[{"href":"https:\/\/elcalaixetdelaiaia.es\/index.php?rest_route=\/wp\/v2\/posts"}],"about":[{"href":"https:\/\/elcalaixetdelaiaia.es\/index.php?rest_route=\/wp\/v2\/types\/post"}],"author":[{"embeddable":true,"href":"https:\/\/elcalaixetdelaiaia.es\/index.php?rest_route=\/wp\/v2\/users\/2"}],"replies":[{"embeddable":true,"href":"https:\/\/elcalaixetdelaiaia.es\/index.php?rest_route=%2Fwp%2Fv2%2Fcomments&post=1096"}],"version-history":[{"count":11,"href":"https:\/\/elcalaixetdelaiaia.es\/index.php?rest_route=\/wp\/v2\/posts\/1096\/revisions"}],"predecessor-version":[{"id":19711,"href":"https:\/\/elcalaixetdelaiaia.es\/index.php?rest_route=\/wp\/v2\/posts\/1096\/revisions\/19711"}],"wp:featuredmedia":[{"embeddable":true,"href":"https:\/\/elcalaixetdelaiaia.es\/index.php?rest_route=\/wp\/v2\/media\/12971"}],"wp:attachment":[{"href":"https:\/\/elcalaixetdelaiaia.es\/index.php?rest_route=%2Fwp%2Fv2%2Fmedia&parent=1096"}],"wp:term":[{"taxonomy":"category","embeddable":true,"href":"https:\/\/elcalaixetdelaiaia.es\/index.php?rest_route=%2Fwp%2Fv2%2Fcategories&post=1096"},{"taxonomy":"post_tag","embeddable":true,"href":"https:\/\/elcalaixetdelaiaia.es\/index.php?rest_route=%2Fwp%2Fv2%2Ftags&post=1096"}],"curies":[{"name":"wp","href":"https:\/\/api.w.org\/{rel}","templated":true}]}}