{"id":1091,"date":"2013-12-09T09:51:00","date_gmt":"2013-12-09T09:51:00","guid":{"rendered":"http:\/\/elcalaixetdelaiaia.es\/salsa-de-quesos-al-microondas"},"modified":"2024-10-13T18:26:42","modified_gmt":"2024-10-13T18:26:42","slug":"salsa-de-quesos-al-microondas","status":"publish","type":"post","link":"https:\/\/elcalaixetdelaiaia.es\/?p=1091","title":{"rendered":"Salsa r\u00e1pida  de quesos al microondas"},"content":{"rendered":"<p>\u00abQui cuina salat, cuina per al gat i el que cuida dol\u00e7 cuina per a molts\u00bb<\/p>\n<div>Quien cocina salado cocina para el gato, quien cocina dulce, cocina para muchos.<\/div>\n<div><\/div>\n<div>\n<p>Una salsa r\u00e1pida y rica, ideal para compa\u00f1ar en las fiestas que llegan&#8230; o en cualquier ocasi\u00f3n. Otro d\u00eda os pongo variantes distintas&#8230;<\/p>\n<div class=\"separator\" style=\"clear: both; text-align: center;\"><a style=\"margin-left: 1em; margin-right: 1em;\" href=\"http:\/\/2.bp.blogspot.com\/-HyCMKk5lPcE\/UqWTr7uggYI\/AAAAAAAADPQ\/tDpHLmB4S98\/s1600\/IMG_1584.JPG\"><img decoding=\"async\" loading=\"lazy\" src=\"https:\/\/elcalaixetdelaiaia.es\/wp-content\/uploads\/2013\/12\/IMG_1584.jpg\" width=\"320\" height=\"213\" border=\"0\" \/><\/a><\/div>\n<\/div>\n<div><\/div>\n<div>Necesitaremos;<\/div>\n<div><\/div>\n<div>\n<div class=\"separator\" style=\"clear: both; text-align: center;\"><a style=\"margin-left: 1em; margin-right: 1em;\" href=\"http:\/\/1.bp.blogspot.com\/-znvdHI-PJQs\/UqWPnD8WJ2I\/AAAAAAAADOM\/xHFCS55bYys\/s1600\/IMG_1576.JPG\"><img decoding=\"async\" loading=\"lazy\" src=\"https:\/\/elcalaixetdelaiaia.es\/wp-content\/uploads\/2013\/12\/IMG_1576.jpg\" width=\"320\" height=\"213\" border=\"0\" \/><\/a><\/div>\n<\/div>\n<div><\/div>\n<div>\n<ol>\n<li>400 gr. de nata liquida<\/li>\n<li>Cuatro quesitos en porciones<\/li>\n<li>100 g de parmesano rallado ( o cualquier queso que os guste)<\/li>\n<li>1 cucharada sopera de vino blanco seco<\/li>\n<li>Nuez moscada rallada<\/li>\n<li>Sal<\/li>\n<li>Pimienta<\/li>\n<\/ol>\n<div class=\"separator\" style=\"clear: both; text-align: center;\"><a style=\"margin-left: 1em; margin-right: 1em;\" href=\"http:\/\/3.bp.blogspot.com\/-5FYhYbSs_MY\/UqWQps3ovPI\/AAAAAAAADOU\/vk0dngyBKyU\/s1600\/IMG_1578.JPG\"><img decoding=\"async\" loading=\"lazy\" src=\"https:\/\/elcalaixetdelaiaia.es\/wp-content\/uploads\/2013\/12\/IMG_1578.jpg\" width=\"320\" height=\"213\" border=\"0\" \/><\/a><\/div>\n<div><\/div>\n<div>en un bol apto para microondas ponemos la nata y los quesitos<\/div>\n<\/div>\n<div><\/div>\n<div class=\"separator\" style=\"clear: both; text-align: center;\"><a style=\"margin-left: 1em; margin-right: 1em;\" href=\"http:\/\/4.bp.blogspot.com\/-MBetBvU58OM\/UqWRfuYJVQI\/AAAAAAAADO4\/1PLVAaS52g0\/s1600\/IMG_1581.JPG\"><img decoding=\"async\" loading=\"lazy\" src=\"https:\/\/elcalaixetdelaiaia.es\/wp-content\/uploads\/2013\/12\/IMG_1581.jpg\" width=\"320\" height=\"213\" border=\"0\" \/><\/a><\/div>\n<div><\/div>\n<div>40 segundos de microondas a m\u00e1xima potencia<\/div>\n<div><\/div>\n<div class=\"separator\" style=\"clear: both; text-align: center;\"><a style=\"margin-left: 1em; margin-right: 1em;\" href=\"http:\/\/3.bp.blogspot.com\/-imZ18H5cuco\/UqWQqN-RvDI\/AAAAAAAADOo\/S_iZTRMJTw4\/s1600\/IMG_1580.JPG\"><img decoding=\"async\" loading=\"lazy\" src=\"https:\/\/elcalaixetdelaiaia.es\/wp-content\/uploads\/2013\/12\/IMG_1580.jpg\" width=\"320\" height=\"213\" border=\"0\" \/><\/a><\/div>\n<div><\/div>\n<div>batimos bi\u00e9n con las varillas, a\u00f1adimos los quesos al gusto, rallados, el vino y la nuez moscada<\/div>\n<div><\/div>\n<div class=\"separator\" style=\"clear: both; text-align: center;\"><a style=\"margin-left: 1em; margin-right: 1em;\" href=\"http:\/\/2.bp.blogspot.com\/-MBetBvU58OM\/UqWRfuYJVQI\/AAAAAAAADPE\/g2VmVFlqGqs\/s1600\/IMG_1581.JPG\"><img decoding=\"async\" loading=\"lazy\" src=\"https:\/\/elcalaixetdelaiaia.es\/wp-content\/uploads\/2013\/12\/IMG_1581-1.jpg\" width=\"320\" height=\"213\" border=\"0\" \/><\/a><\/div>\n<div><\/div>\n<div>de nuevo, 40 segundos mas al microondas<\/div>\n<div><\/div>\n<div class=\"separator\" style=\"clear: both; text-align: center;\"><a style=\"margin-left: 1em; margin-right: 1em;\" href=\"http:\/\/4.bp.blogspot.com\/-BZeLdoeE1Qs\/UqWRfKcCDWI\/AAAAAAAADPA\/TnABBY1ISOM\/s1600\/IMG_1583.JPG\"><img decoding=\"async\" loading=\"lazy\" src=\"https:\/\/elcalaixetdelaiaia.es\/wp-content\/uploads\/2013\/12\/IMG_1583.jpg\" width=\"320\" height=\"213\" border=\"0\" \/><\/a><\/div>\n<div><\/div>\n<div>batimos de nuevo y a\u00f1adimos la sal y la pimienta&#8230;.<\/div>\n<div><\/div>\n<div class=\"separator\" style=\"clear: both; text-align: center;\"><a style=\"margin-left: 1em; margin-right: 1em;\" href=\"http:\/\/2.bp.blogspot.com\/-vXoSMhJqwC0\/UqWRfq_5zPI\/AAAAAAAADPI\/P3veAeJubuo\/s1600\/IMG_1584.JPG\"><img decoding=\"async\" loading=\"lazy\" src=\"https:\/\/elcalaixetdelaiaia.es\/wp-content\/uploads\/2013\/12\/IMG_1584-1.jpg\" width=\"320\" height=\"213\" border=\"0\" \/><\/a><\/div>\n<div><\/div>\n<div>y listo para acompa\u00f1ar cualquier plato. \u00abA la taula i&#8230; BON PROFIT!\u00bb<\/div>\n<div>Pinchando en cada foto podr\u00e1s verla en tama\u00f1o grande, y si te gusta \u00e9sta entrada, comp\u00e1rtela, as\u00ed mucha gente podr\u00e1 disfrutar de esta receta. Graciassss.<\/div>\n<div><\/div>\n","protected":false},"excerpt":{"rendered":"<p>\u00abQui cuina salat, cuina per al gat i el que cuida dol\u00e7 cuina per a molts\u00bb Quien cocina salado cocina para el gato, quien cocina dulce, cocina para muchos. Una salsa r\u00e1pida y rica, ideal para compa\u00f1ar en las fiestas que llegan&#8230; o en cualquier ocasi\u00f3n. Otro d\u00eda os pongo &hellip; <\/p>\n","protected":false},"author":2,"featured_media":12875,"comment_status":"open","ping_status":"open","sticky":false,"template":"","format":"standard","meta":[],"categories":[79,1],"tags":[],"_links":{"self":[{"href":"https:\/\/elcalaixetdelaiaia.es\/index.php?rest_route=\/wp\/v2\/posts\/1091"}],"collection":[{"href":"https:\/\/elcalaixetdelaiaia.es\/index.php?rest_route=\/wp\/v2\/posts"}],"about":[{"href":"https:\/\/elcalaixetdelaiaia.es\/index.php?rest_route=\/wp\/v2\/types\/post"}],"author":[{"embeddable":true,"href":"https:\/\/elcalaixetdelaiaia.es\/index.php?rest_route=\/wp\/v2\/users\/2"}],"replies":[{"embeddable":true,"href":"https:\/\/elcalaixetdelaiaia.es\/index.php?rest_route=%2Fwp%2Fv2%2Fcomments&post=1091"}],"version-history":[{"count":4,"href":"https:\/\/elcalaixetdelaiaia.es\/index.php?rest_route=\/wp\/v2\/posts\/1091\/revisions"}],"predecessor-version":[{"id":28016,"href":"https:\/\/elcalaixetdelaiaia.es\/index.php?rest_route=\/wp\/v2\/posts\/1091\/revisions\/28016"}],"wp:featuredmedia":[{"embeddable":true,"href":"https:\/\/elcalaixetdelaiaia.es\/index.php?rest_route=\/wp\/v2\/media\/12875"}],"wp:attachment":[{"href":"https:\/\/elcalaixetdelaiaia.es\/index.php?rest_route=%2Fwp%2Fv2%2Fmedia&parent=1091"}],"wp:term":[{"taxonomy":"category","embeddable":true,"href":"https:\/\/elcalaixetdelaiaia.es\/index.php?rest_route=%2Fwp%2Fv2%2Fcategories&post=1091"},{"taxonomy":"post_tag","embeddable":true,"href":"https:\/\/elcalaixetdelaiaia.es\/index.php?rest_route=%2Fwp%2Fv2%2Ftags&post=1091"}],"curies":[{"name":"wp","href":"https:\/\/api.w.org\/{rel}","templated":true}]}}