{"id":1086,"date":"2013-12-13T08:37:00","date_gmt":"2013-12-13T08:37:00","guid":{"rendered":"http:\/\/elcalaixetdelaiaia.es\/muerdago-o-visc"},"modified":"2025-12-14T14:29:00","modified_gmt":"2025-12-14T14:29:00","slug":"muerdago-o-visc","status":"publish","type":"post","link":"https:\/\/elcalaixetdelaiaia.es\/?p=1086","title":{"rendered":"Mu\u00e9rdago o Visc"},"content":{"rendered":"<p>\u00abRefrany; Nom\u00e9s pot ser feli\u00e7 sempre, qui sap ser feli\u00e7 amb tot.\u00bb Solo puede ser feliz siempre, quien sabe ser feliz con todo.<\/p>\n<p>\u00abHu\u00ed Santa LL\u00facia\u00bb, patrona de la vista y d\u00eda de quemar y renovar el mu\u00e9rdago.<\/p>\n<div style=\"text-align: center;\">El mu\u00e9rdago \u00f3 \u00aben valenci\u00e1 visc\u00bb.<\/div>\n<div style=\"text-align: center;\"><\/div>\n<div class=\"separator\" style=\"clear: both; text-align: center;\"><a style=\"margin-left: 1em; margin-right: 1em;\" href=\"http:\/\/2.bp.blogspot.com\/-roKn700y4q8\/UqrIdPEJb5I\/AAAAAAAADYY\/F5kZpSsspZ4\/s1600\/SAM_3368.JPG\"><img decoding=\"async\" loading=\"lazy\" src=\"https:\/\/elcalaixetdelaiaia.es\/wp-content\/uploads\/2013\/12\/SAM_3368.jpg\" width=\"480\" height=\"640\" border=\"0\" \/><\/a><\/div>\n<div style=\"text-align: center;\"><\/div>\n<div style=\"text-align: center;\">El mu\u00e9rdago es una planta semipar\u00e1sita de tallos articulados y siempre verdes. Tiene flores masculinas y femeninas y da unas bayas, primero verdes y blancas al madurar, que no son comestibles y que maduran a finales del oto\u00f1o.<\/div>\n<div style=\"text-align: center;\"><\/div>\n<div class=\"separator\" style=\"clear: both; text-align: center;\"><a style=\"margin-left: 1em; margin-right: 1em;\" href=\"http:\/\/4.bp.blogspot.com\/-Iut-RMjBzd0\/UqrCGpKeSNI\/AAAAAAAADWI\/8COc8mIwNj8\/s1600\/SAM_3309.JPG\"><img decoding=\"async\" loading=\"lazy\" src=\"https:\/\/elcalaixetdelaiaia.es\/wp-content\/uploads\/2013\/12\/SAM_3309.jpg\" width=\"640\" height=\"486\" border=\"0\" \/><\/a><\/div>\n<div class=\"separator\" style=\"clear: both; text-align: center;\"><\/div>\n<div style=\"text-align: center;\">\u00a0Hay leyendas que dicen que sus poderes m\u00e1gicos provienen de que fue creado como un elemento que no era del cielo ni de la tierra, ya que sus ra\u00edces no tocan nunca la tierra, pero tampoco se sostiene por s\u00ed mismo en el aire. De ah\u00ed la costumbre de recogerlo sin permitir que caiga al suelo, y de colgarlo del techo.<\/div>\n<div style=\"text-align: center;\">El mu\u00e9rdago se utilizaba con profusi\u00f3n en las festividades asociadas al final del a\u00f1o celta, hacia el 1 de noviembre, y del solsticio de invierno.<\/div>\n<div style=\"text-align: center;\"><\/div>\n<div class=\"separator\" style=\"clear: both; text-align: center;\"><a style=\"margin-left: 1em; margin-right: 1em;\" href=\"http:\/\/3.bp.blogspot.com\/-0kwcx7Iu7HU\/UqtpeYjOLCI\/AAAAAAAADYs\/_XRQGgSWRRQ\/s1600\/calaix.jpg\"><img decoding=\"async\" loading=\"lazy\" src=\"https:\/\/elcalaixetdelaiaia.es\/wp-content\/uploads\/2013\/12\/calaix.jpg\" width=\"640\" height=\"480\" border=\"0\" \/><\/a><\/div>\n<div style=\"text-align: center;\"><\/div>\n<div style=\"text-align: center;\">\u00a0Crece preferentemente en las ramas de encinas, pinos y robles, en lo que a simple vista parece una madeja de tallos en forma de pelota.<\/div>\n<div style=\"text-align: center;\"><\/div>\n<div class=\"separator\" style=\"clear: both; text-align: center;\"><a style=\"margin-left: 1em; margin-right: 1em;\" href=\"http:\/\/1.bp.blogspot.com\/-SzZ0gPcCD7Y\/UqrCGrxxE9I\/AAAAAAAADWM\/uchNMDkiGuE\/s1600\/SAM_3311.JPG\"><img decoding=\"async\" loading=\"lazy\" src=\"https:\/\/elcalaixetdelaiaia.es\/wp-content\/uploads\/2013\/12\/SAM_3311.jpg\" width=\"640\" height=\"480\" border=\"0\" \/><\/a><\/div>\n<div style=\"text-align: center;\"><\/div>\n<div style=\"text-align: center;\">El mu\u00e9rdago era sagrado para los antiguos druidas, un bien para todo mal, f\u00edsico o m\u00e1gico. Aparte de sus innegables virtudes para combatir la arteriosclerosis y la tensi\u00f3n arterial, se le atribu\u00eda el poder de proteger y curar de forma m\u00e1gica. Era adem\u00e1s considerado un s\u00edmbolo de paz y un poderoso amuleto protector, adem\u00e1s del s\u00edmbolo de la masculinidad, como contraposici\u00f3n al acebo, que era el s\u00edmbolo de la femineidad. Seg\u00fan una antigua superstici\u00f3n, se colgaba sobre las cunas de los ni\u00f1os, para evitar que las hadas los robasen y los sustituyeran por otros.<\/div>\n<div style=\"text-align: center;\"><\/div>\n<div class=\"separator\" style=\"clear: both; text-align: center;\"><a style=\"margin-left: 1em; margin-right: 1em;\" href=\"http:\/\/2.bp.blogspot.com\/-u0xY7_gMXPU\/UqrCG_WZ2kI\/AAAAAAAADWQ\/T9R5l-Rck5Y\/s1600\/SAM_3312.JPG\"><img decoding=\"async\" loading=\"lazy\" src=\"https:\/\/elcalaixetdelaiaia.es\/wp-content\/uploads\/2013\/12\/SAM_3312.jpg\" width=\"640\" height=\"480\" border=\"0\" \/><\/a><\/div>\n<div style=\"text-align: center;\"><\/div>\n<div style=\"text-align: center;\">\u00a0Con la aparici\u00f3n del cristianismo, entre el pueblo, sigui\u00f3 siendo considerado un buen augurio para sus poseedores, siempre que se hubiera cortado con la debida reverencia, pero su fuerte simbolog\u00eda pagana hizo que cayera en desuso, salvo en lo que se refiere a la tradici\u00f3n \u00abrom\u00e1ntica\u00bb. Ya en la antig\u00fcedad, se consideraba que besarse debajo de un \u00e1rbol con mu\u00e9rdago hac\u00eda durar el amor o incluso pod\u00eda iniciarlo. \u00c9se es el significado de la costumbre actual de besar a la pareja debajo del mu\u00e9rdago (colgado normalmente del dintel de una puerta o del techo, a falta de un roble o una encina): se supone que hace perdurar el amor. (El amor hay que hacerlo perdurar, reg\u00e1ndolo d\u00eda a d\u00eda&#8230;en fin&#8230;).<\/div>\n<div style=\"text-align: center;\"><\/div>\n<div class=\"separator\" style=\"clear: both; text-align: center;\"><a style=\"margin-left: 1em; margin-right: 1em;\" href=\"http:\/\/1.bp.blogspot.com\/-_J3IMscFaTo\/UqrCKeaZ8pI\/AAAAAAAADWg\/g7zLvsQTCQg\/s1600\/SAM_3313.JPG\"><img decoding=\"async\" loading=\"lazy\" src=\"https:\/\/elcalaixetdelaiaia.es\/wp-content\/uploads\/2013\/12\/SAM_3313.jpg\" width=\"640\" height=\"480\" border=\"0\" \/><\/a><\/div>\n<div style=\"text-align: center;\"><\/div>\n<div style=\"text-align: center;\">En la antig\u00fcedad, el rito de cortar el mu\u00e9rdago era respetuoso y complejo. El mejor mu\u00e9rdago para cortar, el m\u00e1s valioso, era el que crec\u00eda en los robles y pinos. La tradici\u00f3n dec\u00eda que hab\u00eda que pedir permiso a la planta antes de cortarla, y que quien no lo hiciera con la debida reverencia sufrir\u00eda todo tipo de males. Hab\u00eda que cortarlo cuando la luna ten\u00eda seis d\u00edas, de un tajo, utilizando una hoz de oro y evitando que cayera al suelo.<\/div>\n<div style=\"text-align: center;\"><\/div>\n<div class=\"separator\" style=\"clear: both; text-align: center;\"><a style=\"margin-left: 1em; margin-right: 1em;\" href=\"http:\/\/1.bp.blogspot.com\/-KufgJLd6gug\/UqrIiZDDQiI\/AAAAAAAADYg\/orQFQWnzd-k\/s1600\/SAM_3390.JPG\"><img decoding=\"async\" loading=\"lazy\" src=\"https:\/\/elcalaixetdelaiaia.es\/wp-content\/uploads\/2013\/12\/SAM_3390.jpg\" width=\"480\" height=\"640\" border=\"0\" \/><\/a><\/div>\n<div style=\"text-align: center;\"><\/div>\n<div>\n<div style=\"text-align: center;\">Hoy d\u00eda lo venden no solo en las florister\u00edas, sino en los mercadillos incluso en las tiendas de todo a 1\u20ac.<\/div>\n<div style=\"text-align: center;\">En algunas zonas de Espa\u00f1a est\u00e1 prohibida su recolecci\u00f3n, porque sirve de alimento para los p\u00e1jaros y en otras si, porque se come a los pinos&#8230;.en fin que mejor para asegurarnos, comprarlo en la florister\u00eda. Con una rama mediana me sale para la familia y los mas \u00edntimos, mis cu\u00f1adas lo quieren siempre en la m\u00ednima expresi\u00f3n y a mi no me gusta tener un bols\u00f3n enorme todo el a\u00f1o arriba de la puerta, sino algo mas discreto&#8230;si ha de hacer&#8230;hace igual.<\/div>\n<div style=\"text-align: center;\"><\/div>\n<div class=\"separator\" style=\"clear: both; text-align: center;\"><a style=\"margin-left: 1em; margin-right: 1em;\" href=\"http:\/\/4.bp.blogspot.com\/-8H6Nf1YQdgM\/UqrCKwa28JI\/AAAAAAAADWk\/cmO7BHhuLmo\/s1600\/SAM_3367.JPG\"><img decoding=\"async\" loading=\"lazy\" src=\"https:\/\/elcalaixetdelaiaia.es\/wp-content\/uploads\/2013\/12\/SAM_3367.jpg\" width=\"640\" height=\"480\" border=\"0\" \/><\/a><\/div>\n<div style=\"text-align: center;\"><\/div>\n<div style=\"text-align: center;\">\n<p>Dice la leyenda que para ser efectivo no sirve comprarlo para uno mismo sino que ha de ser regalado. Curiosamente lo llevo regalando a\u00f1os a mis seres mas cercanos y hace un tiempo, empezaron a regal\u00e1rmelo a mi.\u00a0 Cuando preparo los ramitos para regalar, procuro a\u00f1adir unas bayas y hojas de acebo, si me es posible, seg\u00fan cuentan varias leyendas, lo ideal, es que vayan juntos. En los valles, escondidas entre los bosques, existen las dos especies de estas dos plantas singulares. Su tradici\u00f3n y sus usos las hacen tremendamente especiales. Ambas fueron consideradas sagradas por la cultura celta. Basta con dar un paseo por los bosques mixtos de nuestra cordillera para poder encontrarlas. Son f\u00e1ciles de distinguir y son muchas las leyendas e historias populares que se cuentan en torno a ellas, que dejo para otra ocasi\u00f3n, o esta entrada ser\u00eda demasiado larga \ud83d\ude09 El mu\u00e9rdago tambi\u00e9n se usa como adorno navide\u00f1o, aunque fue principalmente sustituido por el acebo con la llegada de la tradici\u00f3n cat\u00f3lica. Quiz\u00e1 sea este el motivo por el que se confunden mu\u00e9rdago y acebo, a pesar de que su aspecto es completamente diferente, a mi, me gusta juntarlos a los dos. Os aseguro que \u00faltimamente, buena suerte&#8230;no me ha dado, pero como todo hay que intentar, lo quemar\u00e9 con cuidado antes de las 12 de la noche y pasar\u00e9 el humo por todo la casa de dentro a fuera&#8230; tampoco cuesta nada probar de nuevo.<\/p>\n<\/div>\n<div class=\"separator\" style=\"clear: both; text-align: center;\"><a style=\"margin-left: 1em; margin-right: 1em;\" href=\"http:\/\/1.bp.blogspot.com\/-au8jsCu7hdk\/UqrCT1F5-3I\/AAAAAAAADXk\/VNAk3ePdTpc\/s1600\/SAM_3381.JPG\"><img decoding=\"async\" loading=\"lazy\" src=\"https:\/\/elcalaixetdelaiaia.es\/wp-content\/uploads\/2013\/12\/SAM_3381.jpg\" width=\"640\" height=\"480\" border=\"0\" \/><\/a><\/div>\n<div style=\"text-align: center;\"><\/div>\n<div style=\"text-align: center;\">Preparo unas ramitas y envuelvo en celof\u00e1n porque al secarse las ramitas algunas caen al suelo.<\/div>\n<div style=\"text-align: center;\">Hago unos cortes en el celof\u00e1n porque de lo contrario, a veces se enmohece.<\/div>\n<div style=\"text-align: center;\"><\/div>\n<div class=\"separator\" style=\"clear: both; text-align: center;\"><a style=\"margin-left: 1em; margin-right: 1em;\" href=\"http:\/\/2.bp.blogspot.com\/-Q0Gps-wc7ko\/UqrCTSxlg1I\/AAAAAAAADXc\/PrJRg7WqMPA\/s1600\/SAM_3379.JPG\"><img decoding=\"async\" loading=\"lazy\" src=\"https:\/\/elcalaixetdelaiaia.es\/wp-content\/uploads\/2013\/12\/SAM_3379.jpg\" width=\"640\" height=\"480\" border=\"0\" \/><\/a><\/div>\n<div style=\"text-align: center;\"><\/div>\n<div style=\"text-align: center;\">En la lazada pongo una horquilla del pelo que introducir\u00e1n entre la madera del marco de la puerta y la pared, con lo cual, no se estropea nada y listos para regalar.<\/div>\n<div style=\"text-align: center;\"><\/div>\n<div class=\"separator\" style=\"clear: both; text-align: center;\"><a style=\"margin-left: 1em; margin-right: 1em;\" href=\"http:\/\/1.bp.blogspot.com\/-Nh034A_HBgc\/UqrCNgoYAAI\/AAAAAAAADWw\/9Yy_VaCh2PY\/s1600\/SAM_3370.JPG\"><img decoding=\"async\" loading=\"lazy\" src=\"https:\/\/elcalaixetdelaiaia.es\/wp-content\/uploads\/2013\/12\/SAM_3370.jpg\" width=\"480\" height=\"640\" border=\"0\" \/><\/a><\/div>\n<div style=\"text-align: center;\"><\/div>\n<div style=\"text-align: center;\">Retirar el del a\u00f1o pasado<\/div>\n<div style=\"text-align: center;\"><\/div>\n<div class=\"separator\" style=\"clear: both; text-align: center;\"><a style=\"margin-left: 1em; margin-right: 1em;\" href=\"http:\/\/4.bp.blogspot.com\/-sGEVUEc3-xA\/UqrCOoQHF-I\/AAAAAAAADXA\/Vh4Iucmegak\/s1600\/SAM_3373.JPG\"><img decoding=\"async\" loading=\"lazy\" src=\"https:\/\/elcalaixetdelaiaia.es\/wp-content\/uploads\/2013\/12\/SAM_3373.jpg\" width=\"640\" height=\"480\" border=\"0\" \/><\/a><\/div>\n<div style=\"text-align: center;\"><\/div>\n<div style=\"text-align: center;\">Quitar el celof\u00e1n y lazo<\/div>\n<div style=\"text-align: center;\"><\/div>\n<div class=\"separator\" style=\"clear: both; text-align: center;\"><a style=\"margin-left: 1em; margin-right: 1em;\" href=\"http:\/\/4.bp.blogspot.com\/-c1PUDaM8FWo\/UqrCQFOtCMI\/AAAAAAAADXI\/11bBb5FDsks\/s1600\/SAM_3375.JPG\"><img decoding=\"async\" loading=\"lazy\" src=\"https:\/\/elcalaixetdelaiaia.es\/wp-content\/uploads\/2013\/12\/SAM_3375.jpg\" width=\"640\" height=\"480\" border=\"0\" \/><\/a><\/div>\n<div style=\"text-align: center;\"><\/div>\n<div style=\"text-align: center;\">En un recipiente met\u00e1lico o de barro poner un trozo de papel aluminio para evitar que se estropee<\/div>\n<div style=\"text-align: center;\"><\/div>\n<div class=\"separator\" style=\"clear: both; text-align: center;\"><a style=\"margin-left: 1em; margin-right: 1em;\" href=\"http:\/\/3.bp.blogspot.com\/-eqankXc8pVE\/UqrCP5Ei4KI\/AAAAAAAADXE\/EI89ls4PFlQ\/s1600\/SAM_3376.JPG\"><img decoding=\"async\" loading=\"lazy\" src=\"https:\/\/elcalaixetdelaiaia.es\/wp-content\/uploads\/2013\/12\/SAM_3376.jpg\" width=\"640\" height=\"418\" border=\"0\" \/><\/a><\/div>\n<div style=\"text-align: center;\"><\/div>\n<div style=\"text-align: center;\">Suelo poner un disco de desmaquillar y unas gotitas de alcohol porque a veces, sobre estar tan seco&#8230;no quema bi\u00e9n<\/div>\n<div class=\"separator\" style=\"clear: both; text-align: center;\"><a style=\"margin-left: 1em; margin-right: 1em;\" href=\"http:\/\/3.bp.blogspot.com\/-cRQ-M-6TgOg\/UqrCRt9qXVI\/AAAAAAAADXQ\/0pq3bix4EOY\/s1600\/SAM_3378.JPG\"><img decoding=\"async\" loading=\"lazy\" src=\"https:\/\/elcalaixetdelaiaia.es\/wp-content\/uploads\/2013\/12\/SAM_3378.jpg\" width=\"640\" height=\"454\" border=\"0\" \/><\/a><\/div>\n<div style=\"text-align: center;\"><\/div>\n<div style=\"text-align: center;\">Y en un balc\u00f3n y terraza POR FAVOR EXTREMAR LA PRECAUCI\u00d3N EN \u00c9STO, prenderemos fuego SIEMPRE con cerillas<\/div>\n<div style=\"text-align: center;\"><\/div>\n<div class=\"separator\" style=\"clear: both; text-align: center;\"><a style=\"margin-left: 1em; margin-right: 1em;\" href=\"http:\/\/2.bp.blogspot.com\/-aHEgh4gJp_Y\/UqrCU_5PVjI\/AAAAAAAADXo\/UTkDFVFvx38\/s1600\/SAM_3382.JPG\"><img decoding=\"async\" loading=\"lazy\" src=\"https:\/\/elcalaixetdelaiaia.es\/wp-content\/uploads\/2013\/12\/SAM_3382.jpg\" width=\"640\" height=\"462\" border=\"0\" \/><\/a><\/div>\n<div style=\"text-align: center;\"><\/div>\n<div style=\"text-align: center;\">esperaremos que se reduzca a cenizas,<\/div>\n<div style=\"text-align: center;\"><\/div>\n<div class=\"separator\" style=\"clear: both; text-align: center;\"><a style=\"margin-left: 1em; margin-right: 1em;\" href=\"http:\/\/4.bp.blogspot.com\/-8QQ8VTLMTK4\/UqrCWWlgCyI\/AAAAAAAADX0\/biRW39lS-f0\/s1600\/SAM_3383.JPG\"><img decoding=\"async\" loading=\"lazy\" src=\"https:\/\/elcalaixetdelaiaia.es\/wp-content\/uploads\/2013\/12\/SAM_3383.jpg\" width=\"640\" height=\"480\" border=\"0\" \/><\/a><\/div>\n<div class=\"separator\" style=\"clear: both; text-align: center;\"><\/div>\n<div class=\"separator\" style=\"clear: both; text-align: center;\">\u00a0y pasaremos el humo por la casa desde dentro hacia fuera<\/div>\n<div class=\"separator\" style=\"clear: both; text-align: center;\"><\/div>\n<div class=\"separator\" style=\"clear: both; text-align: center;\"><a style=\"margin-left: 1em; margin-right: 1em;\" href=\"http:\/\/2.bp.blogspot.com\/-lMaLZF2j7n4\/UqrCW_RMjbI\/AAAAAAAADX4\/zV2DWNY4IpA\/s1600\/SAM_3384+modified.jpg\"><img decoding=\"async\" loading=\"lazy\" src=\"https:\/\/elcalaixetdelaiaia.es\/wp-content\/uploads\/2013\/12\/SAM_3384-modified.jpg\" width=\"640\" height=\"480\" border=\"0\" \/><\/a><\/div>\n<div class=\"separator\" style=\"clear: both; text-align: center;\"><\/div>\n<div style=\"text-align: center;\">Desecharemos las cenizas en el WC,y el resto en la basura, una vez nos aseguremos bien de que no queda nada de fuego. \u00c9sto hay que hacerlo antes de las 12 de la noche.<\/div>\n<div style=\"text-align: center;\"><\/div>\n<div class=\"separator\" style=\"clear: both; text-align: center;\"><a style=\"margin-left: 1em; margin-right: 1em;\" href=\"http:\/\/1.bp.blogspot.com\/-TZ7ZJXMMMLw\/UqrEmYjHmOI\/AAAAAAAADYI\/vZpBTREbCNg\/s1600\/SAM_3388.JPG\"><img decoding=\"async\" loading=\"lazy\" src=\"https:\/\/elcalaixetdelaiaia.es\/wp-content\/uploads\/2013\/12\/SAM_3388.jpg\" width=\"480\" height=\"640\" border=\"0\" \/><\/a><\/div>\n<div style=\"text-align: center;\"><\/div>\n<div style=\"text-align: center;\">y colocaremos el nuevo&#8230;a ver si \u00e9ste a\u00f1o nos van mejor las cosas&#8230;..<\/div>\n<div style=\"text-align: center;\"><\/div>\n<div style=\"text-align: center;\">Como me dec\u00eda mi querida amiga Teresa Esteve el a\u00f1o pasado tal d\u00eda como hoy, el amor hay que cuidarlo a diario e intentar ver la vida desde un punto de mira optimista. Agradezco a quien haga posible que en cierto modo la fortuna siga presente en mi vida aun con tant\u00edsimas piedras en el camino y deseo de todo coraz\u00f3n que os acompa\u00f1e en la vuestra tambi\u00e9n. \u00abUna enorme abra\u00e7ada&#8230;on estigues Tere, et trove a faltar amiga.\u00bb<\/div>\n<div style=\"text-align: center;\">Os deseo que se\u00e1is afortunados y recib\u00e1is el obsequio, para colgar sobre la puerta de entrada de vuestros hogares, se\u00f1al de que alguien, cree en \u00e9stas cosas y&#8230;..os desea lo mejor, como yo lo hago y por si acaso nadie os obsequia con un ramillito, ah\u00ed va el m\u00edo virtual dese\u00e1ndoos todo lo mejor del mundo mundial.<\/div>\n<div style=\"text-align: center;\"><\/div>\n<div style=\"text-align: center;\">Un saludo de<\/div>\n<div style=\"text-align: center;\">iaia Maimen<\/div>\n<div style=\"text-align: center;\">Si te gusta \u00e9sta entrada, la podr\u00edas compartir, as\u00ed mucha gente podr\u00e1 disfrutar\u00a0 ver este post. Graciassss.<\/div>\n<div>Y recuerda que tambien estoy en Facebook https:\/\/www.facebook.com\/El-calaixet-de-la-iaia-533062140099386\/ Gracias.<\/div>\n<\/div>\n","protected":false},"excerpt":{"rendered":"<p>\u00abRefrany; Nom\u00e9s pot ser feli\u00e7 sempre, qui sap ser feli\u00e7 amb tot.\u00bb Solo puede ser feliz siempre, quien sabe ser feliz con todo. \u00abHu\u00ed Santa LL\u00facia\u00bb, patrona de la vista y d\u00eda de quemar y renovar el mu\u00e9rdago. El mu\u00e9rdago \u00f3 \u00aben valenci\u00e1 visc\u00bb. El mu\u00e9rdago es una planta semipar\u00e1sita &hellip; <\/p>\n","protected":false},"author":2,"featured_media":12819,"comment_status":"open","ping_status":"open","sticky":false,"template":"","format":"standard","meta":[],"categories":[1],"tags":[],"_links":{"self":[{"href":"https:\/\/elcalaixetdelaiaia.es\/index.php?rest_route=\/wp\/v2\/posts\/1086"}],"collection":[{"href":"https:\/\/elcalaixetdelaiaia.es\/index.php?rest_route=\/wp\/v2\/posts"}],"about":[{"href":"https:\/\/elcalaixetdelaiaia.es\/index.php?rest_route=\/wp\/v2\/types\/post"}],"author":[{"embeddable":true,"href":"https:\/\/elcalaixetdelaiaia.es\/index.php?rest_route=\/wp\/v2\/users\/2"}],"replies":[{"embeddable":true,"href":"https:\/\/elcalaixetdelaiaia.es\/index.php?rest_route=%2Fwp%2Fv2%2Fcomments&post=1086"}],"version-history":[{"count":10,"href":"https:\/\/elcalaixetdelaiaia.es\/index.php?rest_route=\/wp\/v2\/posts\/1086\/revisions"}],"predecessor-version":[{"id":28705,"href":"https:\/\/elcalaixetdelaiaia.es\/index.php?rest_route=\/wp\/v2\/posts\/1086\/revisions\/28705"}],"wp:featuredmedia":[{"embeddable":true,"href":"https:\/\/elcalaixetdelaiaia.es\/index.php?rest_route=\/wp\/v2\/media\/12819"}],"wp:attachment":[{"href":"https:\/\/elcalaixetdelaiaia.es\/index.php?rest_route=%2Fwp%2Fv2%2Fmedia&parent=1086"}],"wp:term":[{"taxonomy":"category","embeddable":true,"href":"https:\/\/elcalaixetdelaiaia.es\/index.php?rest_route=%2Fwp%2Fv2%2Fcategories&post=1086"},{"taxonomy":"post_tag","embeddable":true,"href":"https:\/\/elcalaixetdelaiaia.es\/index.php?rest_route=%2Fwp%2Fv2%2Ftags&post=1086"}],"curies":[{"name":"wp","href":"https:\/\/api.w.org\/{rel}","templated":true}]}}