{"id":1080,"date":"2013-12-20T09:37:00","date_gmt":"2013-12-20T09:37:00","guid":{"rendered":"http:\/\/elcalaixetdelaiaia.es\/solomillo-al-hojaldre-con-jamon-queso-y"},"modified":"2023-12-22T17:28:23","modified_gmt":"2023-12-22T17:28:23","slug":"solomillo-al-hojaldre-con-jamon-queso-y","status":"publish","type":"post","link":"https:\/\/elcalaixetdelaiaia.es\/?p=1080","title":{"rendered":"Solomillo Wellington al hojaldre con jam\u00f3n, queso y bacon paso a paso foto a foto"},"content":{"rendered":"<p>\u00abRefrany; Per Nadal, dij\u00f3s el que en sa casa est\u00e1\u00bb. Por Navidad, dichoso el que en su casa est\u00e1.<\/p>\n<p>Una idea de un plato de Nochebuena, Navidad, &#8230;o cualquier d\u00eda es el solomillo al hojaldre con jam\u00f3n y queso, acompa\u00f1ado de una reducci\u00f3n de Oporto y cebolla pochada.<\/p>\n<div class=\"separator\" style=\"clear: both; text-align: center;\"><a style=\"margin-left: 1em; margin-right: 1em;\" href=\"http:\/\/3.bp.blogspot.com\/-YHb-WM7CMeU\/UrQGYcoRKsI\/AAAAAAAADls\/lbfd93DkTgI\/s1600\/SAM_3465+modified.jpg\"><img decoding=\"async\" loading=\"lazy\" src=\"https:\/\/elcalaixetdelaiaia.es\/wp-content\/uploads\/2013\/12\/SAM_3465-modified.jpg\" width=\"640\" height=\"408\" border=\"0\" \/><\/a><\/div>\n<p>El solomillo al hojaldre, tambi\u00e9n es llamado \u201cSolomillo Wellington\u201d, un plato muy conocido y tradicional en el mundo anglosaj\u00f3n. Precisamente en EEUU se hizo muy popular al ser uno de los platos preferidos del presidente Richard Nixon. El solomillo, recibe su nombre del militar brit\u00e1nico Arthur Wellesley, primer duque de Wellington. Los rellenos var\u00edan al gusto y la inspiraci\u00f3n \u00a0de cada cual y del momento, hoy no lo har\u00e9 con pat\u00e9 ni salsa de setas.<br \/>\nLo preparo para tres, os pod\u00e9is hacer una idea de los ingredientes y el proceso de preparaci\u00f3n, solo habr\u00e9is de multiplicar los ingredientes, seg\u00fan los comensales y lo comedores que sean.<\/p>\n<p>Para tres comensales, necesitaremos;<\/p>\n<div class=\"separator\" style=\"clear: both; text-align: center;\"><a style=\"margin-left: 1em; margin-right: 1em;\" href=\"http:\/\/3.bp.blogspot.com\/-g_oGbn7G7-A\/UrQF_nDc2ZI\/AAAAAAAADik\/jk9_mBHVMJE\/s1600\/SAM_3429.JPG\"><img decoding=\"async\" loading=\"lazy\" src=\"https:\/\/elcalaixetdelaiaia.es\/wp-content\/uploads\/2013\/12\/SAM_3429.jpg\" width=\"640\" height=\"480\" border=\"0\" \/><\/a><\/div>\n<ol>\n<li>&#8211; 1 Plancha de\u00a0Hojaldre fresco<\/li>\n<li>&#8211; Un solomillo<\/li>\n<li>&#8211; 50 gr de Queso curado<\/li>\n<li>&#8211; lonchas de queso Havart\u00ed<\/li>\n<li>&#8211; Lonchas de jam\u00f3n serrano<\/li>\n<li>&#8211; Lonchas de beicon<\/li>\n<li>&#8211; Un vaso deVino de Oporto<\/li>\n<li>&#8211; 1 Cebolla<\/li>\n<li>&#8211; Maicena espesante<\/li>\n<li>&#8211; Aceite de oliva<\/li>\n<li>&#8211; 1 Huevo<\/li>\n<li>&#8211; Sal<\/li>\n<li>&#8211; Pimienta<\/li>\n<\/ol>\n<div class=\"separator\" style=\"clear: both; text-align: center;\"><a style=\"margin-left: 1em; margin-right: 1em;\" href=\"http:\/\/1.bp.blogspot.com\/-vwwimUOOef8\/UrQF_F6i4lI\/AAAAAAAADig\/rHLYlyio35o\/s1600\/SAM_3432.JPG\"><img decoding=\"async\" loading=\"lazy\" src=\"https:\/\/elcalaixetdelaiaia.es\/wp-content\/uploads\/2013\/12\/SAM_3432.jpg\" width=\"640\" height=\"480\" border=\"0\" \/><\/a><\/div>\n<div style=\"text-align: center;\"><\/div>\n<div style=\"text-align: center;\">Empezaremos la v\u00edspera. y lo primero limpiaremos bien el solomillo de las telillas y los tendoncillos que pueda tener y seguiremos introduciendo el solomillo en un recipiente adecuado para macerarlo con pimienta, sal y Aceite de Oliva Virgen Extra no es necesario que lo cubra ,<\/div>\n<div style=\"text-align: center;\"><\/div>\n<div class=\"separator\" style=\"clear: both; text-align: center;\"><a style=\"margin-left: 1em; margin-right: 1em;\" href=\"http:\/\/1.bp.blogspot.com\/-V9BF0EGViV4\/UrQGBt3oAuI\/AAAAAAAADi0\/brOLTwLFwjM\/s1600\/SAM_3433.JPG\"><img decoding=\"async\" loading=\"lazy\" src=\"https:\/\/elcalaixetdelaiaia.es\/wp-content\/uploads\/2013\/12\/SAM_3433.jpg\" width=\"640\" height=\"480\" border=\"0\" \/><\/a><\/div>\n<div style=\"text-align: center;\"><\/div>\n<div style=\"text-align: center;\">\u00a0tapamos y reservamos en la nevera. Si nos es posible le daremos alguna vuelta en el recipiente antes de cocinarlo.<\/div>\n<div style=\"text-align: center;\"><\/div>\n<div class=\"separator\" style=\"clear: both; text-align: center;\"><a style=\"margin-left: 1em; margin-right: 1em;\" href=\"http:\/\/2.bp.blogspot.com\/-ljfin5Jdbts\/UrQGEIjp4ZI\/AAAAAAAADjE\/xFzV4dEH3v4\/s1600\/SAM_3436.JPG\"><img decoding=\"async\" loading=\"lazy\" src=\"https:\/\/elcalaixetdelaiaia.es\/wp-content\/uploads\/2013\/12\/SAM_3436.jpg\" width=\"640\" height=\"480\" border=\"0\" \/><\/a><\/div>\n<div style=\"text-align: center;\"><\/div>\n<div style=\"text-align: center;\">En el momento de la preparaci\u00f3n, limpiamos con papel de cocina y abriremos por la mitad, como un libro<\/div>\n<div style=\"text-align: center;\"><\/div>\n<div class=\"separator\" style=\"clear: both; text-align: center;\"><a style=\"margin-left: 1em; margin-right: 1em;\" href=\"http:\/\/3.bp.blogspot.com\/-SGZaAiiq9do\/UrQGBdYrdyI\/AAAAAAAADi4\/t-2u0eIGHHU\/s1600\/SAM_3434.JPG\"><img decoding=\"async\" loading=\"lazy\" src=\"https:\/\/elcalaixetdelaiaia.es\/wp-content\/uploads\/2013\/12\/SAM_3434.jpg\" width=\"640\" height=\"480\" border=\"0\" \/><\/a><\/div>\n<div style=\"text-align: center;\"><\/div>\n<div style=\"text-align: center;\">Pelaremos y rallaremos la cebolla, poni\u00e9ndola a pochar en una sart\u00e9n con aceite de oliva<\/div>\n<div style=\"text-align: center;\"><\/div>\n<div class=\"separator\" style=\"clear: both; text-align: center;\"><a style=\"margin-left: 1em; margin-right: 1em;\" href=\"http:\/\/3.bp.blogspot.com\/-EkTIc6yvo30\/UrQGCCC3XPI\/AAAAAAAADi8\/wyUO9oJdHgE\/s1600\/SAM_3435.JPG\"><img decoding=\"async\" loading=\"lazy\" src=\"https:\/\/elcalaixetdelaiaia.es\/wp-content\/uploads\/2013\/12\/SAM_3435.jpg\" width=\"640\" height=\"480\" border=\"0\" \/><\/a><\/div>\n<div style=\"text-align: center;\"><\/div>\n<div style=\"text-align: center;\">taparemos y dejaremos a fuego m\u00ednimo, para que se vaya haciendo lentamente<\/div>\n<div style=\"text-align: center;\"><\/div>\n<div class=\"separator\" style=\"clear: both; text-align: center;\"><a style=\"margin-left: 1em; margin-right: 1em;\" href=\"http:\/\/4.bp.blogspot.com\/-_M14P8Vcuhw\/UrQGGQOubtI\/AAAAAAAADjU\/hRaH-VNRBSc\/s1600\/SAM_3437.JPG\"><img decoding=\"async\" loading=\"lazy\" src=\"https:\/\/elcalaixetdelaiaia.es\/wp-content\/uploads\/2013\/12\/SAM_3437.jpg\" width=\"640\" height=\"480\" border=\"0\" \/><\/a><\/div>\n<div style=\"text-align: center;\"><\/div>\n<div style=\"text-align: center;\">\u00a0marcaremos el solomillo en la plancha para que no se quede seco al meterlo en el horno, y despu\u00e9s dejaremos enfriar un poco y mientas encenderemos el horno a 220\u00ba<\/div>\n<div style=\"text-align: center;\"><\/div>\n<div class=\"separator\" style=\"clear: both; text-align: center;\"><a style=\"margin-left: 1em; margin-right: 1em;\" href=\"http:\/\/3.bp.blogspot.com\/-42AzbsXqeCo\/UrQGF4eRiBI\/AAAAAAAADjY\/VMcFpbDqpME\/s1600\/SAM_3438.JPG\"><img decoding=\"async\" loading=\"lazy\" src=\"https:\/\/elcalaixetdelaiaia.es\/wp-content\/uploads\/2013\/12\/SAM_3438.jpg\" width=\"640\" height=\"480\" border=\"0\" \/><\/a><\/div>\n<div style=\"text-align: center;\"><\/div>\n<div style=\"text-align: center;\">pondremos queso curado en el centro<\/div>\n<div style=\"text-align: center;\"><\/div>\n<div class=\"separator\" style=\"clear: both; text-align: center;\"><a style=\"margin-left: 1em; margin-right: 1em;\" href=\"http:\/\/2.bp.blogspot.com\/-dZ-Ggg8U7QY\/UrQGGQQgbOI\/AAAAAAAADjc\/Q-zkfZVFavA\/s1600\/SAM_3439.JPG\"><img decoding=\"async\" loading=\"lazy\" src=\"https:\/\/elcalaixetdelaiaia.es\/wp-content\/uploads\/2013\/12\/SAM_3439.jpg\" width=\"640\" height=\"480\" border=\"0\" \/><\/a><\/div>\n<div style=\"text-align: center;\"><\/div>\n<div style=\"text-align: center;\">Extender la plancha de hojaldre y colocar una capa de\u00a0beicon, serrano o y otra encima\u00a0de queso hawart\u00ed, esto seg\u00fan el gusto de cada uno.<\/div>\n<div class=\"separator\" style=\"clear: both; text-align: center;\"><a style=\"margin-left: 1em; margin-right: 1em;\" href=\"http:\/\/2.bp.blogspot.com\/-VSvjRoblhPM\/UrQGILp-cuI\/AAAAAAAADjk\/v6oIGZeuHJg\/s1600\/SAM_3440.JPG\"><img decoding=\"async\" loading=\"lazy\" src=\"https:\/\/elcalaixetdelaiaia.es\/wp-content\/uploads\/2013\/12\/SAM_3440.jpg\" width=\"480\" height=\"640\" border=\"0\" \/><\/a><\/div>\n<div style=\"text-align: center;\"><\/div>\n<div style=\"text-align: center;\">Una vez que se han colocado las capas de jam\u00f3n y queso, se coloca el solomillo encima bien centrado .<\/div>\n<div style=\"text-align: center;\">\u00a1No os olvid\u00e9is de la cebolla! e ir d\u00e1ndole vueltas que no se queme&#8230;<\/div>\n<div style=\"text-align: center;\"><\/div>\n<div class=\"separator\" style=\"clear: both; text-align: center;\"><a style=\"margin-left: 1em; margin-right: 1em;\" href=\"http:\/\/4.bp.blogspot.com\/-ezPA2J-KhDI\/UrQGLOKbAzI\/AAAAAAAADj8\/3_1GPkR3l4A\/s1600\/SAM_3444.JPG\"><img decoding=\"async\" loading=\"lazy\" src=\"https:\/\/elcalaixetdelaiaia.es\/wp-content\/uploads\/2013\/12\/SAM_3444.jpg\" width=\"474\" height=\"640\" border=\"0\" \/><\/a><\/div>\n<div style=\"text-align: center;\"><\/div>\n<div style=\"text-align: center;\">y se envuelve con el hojaldre, con un cuchillo afilado o corta\u00a0pizzas, haremos unos cortes de unos dos cm.<\/div>\n<div style=\"text-align: center;\"><\/div>\n<div class=\"separator\" style=\"clear: both; text-align: center;\"><a style=\"margin-left: 1em; margin-right: 1em;\" href=\"http:\/\/3.bp.blogspot.com\/-EiKXyp1HzTI\/UrQGLalnnPI\/AAAAAAAADkA\/VwvI8DnCjp0\/s1600\/SAM_3445.JPG\"><img decoding=\"async\" loading=\"lazy\" src=\"https:\/\/elcalaixetdelaiaia.es\/wp-content\/uploads\/2013\/12\/SAM_3445.jpg\" width=\"496\" height=\"640\" border=\"0\" \/><\/a><\/div>\n<div style=\"text-align: center;\"><\/div>\n<div style=\"text-align: center;\">\u00a0e iremos cerrando formando una trenza<\/div>\n<div style=\"text-align: center;\">.<\/div>\n<div class=\"separator\" style=\"clear: both; text-align: center;\"><a style=\"margin-left: 1em; margin-right: 1em;\" href=\"http:\/\/2.bp.blogspot.com\/-AeHEu7JSyy0\/UrQGNIjhMhI\/AAAAAAAADkQ\/i-TR5tpK-WE\/s1600\/SAM_3446.JPG\"><img decoding=\"async\" loading=\"lazy\" src=\"https:\/\/elcalaixetdelaiaia.es\/wp-content\/uploads\/2013\/12\/SAM_3446.jpg\" width=\"640\" height=\"478\" border=\"0\" \/><\/a><\/div>\n<div style=\"text-align: center;\"><\/div>\n<div style=\"text-align: center;\">quedar\u00e1 as\u00ed<\/div>\n<div style=\"text-align: center;\"><\/div>\n<div class=\"separator\" style=\"clear: both; text-align: center;\"><a style=\"margin-left: 1em; margin-right: 1em;\" href=\"http:\/\/3.bp.blogspot.com\/-6sfZNgiLB5c\/UrQGN81cgLI\/AAAAAAAADkU\/w2pdMDNqPEA\/s1600\/SAM_3447.JPG\"><img decoding=\"async\" loading=\"lazy\" src=\"https:\/\/elcalaixetdelaiaia.es\/wp-content\/uploads\/2013\/12\/SAM_3447.jpg\" width=\"640\" height=\"480\" border=\"0\" \/><\/a><\/div>\n<div style=\"text-align: center;\"><\/div>\n<div style=\"text-align: center;\">quitaremos la clara a la yema, para<\/div>\n<div style=\"text-align: center;\"><\/div>\n<div class=\"separator\" style=\"clear: both; text-align: center;\"><a style=\"margin-left: 1em; margin-right: 1em;\" href=\"http:\/\/4.bp.blogspot.com\/-sIksyQ1trbE\/UrQGOlMVqsI\/AAAAAAAADkc\/rFYkuZfPBMk\/s1600\/SAM_3448.JPG\"><img decoding=\"async\" loading=\"lazy\" src=\"https:\/\/elcalaixetdelaiaia.es\/wp-content\/uploads\/2013\/12\/SAM_3448.jpg\" width=\"640\" height=\"480\" border=\"0\" \/><\/a><\/div>\n<div style=\"text-align: center;\"><\/div>\n<div style=\"text-align: center;\">Pintar el hojaldre con la yema de huevo para que quede dorado al hornearlo.<\/div>\n<div style=\"text-align: center;\"><\/div>\n<div class=\"separator\" style=\"clear: both; text-align: center;\"><a style=\"margin-left: 1em; margin-right: 1em;\" href=\"http:\/\/2.bp.blogspot.com\/-J4Ha7V-QnCo\/UrQGRik2AdI\/AAAAAAAADk0\/CUL_50qs1lk\/s1600\/SAM_3451.JPG\"><img decoding=\"async\" loading=\"lazy\" src=\"https:\/\/elcalaixetdelaiaia.es\/wp-content\/uploads\/2013\/12\/SAM_3451.jpg\" width=\"640\" height=\"472\" border=\"0\" \/><\/a><\/div>\n<div style=\"text-align: center;\"><\/div>\n<div style=\"text-align: center;\">Trasladamos a la fuente de horno, para evitar que se ablande el hojaldre por bajo pod\u00e9is utilizar una rejilla, as\u00ed caen las grasas a la bandeja.<\/div>\n<div style=\"text-align: center;\">Hornear con el horno precalentado a unos 200\u00baC durante unos 30 minutos o hasta que se vea dorado la parte superior del hojaldre, vigilad la cocci\u00f3n, cada horno necesita un tiempo distinto y tambi\u00e9n depende como os guste el hojaldre de hecho.<\/div>\n<div style=\"text-align: center;\"><\/div>\n<div class=\"separator\" style=\"clear: both; text-align: center;\"><a style=\"margin-left: 1em; margin-right: 1em;\" href=\"http:\/\/2.bp.blogspot.com\/-k6FxhcdRR2o\/UrQGQTAGA0I\/AAAAAAAADko\/meoWgx9hXrY\/s1600\/SAM_3450.JPG\"><img decoding=\"async\" loading=\"lazy\" src=\"https:\/\/elcalaixetdelaiaia.es\/wp-content\/uploads\/2013\/12\/SAM_3450.jpg\" width=\"640\" height=\"480\" border=\"0\" \/><\/a><\/div>\n<div style=\"text-align: center;\"><\/div>\n<div style=\"text-align: center;\">una vez pochada, la cebolla se le a\u00f1ade el vaso de vino de Oporto y dejamos que reduzca hasta la mitad o a 1\/3 del volumen original.<\/div>\n<div style=\"text-align: center;\"><\/div>\n<div class=\"separator\" style=\"clear: both; text-align: center;\"><a style=\"margin-left: 1em; margin-right: 1em;\" href=\"http:\/\/3.bp.blogspot.com\/-ECKAN1jsO7o\/UrQGS5yWG1I\/AAAAAAAADk8\/krbAk2wTyoU\/s1600\/SAM_3452.JPG\"><img decoding=\"async\" loading=\"lazy\" src=\"https:\/\/elcalaixetdelaiaia.es\/wp-content\/uploads\/2013\/12\/SAM_3452.jpg\" width=\"640\" height=\"480\" border=\"0\" \/><\/a><\/div>\n<div style=\"text-align: center;\"><\/div>\n<div style=\"text-align: center;\">Una vez reducido el vino, se a\u00f1ade una cucharada (si os gusta la salsa mas o menos espesa a\u00f1adir o reducir cantidad) de Maicena espesante que en caliente no forma grumos<\/div>\n<div style=\"text-align: center;\"><\/div>\n<div class=\"separator\" style=\"clear: both; text-align: center;\"><a style=\"margin-left: 1em; margin-right: 1em;\" href=\"http:\/\/3.bp.blogspot.com\/-STqa6tkcZoQ\/UrQGTxO4xkI\/AAAAAAAADlI\/WcBx-yjxVZU\/s1600\/SAM_3454.JPG\"><img decoding=\"async\" loading=\"lazy\" src=\"https:\/\/elcalaixetdelaiaia.es\/wp-content\/uploads\/2013\/12\/SAM_3454.jpg\" width=\"480\" height=\"640\" border=\"0\" \/><\/a><\/div>\n<div style=\"text-align: center;\"><\/div>\n<div style=\"text-align: center;\">\u00a0aunque igualmente lo pasamos por la batidora para triturar la cebolla y<\/div>\n<div style=\"text-align: center;\"><\/div>\n<div class=\"separator\" style=\"clear: both; text-align: center;\"><a style=\"margin-left: 1em; margin-right: 1em;\" href=\"http:\/\/4.bp.blogspot.com\/-OzDkptw3F1s\/UrQGUkLXjdI\/AAAAAAAADlM\/sBQ28DvheiU\/s1600\/SAM_3456.JPG\"><img decoding=\"async\" loading=\"lazy\" src=\"https:\/\/elcalaixetdelaiaia.es\/wp-content\/uploads\/2013\/12\/SAM_3456.jpg\" width=\"640\" height=\"480\" border=\"0\" \/><\/a><\/div>\n<div style=\"text-align: center;\"><\/div>\n<div style=\"text-align: center;\">\u00a0dejar una salsa a vuestro gusto<\/div>\n<div style=\"text-align: center;\"><\/div>\n<div class=\"separator\" style=\"clear: both; text-align: center;\"><a style=\"margin-left: 1em; margin-right: 1em;\" href=\"http:\/\/2.bp.blogspot.com\/-3KE7keTMnSo\/UrQGVcggu2I\/AAAAAAAADlY\/mmktcLpB9So\/s1600\/SAM_3457.JPG\"><img decoding=\"async\" loading=\"lazy\" src=\"https:\/\/elcalaixetdelaiaia.es\/wp-content\/uploads\/2013\/12\/SAM_3457.jpg\" width=\"640\" height=\"480\" border=\"0\" \/><\/a><\/div>\n<div style=\"text-align: center;\"><\/div>\n<div style=\"text-align: center;\">Una vez horneado el hojaldre con el solomillo, tendr\u00e1 este aspecto<\/div>\n<div style=\"text-align: center;\"><\/div>\n<div class=\"separator\" style=\"clear: both; text-align: center;\"><a style=\"margin-left: 1em; margin-right: 1em;\" href=\"http:\/\/4.bp.blogspot.com\/-Eua6SsSzKbs\/UrQGWLOIzsI\/AAAAAAAADlc\/2gBjmmJgrkw\/s1600\/SAM_3458.JPG\"><img decoding=\"async\" loading=\"lazy\" src=\"https:\/\/elcalaixetdelaiaia.es\/wp-content\/uploads\/2013\/12\/SAM_3458.jpg\" width=\"640\" height=\"496\" border=\"0\" \/><\/a><\/div>\n<div style=\"text-align: center;\"><\/div>\n<div style=\"text-align: center;\">como se trata de un plato muy contundente, lo he aligerado con una guarnici\u00f3n tomates valencianos espolvoreados de ajo molido, perejil sal, pimienta negra y aceite de oliva virgen, pero pod\u00e9is acompa\u00f1arla con unas patatas panadera o cualquier tipo de guarnici\u00f3n.<\/div>\n<div style=\"text-align: center;\"><\/div>\n<div class=\"separator\" style=\"clear: both; text-align: center;\"><a style=\"margin-left: 1em; margin-right: 1em;\" href=\"http:\/\/1.bp.blogspot.com\/-0AgWZX2fGAs\/UrQGY-mINRI\/AAAAAAAADlw\/N2KSbHAtrpI\/s1600\/SAM_3461+modified.jpg\"><img decoding=\"async\" loading=\"lazy\" src=\"https:\/\/elcalaixetdelaiaia.es\/wp-content\/uploads\/2013\/12\/SAM_3461-modified.jpg\" width=\"640\" height=\"454\" border=\"0\" \/><\/a><\/div>\n<div style=\"text-align: center;\"><\/div>\n<div style=\"text-align: center;\">\u00e9ste es el corte..mmm como hueleeeee. Por miedo a que se quemara el hojaldre, la he dejado poco en el horno, y no se ha llegado a hinchar del todo el hojaldre, aunque est\u00e1 hecho \u00bfeh? nada crudo (aunque en la imagen si lo parezca un poco)\u00a0 riqu\u00edsimo, pero mi recomendaci\u00f3n si os gusta mas hecho, es que lo dej\u00e9is en el horno 10 minutos m\u00e1s, tap\u00e1ndolo con papel de aluminio para que no se queme el hojaldre y suba un poquito mas \ud83d\ude09<\/div>\n<div style=\"text-align: center;\"><\/div>\n<div class=\"separator\" style=\"clear: both; text-align: center;\"><a style=\"margin-left: 1em; margin-right: 1em;\" href=\"http:\/\/2.bp.blogspot.com\/-g4atq7vV7yM\/UrQGZAxooMI\/AAAAAAAADl0\/ydoPk1byEis\/s1600\/SAM_3463.JPG\"><img decoding=\"async\" loading=\"lazy\" src=\"https:\/\/elcalaixetdelaiaia.es\/wp-content\/uploads\/2013\/12\/SAM_3463.jpg\" width=\"640\" height=\"454\" border=\"0\" \/><\/a><\/div>\n<div style=\"text-align: center;\"><\/div>\n<div style=\"text-align: center;\">\u00a0presentar el hojaldre en el plato pintar con un poco de salsa, y el resto de salsa,en una salsera para que cada cual se sirva a su gusto<\/div>\n<div style=\"text-align: center;\"><\/div>\n<div class=\"separator\" style=\"clear: both; text-align: center;\"><a style=\"margin-left: 1em; margin-right: 1em;\" href=\"http:\/\/2.bp.blogspot.com\/-ay_wyoa5R2U\/UrQPb3QqELI\/AAAAAAAADmA\/WRuibnUr8_8\/s1600\/SAM_3462.JPG\"><img decoding=\"async\" loading=\"lazy\" src=\"https:\/\/elcalaixetdelaiaia.es\/wp-content\/uploads\/2013\/12\/SAM_3462.jpg\" width=\"640\" height=\"480\" border=\"0\" \/><\/a><\/div>\n<div style=\"text-align: center;\"><\/div>\n<div style=\"text-align: center;\">\u00abA la taula i&#8230; BON PROFIT!!!\u00bb<\/div>\n<div style=\"text-align: center;\">Si te gusta mi receta, puedes compartirla\u00a0 para que llegue a m\u00e1s gente.<\/div>\n<div style=\"text-align: center;\">Espero tus comentarios y recuerda que tambi\u00e9n estoy en Facebook\u00a0<a href=\"https:\/\/www.facebook.com\/El-calaixet-de-la-iaia-533062140099386\/\">https:\/\/www.facebook.com\/El-calaixet-de-la-iaia-533062140099386\/<\/a><\/div>\n","protected":false},"excerpt":{"rendered":"<p>\u00abRefrany; Per Nadal, dij\u00f3s el que en sa casa est\u00e1\u00bb. Por Navidad, dichoso el que en su casa est\u00e1. Una idea de un plato de Nochebuena, Navidad, &#8230;o cualquier d\u00eda es el solomillo al hojaldre con jam\u00f3n y queso, acompa\u00f1ado de una reducci\u00f3n de Oporto y cebolla pochada. El solomillo &hellip; <\/p>\n","protected":false},"author":2,"featured_media":12747,"comment_status":"open","ping_status":"open","sticky":false,"template":"","format":"standard","meta":[],"categories":[12,131,1],"tags":[],"_links":{"self":[{"href":"https:\/\/elcalaixetdelaiaia.es\/index.php?rest_route=\/wp\/v2\/posts\/1080"}],"collection":[{"href":"https:\/\/elcalaixetdelaiaia.es\/index.php?rest_route=\/wp\/v2\/posts"}],"about":[{"href":"https:\/\/elcalaixetdelaiaia.es\/index.php?rest_route=\/wp\/v2\/types\/post"}],"author":[{"embeddable":true,"href":"https:\/\/elcalaixetdelaiaia.es\/index.php?rest_route=\/wp\/v2\/users\/2"}],"replies":[{"embeddable":true,"href":"https:\/\/elcalaixetdelaiaia.es\/index.php?rest_route=%2Fwp%2Fv2%2Fcomments&post=1080"}],"version-history":[{"count":5,"href":"https:\/\/elcalaixetdelaiaia.es\/index.php?rest_route=\/wp\/v2\/posts\/1080\/revisions"}],"predecessor-version":[{"id":26320,"href":"https:\/\/elcalaixetdelaiaia.es\/index.php?rest_route=\/wp\/v2\/posts\/1080\/revisions\/26320"}],"wp:featuredmedia":[{"embeddable":true,"href":"https:\/\/elcalaixetdelaiaia.es\/index.php?rest_route=\/wp\/v2\/media\/12747"}],"wp:attachment":[{"href":"https:\/\/elcalaixetdelaiaia.es\/index.php?rest_route=%2Fwp%2Fv2%2Fmedia&parent=1080"}],"wp:term":[{"taxonomy":"category","embeddable":true,"href":"https:\/\/elcalaixetdelaiaia.es\/index.php?rest_route=%2Fwp%2Fv2%2Fcategories&post=1080"},{"taxonomy":"post_tag","embeddable":true,"href":"https:\/\/elcalaixetdelaiaia.es\/index.php?rest_route=%2Fwp%2Fv2%2Ftags&post=1080"}],"curies":[{"name":"wp","href":"https:\/\/api.w.org\/{rel}","templated":true}]}}