{"id":1077,"date":"2013-12-25T10:40:00","date_gmt":"2013-12-25T10:40:00","guid":{"rendered":"http:\/\/elcalaixetdelaiaia.es\/dia-de-navidad"},"modified":"2024-12-25T08:22:08","modified_gmt":"2024-12-25T08:22:08","slug":"dia-de-navidad","status":"publish","type":"post","link":"https:\/\/elcalaixetdelaiaia.es\/?p=1077","title":{"rendered":"D\u00eda de Navidad d\u00eda de Nadal"},"content":{"rendered":"<p>\u00abRefrany;<br \/>\nJa ve Nadal&#8230; menjarem torrons, i amb les castanyoles cantarem can\u00e7ons\u00bb<br \/>\nYa viene Navidad, comeremos turrones, y con las casta\u00f1uelas, cantaremos canciones.<\/p>\n<div class=\"separator\" style=\"clear: both; text-align: center;\"><a style=\"margin-left: 1em; margin-right: 1em;\" href=\"http:\/\/4.bp.blogspot.com\/-IUnBmqbgpfI\/Urq175hjfqI\/AAAAAAAADrk\/px4glDhjaKg\/s1600\/CALAIX+nADAL.jpg\"><img decoding=\"async\" loading=\"lazy\" src=\"https:\/\/elcalaixetdelaiaia.es\/wp-content\/uploads\/2013\/12\/CALAIX-nADAL.jpg\" width=\"640\" height=\"430\" border=\"0\" \/><\/a><\/div>\n<p>Con este nacimiento que hice yo misma con escayola, cuando form\u00e9 mi hogar, con las pi\u00f1as de mis montes Universales, el asterisco de la nieve, el \u00e1rbol de la vida y el farol marinero, que adornan la entrada a mi casa, representando el mar y la monta\u00f1a, origen de sus moradores, os deseo todo lo mejor en estos d\u00edas.<\/p>\n<p>D\u00eda de juntar a la familia, pero de recordar tambi\u00e9n que la familia es TODO el a\u00f1o, que hemos de estar, si es posible, con nuestros padres todos los d\u00edas de a\u00f1o, amarles y cuidarles. Cuando son mayores ya, y solo dependen de nosotros, es muy importarles darles nuestro amor y apoyo, que no se sientan nunca solos.<\/p>\n<p>Cuando yo era peque\u00f1a y m\u00e1s tarde adolescente, el d\u00eda de Navidad lo part\u00edamos por la ma\u00f1ana con mi familia paterna y por la tarde con la materna.<\/p>\n<p>Mi madre, cada Navidad, sacaba del armario la bolsa de tela marr\u00f3n que conten\u00eda su chaquet\u00f3n de terciopelo negro con aquel cuello de imitaci\u00f3n de piel (regalo de una de las se\u00f1oras importantes a las que peinaba, pero no recuerdo de cual), le quitaba las hojas de laurel de los bolsillos, lo aireaba y prend\u00eda su broche de piedras verdes, peinaba su maravilloso pelo negro-azulado,( que jam\u00e1s ti\u00f1\u00f3), nos pon\u00eda a todos de punta en blanco y nos \u00edbamos al Canyamelar y Cabanyal primero y Els Angels despu\u00e9s, a recoger a la familia paterna.<br \/>\nMis tios;<br \/>\nAmpar\u00edn y Ton\u00edn, con mis primos Ampar\u00edn, Chelo, Ton\u00edn e Isabel\u00edn<br \/>\nEncarnita y Salvador, con mis primas Encarnita y Maribel (Maribel&#8230;como te echo de menos cari\u00f1o)<br \/>\nTeres\u00edn y Vicent\u00edn, con mis primos Vicent\u00edn y Teres\u00edn.<br \/>\nLuego con los a\u00f1os se fueron a\u00f1adiendo novias y novios; Domingo, Rafa (que por desgracia nos dej\u00f3 demasiado pronto y\u00a0 quien recuerdo con un cari\u00f1o especial) Alfonso, Vicente, Vi\u00e7ent, Jer\u00f3nimo, Elisa, Feli, que acabaron siendo de la familia.<br \/>\nFelicit\u00e1bamos a mis iaios y nos encamin\u00e1bamos todos juntos a felicitar a la t\u00eda Mar\u00eda, y luego a la t\u00eda Trini, a casa de la senyoreta.<br \/>\nAquella se\u00f1orial casa del Canyamelar, donde estuvo toda la vida sirviendo la t\u00eda Trini, hermana de mi iaio Antoniet, y donde la ten\u00edan considerada como una mas. Al llegar, la senyoreta y la t\u00eda nos hab\u00edan preparado la mesa con toda clase de \u00abpastissets dol\u00e7os i salats\u00bb vinos finos y su deliciosa ensaladilla rusa, todo ello colocado con mimo sobre un mantel bordado con suma delicadeza, cubiertos de plata y cristaler\u00eda tallada. Me embelesaba la l\u00e1mpara de ara\u00f1a colgada sobre la mesa con sus miles de cristales brillantes que reflejaba la luz con muchos colores, el bel\u00e9n enorme con agua de verdad, y la bondad de aquellas dos ancianas a quienes se les alegraba la sonrisa con la presencia de la numerosa familia de la t\u00eda Trini, que nunca se cas\u00f3.<br \/>\nTras la \u00abconvidada\u00bb, nos pon\u00edamos todos en fila de peque\u00f1o a mayor para recibir las estrenas y los besos de mi t\u00eda y la senyoreta. A veces en el sal\u00f3n, y otras en la habitaci\u00f3n de la t\u00eda, con su pulcra colcha blanca de ganchillo sobre su cama y aquella estrechita y alta mesita de noche de madera oscura con tapa de m\u00e1rmol blanco, y con una puertecita que siempre despertaba mi curiosidad, hasta que un a\u00f1o, ya de mayor la t\u00eda me descubri\u00f3 que escond\u00eda jajaja \ud83d\ude09 , ya que el ba\u00f1o quedaba muy lejos en aquella enorme casa. Sobre la mesita, habia una imagen de una Virgen resguardada del polvo por una campana de cristal transparente.\u00a0 Cada a\u00f1o, nuestros padres se pon\u00edan al final de la cola, intentando hacerse pasar por ni\u00f1os entre las risas y bromas de los dem\u00e1s y la t\u00eda complaciente les daba tambien sus estrenas, por descontado tras haberle besado las manos uno a uno&#8230;costumbres de aquella \u00e9poca que no nos importaban en absoluto. Todos quer\u00edamos y respet\u00e1bamos a \u00abla senyoreta\u00bb y a la t\u00eda.<br \/>\nDespu\u00e9s a casa de los iaios en la estacioneta del Cabanyal primero y a\u00f1os despu\u00e9s al piso donde se cambiaron, muy cerquita de la pla\u00e7a del \u00c1ngels.<br \/>\nLuego nos desped\u00edamos con muchos besos y abrazos, (somos muuuy cari\u00f1osos) como hemos hecho siempre y seguimos haciendo cada vez que nos vemos, y luego, cada cual a comer a su casa.<br \/>\nEn la m\u00eda nos esperaba el putxero que hab\u00eda preparado mi iaia Conxeta al chup chup, desde buena ma\u00f1ana, en aquel perol enorme de porcelana, rojo granate por fuera, azul gris\u00e1ceo por dentro, en cuyo interior estaba la comida de Navidad, el putxero de Nadal, con las pelotas que previamente, hab\u00edan preparado la iaia y mi mami, bajo nuestra atenta mirada.<\/p>\n<p>La tarde era de mi familia materna, nos junt\u00e1bamos en casa de mi t\u00eda Conxeta como todos los domingos del a\u00f1o, fiestas y pascua, all\u00ed acud\u00edamos todo el tropel.<br \/>\nMis t\u00edos;<br \/>\nMar\u00eda y Manolo, con mis primos Mari Lola, Manolo y Ampar\u00edn<br \/>\nMar\u00eda y Pepe, con mis primos Pepote, Roberto, Mari Carmen y Luis (Luis nos dej\u00f3 muy joven desconsolados y tristes, mi tete Luis al que quer\u00eda como un hermano por ser el mas cercano en nacimiento, poco despu\u00e9s tambi\u00e9n por desgracia, falleci\u00f3 mi primo Pepote)<br \/>\nAntonia y Rafel\u00edn con mis primos Vicent\u00edn, Toniqu\u00edn, Rafel\u00edn y la peque de mis primas, Alicia.<br \/>\nPor supuesto luego vinieron lo que mi marido llamaba \u00abapegaos\u00bb con todo cari\u00f1o, M\u00aa Amparo, Vicente, Salvador, Pepita, Jorge, M\u00aa Carmen, Paco, Manolo, M\u00aa Carmen&#8230;.y algun@s mas&#8230;<br \/>\nMis t\u00edos Conxeta y Pepe y mis primos, Conx\u00edn, Lol\u00edn y Pepito nos recib\u00edan a todos en su casa, primero en Vidal de Blanes, y posteriormente en el \u00e1tico de Francisco Baldom\u00e1, por \u00faltimo en la casa de Francisco Baldom\u00e1 junto al casal de mi falla.<br \/>\nAll\u00ed pas\u00e1bamos la tarde de Navidad, merand\u00e1bamos y los peques y j\u00f3venes si el tiempo lo permit\u00eda sal\u00edamos a jugar a la enorme terraza, mientras los mayores jugaban como todo el a\u00f1o, su partida de cartas.<\/p>\n<p>Al regresar a casa, (casi siempre andando junto al campo de corcho, e iluminando aquellas oscuras calles del Cabanyal y Grau con una linternita que siempre llevaba mi padre, y a\u00f1os despu\u00e9s en nuestro Seiscientos), mi madre quitaba con cari\u00f1o el broche de piedras verdes para que no dejara marcas en el terciopelo, pon\u00eda en los bolsillos nuevas hojas de laurel e introduc\u00eda el chaquet\u00f3n en la funda de tela marr\u00f3n que cosi\u00f3 para que se conservara en buen estado, y al armario de nuevo hasta la pr\u00f3xima Navidad o si hab\u00eda alguna boda de invierno, donde poderlo lucir de nuevo&#8230;<\/p>\n<p>Mis hijos dicen que somos la familia \u00abin\u00bb, porque casi todos los nombres terminan en in. Una maravillosa familia materna y paterna que siempre ha estado muy unida, que me ha proporcionado siempre un inmenso amor y que siempre ha compartido los buenos y malos momentos.<br \/>\nPero sobre todas las cosas, siempre cuidando a nuestros mayores, con todo nuestro amor, como se merecen, como ellos ya hicieron con sus padres y abuelos.<\/p>\n<p>Espero haber podido transmitir a mis hijos ese respeto y uni\u00f3n familiar, y de momento gracias a Dios, veo que el ejemplo y las ense\u00f1anzas afortunadamente, no han ca\u00eddo en saco roto, porque la familia es lo m\u00e1s grande que tiene el ser humano.<\/p>\n<p>Hoy d\u00eda de Navidad, en mi casa huele a \u00abputxero\u00bb, como en la gran parte de las casas valencianas, hoy cocino Cocido de Navidad con pelotas, como me ense\u00f1aron mi iaia y mi madre&#8230; como manda \u00a0la tradici\u00f3n.<\/p>\n<p>Aqu\u00ed paso a paso detallad\u00edsimo de mi receta del\u00bbPutxero de Nadal\u00bb con foto a foto de cada paso; <a href=\"https:\/\/elcalaixetdelaiaia.es\/?p=1075\">https:\/\/elcalaixetdelaiaia.es\/?p=1075<\/a><\/p>\n<p>Ma\u00f1ana con los restos, comeremos como siempre \u00abRossetjat\u00bb<\/p>\n<p>Aqu\u00ed paso a paso detallad\u00edsimo de mi Rossejat\u00bb<\/p>\n<p><a href=\"https:\/\/elcalaixetdelaiaia.es\/?p=18571\">https:\/\/elcalaixetdelaiaia.es\/?p=18571<\/a><\/p>\n<p>Recordando hoy incluso m\u00e1s que ayer a todos lo que ya no est\u00e1n, con mucha pena pero un inmenso amor, \u00e9sta parrafada ha querido ser un intento de homenaje a toda mi familia, tanto materna, como paterna, que me hizo siempre taaaaan feliz y de la que me siento muy orgullosa.<\/p>\n<p>Que en vuestra mesa, reine la armon\u00eda, y el amor.<\/p>\n<p>Que estos d\u00edas de celebraci\u00f3n y alegr\u00eda, sean el comienzo de la PAZ, para todos los pueblos y de unidad entre las personas, sin exclusiones por raz\u00f3n de religi\u00f3n, idioma, pa\u00eds o cultura.<\/p>\n<p>\u00a1FELIZ D\u00cdA DE NAVIDAD!<\/p>\n<p>BON NADAL!<\/p>\n","protected":false},"excerpt":{"rendered":"<p>\u00abRefrany; Ja ve Nadal&#8230; menjarem torrons, i amb les castanyoles cantarem can\u00e7ons\u00bb Ya viene Navidad, comeremos turrones, y con las casta\u00f1uelas, cantaremos canciones. Con este nacimiento que hice yo misma con escayola, cuando form\u00e9 mi hogar, con las pi\u00f1as de mis montes Universales, el asterisco de la nieve, el \u00e1rbol &hellip; <\/p>\n","protected":false},"author":2,"featured_media":12720,"comment_status":"open","ping_status":"open","sticky":false,"template":"","format":"standard","meta":[],"categories":[23,1,47],"tags":[],"_links":{"self":[{"href":"https:\/\/elcalaixetdelaiaia.es\/index.php?rest_route=\/wp\/v2\/posts\/1077"}],"collection":[{"href":"https:\/\/elcalaixetdelaiaia.es\/index.php?rest_route=\/wp\/v2\/posts"}],"about":[{"href":"https:\/\/elcalaixetdelaiaia.es\/index.php?rest_route=\/wp\/v2\/types\/post"}],"author":[{"embeddable":true,"href":"https:\/\/elcalaixetdelaiaia.es\/index.php?rest_route=\/wp\/v2\/users\/2"}],"replies":[{"embeddable":true,"href":"https:\/\/elcalaixetdelaiaia.es\/index.php?rest_route=%2Fwp%2Fv2%2Fcomments&post=1077"}],"version-history":[{"count":14,"href":"https:\/\/elcalaixetdelaiaia.es\/index.php?rest_route=\/wp\/v2\/posts\/1077\/revisions"}],"predecessor-version":[{"id":28044,"href":"https:\/\/elcalaixetdelaiaia.es\/index.php?rest_route=\/wp\/v2\/posts\/1077\/revisions\/28044"}],"wp:featuredmedia":[{"embeddable":true,"href":"https:\/\/elcalaixetdelaiaia.es\/index.php?rest_route=\/wp\/v2\/media\/12720"}],"wp:attachment":[{"href":"https:\/\/elcalaixetdelaiaia.es\/index.php?rest_route=%2Fwp%2Fv2%2Fmedia&parent=1077"}],"wp:term":[{"taxonomy":"category","embeddable":true,"href":"https:\/\/elcalaixetdelaiaia.es\/index.php?rest_route=%2Fwp%2Fv2%2Fcategories&post=1077"},{"taxonomy":"post_tag","embeddable":true,"href":"https:\/\/elcalaixetdelaiaia.es\/index.php?rest_route=%2Fwp%2Fv2%2Ftags&post=1077"}],"curies":[{"name":"wp","href":"https:\/\/api.w.org\/{rel}","templated":true}]}}