{"id":1066,"date":"2014-01-02T09:57:00","date_gmt":"2014-01-02T09:57:00","guid":{"rendered":"http:\/\/elcalaixetdelaiaia.es\/pizza-rapida-de-navidad"},"modified":"2019-01-04T10:10:51","modified_gmt":"2019-01-04T10:10:51","slug":"pizza-rapida-de-navidad","status":"publish","type":"post","link":"https:\/\/elcalaixetdelaiaia.es\/?p=1066","title":{"rendered":"Pizza r\u00e1pida de Navidad"},"content":{"rendered":"<p>\u00abEls xiquets i la massa calor volen\u00bb<br \/>\nLos ni\u00f1os y la masa calor quieren<\/p>\n<div><\/div>\n<div>Para el d\u00eda de Nochebuena pens\u00e9 hacer cosas especiales para los mas peque\u00f1os. Son d\u00edas de muchas comidas familiares, de probar nuevos sabores, texturas y platos y a veces acaban un poco hartos de tanta novedad culinaria.<\/div>\n<div><\/div>\n<div>No tuve que poner masa alguna en calor, porque ech\u00e9 mano de la masa de pizza preparada, solo que introdujimos unos sencillos cambios, para que sintieran que tambi\u00e9n se les dedicaba algo&#8230;de tipo navide\u00f1o y las hicieron ellos mismos jejejeje<\/div>\n<div><\/div>\n<div class=\"separator\" style=\"clear: both; text-align: center;\"><\/div>\n<div class=\"separator\" style=\"clear: both; text-align: center;\"><a style=\"margin-left: 1em; margin-right: 1em;\" href=\"http:\/\/2.bp.blogspot.com\/-3MT_WCjZBas\/UsU1351wsNI\/AAAAAAAAD_8\/4UggEezVKKc\/s1600\/SAM_3523.JPG\"><img decoding=\"async\" loading=\"lazy\" src=\"https:\/\/elcalaixetdelaiaia.es\/wp-content\/uploads\/2014\/01\/SAM_3523.jpg\" width=\"240\" height=\"320\" border=\"0\" \/><\/a><\/div>\n<div class=\"separator\" style=\"clear: both; text-align: center;\"><\/div>\n<div>Extenderon dos bases d pizza preparada sobre el papel sulfurizado en dos bandejas de horno, y les diron con el ccortapizzas forma de abeto. Reservamos los restos de masa, las pincelaron una con aceite de oliva,y otra con el aceite de oliva una lata de at\u00fan, pusieron tomate frito en las dos<\/div>\n<div><\/div>\n<div class=\"separator\" style=\"clear: both; text-align: center;\"><a style=\"margin-left: 1em; margin-right: 1em;\" href=\"http:\/\/1.bp.blogspot.com\/-TOxOKlnz2xU\/UsU14miaWNI\/AAAAAAAAEAI\/EjT62aYRtSs\/s1600\/SAM_3524.JPG\"><img decoding=\"async\" loading=\"lazy\" src=\"https:\/\/elcalaixetdelaiaia.es\/wp-content\/uploads\/2014\/01\/SAM_3524.jpg\" width=\"240\" height=\"320\" border=\"0\" \/><\/a><\/div>\n<div><\/div>\n<div>en la del aceite de at\u00fan, pusimos trozos de jam\u00f3n de york , una lata de at\u00fan , queso rallado de tres sabores y un poco de or\u00e9gano<\/div>\n<div><\/div>\n<div class=\"separator\" style=\"clear: both; text-align: center;\"><a style=\"margin-left: 1em; margin-right: 1em;\" href=\"http:\/\/4.bp.blogspot.com\/-P9lGJTGO5P0\/UsU14Z4gqpI\/AAAAAAAAEAE\/F2JSQkvu7YY\/s1600\/SAM_3525.JPG\"><img decoding=\"async\" loading=\"lazy\" src=\"https:\/\/elcalaixetdelaiaia.es\/wp-content\/uploads\/2014\/01\/SAM_3525.jpg\" width=\"240\" height=\"320\" border=\"0\" \/><\/a><\/div>\n<div><\/div>\n<div>en la otra, jam\u00f3n de york , unas cortadas de beicon en trozos, \u00a0y queso tierno rallado, un poquito de or\u00e9gano&#8230;..<\/div>\n<div><\/div>\n<div class=\"separator\" style=\"clear: both; text-align: center;\"><a style=\"margin-left: 1em; margin-right: 1em;\" href=\"http:\/\/3.bp.blogspot.com\/-3zeKVRMCXj0\/UsU159vE44I\/AAAAAAAAEAQ\/TVuR4sLEpVo\/s1600\/SAM_3526+modified.jpg\"><img decoding=\"async\" loading=\"lazy\" src=\"https:\/\/elcalaixetdelaiaia.es\/wp-content\/uploads\/2014\/01\/SAM_3526-modified.jpg\" width=\"240\" height=\"320\" border=\"0\" \/><\/a><\/div>\n<div class=\"separator\" style=\"clear: both; text-align: center;\"><\/div>\n<div class=\"separator\" style=\"clear: both; text-align: center;\">10 minutos de horno y los ni\u00f1os disfrutaron de sus pizzas navide\u00f1as, hechas por ellos. Con los restos hice una bola, amas\u00e9 , di forma circular con un vaso e hice mini pizzas para picar los mayores. Una buena id\u00e9a para la comida de Reyes, dejarlos participar en la cocina siempre que se aposible, disfrutan un mont\u00f3n \ud83d\ude09<\/div>\n<div class=\"separator\" style=\"clear: both; text-align: center;\"><\/div>\n<div class=\"separator\" style=\"clear: both; text-align: center;\">\u00aba la taula ..i BON PROFIT\u00bb<\/div>\n<div>\n<div>Espero vuestros comentarios que para mi son MUY importantes y recordad que tambi\u00e9n estoy en Facebook <a href=\"https:\/\/www.facebook.com\/El-calaixet-de-la-iaia-533062140099386\/\">https:\/\/www.facebook.com\/El-calaixet-de-la-iaia-533062140099386\/<\/a><\/div>\n<div>Si ququer\u00e9is recibir mis actualizaciones por mail, al final de \u00e9sta p\u00e1gina a la izquierda ten\u00e9is como hacer para introducir vuestro correo electr\u00f3nico y no perderte las actualizaciones de mis recetas \u00a1Gracias!<\/div>\n<\/div>\n<div><\/div>\n","protected":false},"excerpt":{"rendered":"<p>\u00abEls xiquets i la massa calor volen\u00bb Los ni\u00f1os y la masa calor quieren Para el d\u00eda de Nochebuena pens\u00e9 hacer cosas especiales para los mas peque\u00f1os. Son d\u00edas de muchas comidas familiares, de probar nuevos sabores, texturas y platos y a veces acaban un poco hartos de tanta novedad &hellip; <\/p>\n","protected":false},"author":2,"featured_media":12611,"comment_status":"open","ping_status":"open","sticky":false,"template":"","format":"standard","meta":[],"categories":[131,1],"tags":[],"_links":{"self":[{"href":"https:\/\/elcalaixetdelaiaia.es\/index.php?rest_route=\/wp\/v2\/posts\/1066"}],"collection":[{"href":"https:\/\/elcalaixetdelaiaia.es\/index.php?rest_route=\/wp\/v2\/posts"}],"about":[{"href":"https:\/\/elcalaixetdelaiaia.es\/index.php?rest_route=\/wp\/v2\/types\/post"}],"author":[{"embeddable":true,"href":"https:\/\/elcalaixetdelaiaia.es\/index.php?rest_route=\/wp\/v2\/users\/2"}],"replies":[{"embeddable":true,"href":"https:\/\/elcalaixetdelaiaia.es\/index.php?rest_route=%2Fwp%2Fv2%2Fcomments&post=1066"}],"version-history":[{"count":3,"href":"https:\/\/elcalaixetdelaiaia.es\/index.php?rest_route=\/wp\/v2\/posts\/1066\/revisions"}],"predecessor-version":[{"id":18635,"href":"https:\/\/elcalaixetdelaiaia.es\/index.php?rest_route=\/wp\/v2\/posts\/1066\/revisions\/18635"}],"wp:featuredmedia":[{"embeddable":true,"href":"https:\/\/elcalaixetdelaiaia.es\/index.php?rest_route=\/wp\/v2\/media\/12611"}],"wp:attachment":[{"href":"https:\/\/elcalaixetdelaiaia.es\/index.php?rest_route=%2Fwp%2Fv2%2Fmedia&parent=1066"}],"wp:term":[{"taxonomy":"category","embeddable":true,"href":"https:\/\/elcalaixetdelaiaia.es\/index.php?rest_route=%2Fwp%2Fv2%2Fcategories&post=1066"},{"taxonomy":"post_tag","embeddable":true,"href":"https:\/\/elcalaixetdelaiaia.es\/index.php?rest_route=%2Fwp%2Fv2%2Ftags&post=1066"}],"curies":[{"name":"wp","href":"https:\/\/api.w.org\/{rel}","templated":true}]}}