{"id":1062,"date":"2014-01-09T00:06:00","date_gmt":"2014-01-09T00:06:00","guid":{"rendered":"http:\/\/elcalaixetdelaiaia.es\/alcachofas-con-beicon"},"modified":"2023-02-09T14:04:23","modified_gmt":"2023-02-09T14:04:23","slug":"alcachofas-con-beicon","status":"publish","type":"post","link":"https:\/\/elcalaixetdelaiaia.es\/?p=1062","title":{"rendered":"Alcachofas con bacon paso a paso foto a foto"},"content":{"rendered":"<p>\u00abRefrany;<br \/>\nGener gelat, febrer aiguat\u00bb Enero helado, Febrero aguado<\/p>\n<div>La alcachofa o \u201calcaucil\u201d es una planta que pertenece al g\u00e9nero \u201cCynara\u201d. Para combatir los excesos de comidas \u00a0y cenas de \u00e9stas fiestas, bueno ser\u00e1 que consumamos productos que nos ayuden a ello. La alcachofa es un maravilloso depurante \u00a0para nuestro h\u00edgado.<\/div>\n<div><\/div>\n<div class=\"separator\" style=\"clear: both; text-align: center;\"><a style=\"margin-left: 1em; margin-right: 1em;\" href=\"http:\/\/3.bp.blogspot.com\/-40VizplfoXI\/Usx4s0oEB6I\/AAAAAAAAEGg\/IcDf3v46xgU\/s1600\/IMG_9487.JPG\"><img decoding=\"async\" loading=\"lazy\" src=\"https:\/\/elcalaixetdelaiaia.es\/wp-content\/uploads\/2014\/01\/IMG_9487.jpg\" width=\"640\" height=\"426\" border=\"0\" \/><\/a><\/div>\n<div>Procede de Egipto y est\u00e1 distribuida por todo el Mediterr\u00e1neo. Al parecer, ya era conocida por griegos y romanos, que le otorgaban poderes afrodis\u00edacos. Su nombre, seg\u00fan la leyenda, procede de una bell\u00edsima muchacha llamada as\u00ed y seducida por Zeus\u00a0que despu\u00e9s la transform\u00f3 en alcachofa.<br \/>\nDurante la Edad Media no se conoc\u00eda y se piensa que en esta \u00e9poca, del cultivo sucesivo de los cardos, los horticultores poco a poco lograron la consecuci\u00f3n de la alcachofa mediante diversas transformaciones.<\/div>\n<div><\/div>\n<div>\n<div class=\"separator\" style=\"clear: both; text-align: center;\"><a style=\"margin-left: 1em; margin-right: 1em;\" href=\"http:\/\/4.bp.blogspot.com\/-zW3i9OaVNk4\/Us3jouzNiHI\/AAAAAAAAEIk\/nGfkdyJgoXg\/s1600\/CAM01183+modified.jpg\"><img decoding=\"async\" loading=\"lazy\" src=\"https:\/\/elcalaixetdelaiaia.es\/wp-content\/uploads\/2014\/01\/CAM01183-modified.jpg\" width=\"640\" height=\"480\" border=\"0\" \/><\/a><\/div>\n<p>Consumida en la Italia\u00a0del sigloXV, la tradici\u00f3n dice que fue introducida en Francia por Catalina de M\u00e9dicis\u00a0a la que le gustaba comer corazones de alcachofa. Esta florentina, al casarse con el rey Enrique II, las llev\u00f3 desde su Italia natal a Francia. Por su parte, Luis XIV\u00a0era otro gran consumidor de alcachofas.<\/p>\n<div>Y ahora que ya conocemos un poquito mas la historia de la alcachofa, vamos a la receta.<br \/>\nLas cocino de varias maneras, ya que a mi \u00a0a mi madre le encantaban y hac\u00edamos muchas variantes para su consumo, aunque su receta favorita, era hervidas con agua lim\u00f3n y sal, y aderezadas con un chorrito de vinagre de manzana y unas gotas de aceite de oliva Carbonell, de tap\u00f3n rojo. En\u00a0 mi casa, no entraba otro aceite, se pon\u00eda menos cantidad, pero mi iaia, no quer\u00eda otro, lo recuerdo incluso, cuando lo compraban en una lata. Hoy os presento una receta de alcachofas guisadas con beicon, porque a mi marid\u00edn le encantan as\u00ed, pero que si cambiamos por jam\u00f3n serrano ser\u00e1n mas suaves, de todas formas&#8230; ricas , ricas<\/div>\n<div>\n<div class=\"separator\" style=\"clear: both; text-align: center;\"><a style=\"margin-left: 1em; margin-right: 1em;\" href=\"http:\/\/2.bp.blogspot.com\/-t7R-DYHcluY\/Usx2nQJ-EUI\/AAAAAAAAEGQ\/oZVnYSxQUBs\/s1600\/IMG_9465.JPG\"><img decoding=\"async\" loading=\"lazy\" src=\"https:\/\/elcalaixetdelaiaia.es\/wp-content\/uploads\/2014\/01\/IMG_9465.jpg\" width=\"640\" height=\"446\" border=\"0\" \/><\/a><\/div>\n<p>Necesitaremos;<\/p>\n<ol>\n<li>1 kg. y medio de alcachofas<\/li>\n<li>Dos tarrinas de de beicon o de jam\u00f3n serano en tacos sin grasa, y lo haremos mas\u00a0light.<\/li>\n<li>Una cebolla<\/li>\n<li>Una cabeza de ajos<\/li>\n<li>Un vaso y medio de agua<\/li>\n<li>Medio vaso de vino blanco<\/li>\n<li>Un lim\u00f3n exprimido<\/li>\n<li>Aceite<\/li>\n<li>Dos cucharadas soperas de pan rallado<\/li>\n<li>Sal<\/li>\n<\/ol>\n<div class=\"separator\" style=\"clear: both; text-align: center;\"><a style=\"margin-left: 1em; margin-right: 1em;\" href=\"http:\/\/3.bp.blogspot.com\/-jETpvdIMFqk\/Us3hAoxw_iI\/AAAAAAAAEHo\/4xCdX7jSydw\/s1600\/IMG_9470.JPG\"><img decoding=\"async\" loading=\"lazy\" src=\"https:\/\/elcalaixetdelaiaia.es\/wp-content\/uploads\/2014\/01\/IMG_9470.jpg\" width=\"640\" height=\"426\" border=\"0\" \/><\/a><\/div>\n<div class=\"separator\" style=\"clear: both; text-align: center;\"><\/div>\n<div class=\"separator\" style=\"clear: both; text-align: center;\">Desechamos las hojas externas de las alcachofas que son las mas duras y pelamos el tallo.<\/div>\n<div class=\"separator\" style=\"clear: both; text-align: center;\"><\/div>\n<div>\n<div class=\"separator\" style=\"clear: both; text-align: center;\"><a style=\"margin-left: 1em; margin-right: 1em;\" href=\"http:\/\/4.bp.blogspot.com\/-6aaCD7LkKSU\/Us3hAvwjSVI\/AAAAAAAAEHk\/mYnYSydmU3g\/s1600\/IMG_9471.JPG\"><img decoding=\"async\" loading=\"lazy\" src=\"https:\/\/elcalaixetdelaiaia.es\/wp-content\/uploads\/2014\/01\/IMG_9471.jpg\" width=\"640\" height=\"426\" border=\"0\" \/><\/a><\/div>\n<p>Hacemos zumo con los limones y lo a\u00f1adimos al agua donde tenemos las alcachofas limpias a remojo. Con el zumo evitaremos que se oxiden y se enegrezcan.<\/p>\n<\/div>\n<\/div>\n<\/div>\n<div class=\"separator\" style=\"clear: both; text-align: center;\"><a style=\"margin-left: 1em; margin-right: 1em;\" href=\"http:\/\/4.bp.blogspot.com\/-aGo5HkiTm2Y\/Us3hAaFY9xI\/AAAAAAAAEHg\/JGWE4Zo9OSw\/s1600\/IMG_9473.JPG\"><img decoding=\"async\" loading=\"lazy\" src=\"https:\/\/elcalaixetdelaiaia.es\/wp-content\/uploads\/2014\/01\/IMG_9473.jpg\" width=\"640\" height=\"426\" border=\"0\" \/><\/a><\/div>\n<div><\/div>\n<div>En una cazuela baja, ponemos un poco de aceite a calentar (pensar que el beicon, suelta grasita) e incorporamos las tiras de beicon para que se vayan dorando<\/div>\n<div><\/div>\n<div class=\"separator\" style=\"clear: both; text-align: center;\"><a style=\"margin-left: 1em; margin-right: 1em;\" href=\"http:\/\/2.bp.blogspot.com\/-owt3v4TZF_c\/Us3hDfGj0VI\/AAAAAAAAEH0\/NCFv3d2YoTo\/s1600\/IMG_9474.JPG\"><img decoding=\"async\" loading=\"lazy\" src=\"https:\/\/elcalaixetdelaiaia.es\/wp-content\/uploads\/2014\/01\/IMG_9474.jpg\" width=\"640\" height=\"426\" border=\"0\" \/><\/a><\/div>\n<div><\/div>\n<div>a\u00f1adimos la cabeza de ajos y la cebolla. Cuando est\u00e9 pochada, ponemos y las cucharadas soperas de pan, removemos<\/div>\n<div class=\"separator\" style=\"clear: both; text-align: center;\"><\/div>\n<div class=\"separator\" style=\"clear: both; text-align: center;\"><a style=\"margin-left: 1em; margin-right: 1em;\" href=\"http:\/\/4.bp.blogspot.com\/-JiqCyORvN_Q\/Us3hJDRmaSI\/AAAAAAAAEIY\/_G6R85YY8hM\/s1600\/IMG_9475.JPG\"><img decoding=\"async\" loading=\"lazy\" src=\"https:\/\/elcalaixetdelaiaia.es\/wp-content\/uploads\/2014\/01\/IMG_9475.jpg\" width=\"640\" height=\"426\" border=\"0\" \/><\/a><\/div>\n<div class=\"separator\" style=\"clear: both; text-align: center;\"><\/div>\n<div>y hora ponemos un vaso y medio de agua, y medio de vino blanco, si os es posible usad un vino de calidad, yo no ten\u00eda otro en casa y us\u00e9 uno no muy bueno, y en el resultado final del plato se nota,<\/div>\n<div><\/div>\n<div class=\"separator\" style=\"clear: both; text-align: center;\"><a style=\"margin-left: 1em; margin-right: 1em;\" href=\"http:\/\/3.bp.blogspot.com\/-UDEjNs3PX14\/Us3hDmFxYLI\/AAAAAAAAEH4\/d2KRGcXmlCs\/s1600\/IMG_9476.JPG\"><img decoding=\"async\" loading=\"lazy\" src=\"https:\/\/elcalaixetdelaiaia.es\/wp-content\/uploads\/2014\/01\/IMG_9476.jpg\" width=\"640\" height=\"426\" border=\"0\" \/><\/a><\/div>\n<div><\/div>\n<div>a\u00f1adimos las alcachofas, escurriendo bien el agua con lim\u00f3n, tapamos y dejamos al fuego medio unos 15 minutos, removiendo para que no se pegue<\/div>\n<div><\/div>\n<div class=\"separator\" style=\"clear: both; text-align: center;\"><a style=\"margin-left: 1em; margin-right: 1em;\" href=\"http:\/\/4.bp.blogspot.com\/-6FoX7ysyIR8\/Us3hFM4kx-I\/AAAAAAAAEIE\/uOjS_cD7y7A\/s1600\/IMG_9482.JPG\"><img decoding=\"async\" loading=\"lazy\" src=\"https:\/\/elcalaixetdelaiaia.es\/wp-content\/uploads\/2014\/01\/IMG_9482.jpg\" width=\"640\" height=\"426\" border=\"0\" \/><\/a><\/div>\n<div><\/div>\n<div>pasados los cuales, rectificamos de sal<\/div>\n<div><\/div>\n<div class=\"separator\" style=\"clear: both; text-align: center;\"><a style=\"margin-left: 1em; margin-right: 1em;\" href=\"http:\/\/3.bp.blogspot.com\/-ASeCwpJzwo4\/Us3hFdoEOCI\/AAAAAAAAEII\/3hHuCd9FuYI\/s1600\/IMG_9484.JPG\"><img decoding=\"async\" loading=\"lazy\" src=\"https:\/\/elcalaixetdelaiaia.es\/wp-content\/uploads\/2014\/01\/IMG_9484.jpg\" width=\"640\" height=\"434\" border=\"0\" \/><\/a><\/div>\n<div class=\"separator\" style=\"clear: both; text-align: center;\"><\/div>\n<div>\u00a0y emplatamos<\/div>\n<div><\/div>\n<div class=\"separator\" style=\"clear: both; text-align: center;\"><a style=\"margin-left: 1em; margin-right: 1em;\" href=\"http:\/\/1.bp.blogspot.com\/-sJiQ4Yezepg\/Us3hGYYwbFI\/AAAAAAAAEIQ\/GtX4JsFovw4\/s1600\/IMG_9485.JPG\"><img decoding=\"async\" loading=\"lazy\" src=\"https:\/\/elcalaixetdelaiaia.es\/wp-content\/uploads\/2014\/01\/IMG_9485.jpg\" width=\"428\" height=\"640\" border=\"0\" \/><\/a><\/div>\n<div><\/div>\n<div>\u00aba la taula y&#8230;.BON PROFIT!!!\u00bb<\/div>\n<p>Si te gusta mi receta, puedes compartirla para que llegue a m\u00e1s gente.<br \/>\nEspero tus comentarios y recuerda que tambi\u00e9n estoy en Facebook\u00a0<a href=\"https:\/\/www.facebook.com\/El-calaixet-de-la-iaia-533062140099386\/\">https:\/\/www.facebook.com\/El-calaixet-de-la-iaia-533062140099386\/\u00a0<\/a><\/p>\n","protected":false},"excerpt":{"rendered":"<p>\u00abRefrany; Gener gelat, febrer aiguat\u00bb Enero helado, Febrero aguado La alcachofa o \u201calcaucil\u201d es una planta que pertenece al g\u00e9nero \u201cCynara\u201d. Para combatir los excesos de comidas \u00a0y cenas de \u00e9stas fiestas, bueno ser\u00e1 que consumamos productos que nos ayuden a ello. La alcachofa es un maravilloso depurante \u00a0para nuestro &hellip; <\/p>\n","protected":false},"author":2,"featured_media":12574,"comment_status":"open","ping_status":"open","sticky":false,"template":"","format":"standard","meta":[],"categories":[1,58],"tags":[],"_links":{"self":[{"href":"https:\/\/elcalaixetdelaiaia.es\/index.php?rest_route=\/wp\/v2\/posts\/1062"}],"collection":[{"href":"https:\/\/elcalaixetdelaiaia.es\/index.php?rest_route=\/wp\/v2\/posts"}],"about":[{"href":"https:\/\/elcalaixetdelaiaia.es\/index.php?rest_route=\/wp\/v2\/types\/post"}],"author":[{"embeddable":true,"href":"https:\/\/elcalaixetdelaiaia.es\/index.php?rest_route=\/wp\/v2\/users\/2"}],"replies":[{"embeddable":true,"href":"https:\/\/elcalaixetdelaiaia.es\/index.php?rest_route=%2Fwp%2Fv2%2Fcomments&post=1062"}],"version-history":[{"count":5,"href":"https:\/\/elcalaixetdelaiaia.es\/index.php?rest_route=\/wp\/v2\/posts\/1062\/revisions"}],"predecessor-version":[{"id":24343,"href":"https:\/\/elcalaixetdelaiaia.es\/index.php?rest_route=\/wp\/v2\/posts\/1062\/revisions\/24343"}],"wp:featuredmedia":[{"embeddable":true,"href":"https:\/\/elcalaixetdelaiaia.es\/index.php?rest_route=\/wp\/v2\/media\/12574"}],"wp:attachment":[{"href":"https:\/\/elcalaixetdelaiaia.es\/index.php?rest_route=%2Fwp%2Fv2%2Fmedia&parent=1062"}],"wp:term":[{"taxonomy":"category","embeddable":true,"href":"https:\/\/elcalaixetdelaiaia.es\/index.php?rest_route=%2Fwp%2Fv2%2Fcategories&post=1062"},{"taxonomy":"post_tag","embeddable":true,"href":"https:\/\/elcalaixetdelaiaia.es\/index.php?rest_route=%2Fwp%2Fv2%2Ftags&post=1062"}],"curies":[{"name":"wp","href":"https:\/\/api.w.org\/{rel}","templated":true}]}}