{"id":1057,"date":"2014-01-12T22:11:00","date_gmt":"2014-01-12T22:11:00","guid":{"rendered":"http:\/\/elcalaixetdelaiaia.es\/paella-valenciana-al-horno"},"modified":"2024-03-07T10:27:46","modified_gmt":"2024-03-07T10:27:46","slug":"paella-pollo-y-conejo-al-horno","status":"publish","type":"post","link":"https:\/\/elcalaixetdelaiaia.es\/?p=1057","title":{"rendered":"Paella de pollo y conejo AL HORNO paso a paso foto a foto"},"content":{"rendered":"<p>Refr\u00e1n;\u00a0 \u00abSant Antoni de Gavarda,va fer un miracle a Godella, sense arros ni sal ni oli, va fer una paella.\u00bb\u00a0\u00a0\u00a0\u00a0 San Antonio de Gavarda, hizo un milagro en Godella, sin arroz ni sal ni aceite, hizo una paella.<\/p>\n<div>\n<div>\n<p>Bueno, bueno&#8230; voy a meterme en camisa de once varas, porque se que hay quien se echar\u00e1 las manos a la cabeza, pero no quiero pol\u00e9mica alguna y mi \u00fanico \u00e1nimo es ayudar, porque tengo empat\u00eda y adem\u00e1s he pasado por ah\u00ed&#8230;<\/p>\n<p><a style=\"margin-left: 1em; margin-right: 1em;\" href=\"http:\/\/1.bp.blogspot.com\/-OTZPsjDlnF4\/UtMFObAFr4I\/AAAAAAAAEU8\/h-e2gLuMZxM\/s1600\/SAM_4107.JPG\"><img decoding=\"async\" loading=\"lazy\" src=\"https:\/\/elcalaixetdelaiaia.es\/wp-content\/uploads\/2014\/01\/SAM_4107.jpg\" width=\"640\" height=\"480\" border=\"0\" \/><\/a><\/p>\n<p>\u00c9sta entrada va dedicada especialmente a mi cu\u00f1ada Cristina, a Vanesa y a tod@s aquell@s que ten\u00e9is problemas con el fuego y el caldo, no consegu\u00eds el punto perfecto del arroz, y sin disponer del fuego adecuado, sobretodo por estar a miles de km de \u00abla Terreta\u00bb, y no pod\u00e9is resistiros a la tentaci\u00f3n de comer un arroz valenciano, lo mas parecido posible a la paella valenciana de pollo y conejo&#8230; aunque sin serlo claro. Y aclaro que \u00e9sto <strong>NO ES UNA AUTENTICA PAELLA VALENCIANA<\/strong>, si en los ingredientes, pero <strong>NO<\/strong> en la forma de elaborarla.<\/p>\n<p>Aqu\u00ed ten\u00e9is la aut\u00e9ntica paella valenciana a la le\u00f1a, paso a paso y foto a foto;<\/p>\n<p><a href=\"https:\/\/elcalaixetdelaiaia.es\/?p=1179\">https:\/\/elcalaixetdelaiaia.es\/?p=1179<\/a><br \/>\nNuestra rica paella valenciana, y la popularidad de este plato ha provocado que la receta original desvar\u00ede hasta lo insospechado y que muchas veces nos vendan como paella lo que no es m\u00e1s que un arroz \u00abcon cosas\u00bb.<\/p>\n<p>La paella valenciana, no lleva cebolla, ni pimientos, ni ajos tiernos, ni puerro, ni huevo duro, ni aceitunas, ni pimienta negra ni blanca, ni laurel, ni patatas, ni guisantes, ni zanahorias, ni salchichas, ni morcilla, ni esp\u00e1rragos, ni chorizo, ni guindilla ni&#8230; bufffff montones de cosas que le a\u00f1aden y que no dudo har\u00e1n un arroz buen\u00edsimo, pero no ser\u00e1 una paella valenciana.<br \/>\nNADA COMO LA LE\u00d1A (y si es de naranjo, mejor), Y EL AIRE LIBRE, para poder cocinar una aut\u00e9ntica paella, pero como \u00abcuando no hay lomo de todo como\u00bb, y pensando en quien sue\u00f1a comer un arrocito que le recuerde a Val\u00e8ncia, (que sois much\u00ediiisimos, porque me escrib\u00eds por privado) pero no tenga medios, o lo consiga poder hacer de la forma tradicional, hice muchas pruebas hasta poder llegar a lograrlo, y quiero contaros que me he enterado que muuuuuuuuuuchos, pero muuuuuuchos restaurantes valencianos que presentan la Paella Valenciana&#8230; \u00a1\u00a1\u00a1la hacen en el horno!!!pero NO nos lo dicen, lo ocultan&#8230; as\u00ed que no voy tan desencaminada&#8230;<\/p>\n<p>Opino que no hace falta ser mas papistas que el Papa, y no es justo que aquellos que no se aclaran con el control del fuego&#8230; o quienes viven muy lejos de \u00abLa Terreta\u00bb(tengo una amiga que viv\u00eda en Pittsburgh, Pennsylvania, que se llev\u00f3 su paella detr\u00e1s, cuando se march\u00f3 a vivir all\u00ed por trabajo, y otra en Marbach am Neckar, Alemania, que igual, y que cada vez que recibe visita de familiares y amigos pide productos de nuestra tierra), y que no pueden disponer del m\u00e9todo adecuado para hacerlo, se tengan que privar de comer un arroz que le recuerde a su tierra, aunque no est\u00e9 cocinado como marcan los c\u00e1nones. Darse una alegr\u00eda de vez en cuando y comer un arroz que le recuerde a una paella&#8230; os aseguro que es \u00ablo mas\u00bb para quienes llevan muuuucho tiempo fuera de Espa\u00f1a, as\u00ed que no ser\u00e9 yo quien se ponga tiquismiquis, y si puedo ayudar a darles una alegr\u00eda, por descontado que lo har\u00e9, con deciros que yo les entiendo, porque en mi caso he preparado fuera de Val\u00e9ncia y de la pen\u00ednsula, paella con jud\u00eda boby, por no encontrar otra donde estaba, y no puedo ni con la verdura congelada, no con la envasada, de no ser que no quede absolutamente ninguna otra soluci\u00f3n claro),<br \/>\n<img decoding=\"async\" loading=\"lazy\" class=\"size-large wp-image-20868 aligncenter\" src=\"https:\/\/elcalaixetdelaiaia.es\/wp-content\/uploads\/2014\/01\/paelladebobyfirmada-1024x768.jpg\" alt=\"\" width=\"750\" height=\"563\" srcset=\"https:\/\/elcalaixetdelaiaia.es\/wp-content\/uploads\/2014\/01\/paelladebobyfirmada-1024x768.jpg 1024w, https:\/\/elcalaixetdelaiaia.es\/wp-content\/uploads\/2014\/01\/paelladebobyfirmada-300x225.jpg 300w, https:\/\/elcalaixetdelaiaia.es\/wp-content\/uploads\/2014\/01\/paelladebobyfirmada-768x576.jpg 768w, https:\/\/elcalaixetdelaiaia.es\/wp-content\/uploads\/2014\/01\/paelladebobyfirmada-1536x1152.jpg 1536w, https:\/\/elcalaixetdelaiaia.es\/wp-content\/uploads\/2014\/01\/paelladebobyfirmada-2048x1536.jpg 2048w\" sizes=\"(max-width: 750px) 100vw, 750px\" \/><\/p>\n<p>para complacer a familia que no vive aqu\u00ed, y que no la hab\u00eda probado nunca, con el fin de que comieran algo similar, oye, que sali\u00f3 divina, el sabor era muy muy parecido, y a pesar de los muchos a\u00f1os transcurridos, no la olvidan nunca.<\/p>\n<p><img decoding=\"async\" loading=\"lazy\" class=\"size-large wp-image-20867 aligncenter\" src=\"https:\/\/elcalaixetdelaiaia.es\/wp-content\/uploads\/2014\/01\/paellaambbobycalai-1024x764.jpg\" alt=\"\" width=\"750\" height=\"560\" srcset=\"https:\/\/elcalaixetdelaiaia.es\/wp-content\/uploads\/2014\/01\/paellaambbobycalai-1024x764.jpg 1024w, https:\/\/elcalaixetdelaiaia.es\/wp-content\/uploads\/2014\/01\/paellaambbobycalai-300x224.jpg 300w, https:\/\/elcalaixetdelaiaia.es\/wp-content\/uploads\/2014\/01\/paellaambbobycalai-768x573.jpg 768w, https:\/\/elcalaixetdelaiaia.es\/wp-content\/uploads\/2014\/01\/paellaambbobycalai-1536x1146.jpg 1536w, https:\/\/elcalaixetdelaiaia.es\/wp-content\/uploads\/2014\/01\/paellaambbobycalai-2048x1528.jpg 2048w\" sizes=\"(max-width: 750px) 100vw, 750px\" \/><\/p>\n<p>Y no una sola vez, sino varias, pues cuando he viajado con la idea de hacerla y me he ido con la paella detr\u00e1s y todos los ingredientes, inclu\u00eddo el garrof\u00f3n seco y el romero, siempre olvido la\u00bb bajoqueta y, o el rojet\u00bb \ud83d\ude1e<\/p>\n<p>Claro, yo a veces tengo ideas un poco \u00abraras\u00bb, al principio de ser campista (hace mas de 45 a\u00f1os) y con muchas ganas de arroz al horno, se me ocurri\u00f3 hacerlo a la le\u00f1a y en paella, pues oye, que sali\u00f3 divino. En otra ocasi\u00f3n y tambi\u00e9n hace muuuchos a\u00f1os, no ten\u00eda recipiente alguno y se me ocurri\u00f3 hacer un arroz al horno, cocinado dentro de una calabaza como recipiente y&#8230; estaba de categor\u00eda internacional, as\u00ed que, \u00bfporque no intentar hacer una paella en el horno, para cuando no hay otra forma de hacerla?<\/p>\n<p style=\"text-align: center;\">As\u00ed que me tiro a la piscina sin aguaaaaa y despu\u00e9s de muuuuchos intentos, estando segura de que incluso los muy PURISTAS, me podr\u00e9is entender<span class=\"JCzEY ZwRhJd\"><span class=\"CSkcDe\"> \ud83d\ude09<\/span><\/span><\/p>\n<div class=\"separator\" style=\"clear: both; text-align: center;\"><a style=\"margin-left: 1em; margin-right: 1em;\" href=\"http:\/\/3.bp.blogspot.com\/-sxN16Qwtnno\/UtMD4PGQyGI\/AAAAAAAAERo\/7w1BRBBbyZ0\/s1600\/difusor-gas-planorp76100.jpg\"><img decoding=\"async\" loading=\"lazy\" src=\"https:\/\/elcalaixetdelaiaia.es\/wp-content\/uploads\/2014\/01\/difusor-gas-planorp76100.jpg\" width=\"640\" height=\"450\" border=\"0\" \/><\/a><\/div>\n<p style=\"text-align: center;\">Cuando ten\u00eda cocina de gas, compr\u00e9 un adaptador que pod\u00eda a ayudarme a salir del paso,<\/p>\n<div class=\"separator\" style=\"clear: both; text-align: center;\"><a style=\"margin-left: 1em; margin-right: 1em;\" href=\"http:\/\/2.bp.blogspot.com\/-JZFeZRSuR_w\/UtMDw9yVvmI\/AAAAAAAAERg\/jXbU9eG3gaE\/s1600\/PAELLERO+CON+RUEDAS1-500x500.jpg\"><img decoding=\"async\" loading=\"lazy\" src=\"https:\/\/elcalaixetdelaiaia.es\/wp-content\/uploads\/2014\/01\/PAELLERO-CON-RUEDAS1-500x500.jpg\" width=\"576\" height=\"640\" border=\"0\" \/><\/a><\/div>\n<p style=\"text-align: center;\">luego compr\u00e9 un ruedo de gas con patas, pero necesitaba botella de butano, y todos tenemos problemas de falta de espacio en los pisos.<br \/>\nMe ten\u00eda que limitar a cocinarla en la vitro, y como que no. No hab\u00eda forma de que saliera bien. Si la preparaba para solo dos personas, aun sal\u00eda comestible, pero en cuanto aumentaba las raciones, ya no sal\u00eda a mi gusto.<br \/>\nHasta que un d\u00eda \u00a0me decid\u00ed a cocinar el arroz en el horno, y os aseguro que el arroz sale riqu\u00edsimo, lo malo es que como cada horno funciona de una forma, hay que ir haciendo las variaciones necesarias para adaptarla al nuestro, as\u00ed que sin mas historias&#8230; all\u00e1 voy con la receta, no sin antes decir que \u00e9sta NO es la paella valenciana aut\u00e9ntica, que luego no se diga por ah\u00ed \u00bfeh?<\/p>\n<p style=\"text-align: center;\">Para cuatro comensales necesitaremos;<\/p>\n<div class=\"separator\" style=\"clear: both; text-align: center;\"><a style=\"margin-left: 1em; margin-right: 1em;\" href=\"http:\/\/2.bp.blogspot.com\/-KPpfsXk4s_E\/UtMKCB9iMkI\/AAAAAAAAEVk\/aj8Lp2VJi-g\/s1600\/SAM_4056.JPG\"><img decoding=\"async\" loading=\"lazy\" class=\"aligncenter\" src=\"https:\/\/elcalaixetdelaiaia.es\/wp-content\/uploads\/2014\/01\/SAM_4056.jpg\" width=\"640\" height=\"492\" border=\"0\" \/><\/a><\/div>\n<ol>\n<li>Medio pollo troceado<\/li>\n<li>Medio conejo troceado<\/li>\n<li>400 g de arroz redondo<\/li>\n<li>Dos alcachofas (no imprescindible)<\/li>\n<li>Aceite de oliva<\/li>\n<li>Un tomate maduro grande o dos medianos<\/li>\n<li>1\/4 de rochet o jud\u00eda verde plana<\/li>\n<li><u>U<\/u>nas ramitas de romero fresco<\/li>\n<li>1\/4 de garrof\u00f3n<\/li>\n<li>200g de tabella<\/li>\n<li>1l. de agua caliente<\/li>\n<li>Piment\u00f3n dulce<\/li>\n<li>Sal<\/li>\n<li>Dos limones<\/li>\n<li>Azafr\u00e1n tostado y molido (o preparado de paella con azafr\u00e1n a unas malas)<\/li>\n<li>Lo ideal es a\u00f1adir unos caracoles&#8230;pero no tengo en \u00e9sta ocasi\u00f3n<\/li>\n<\/ol>\n<div style=\"text-align: center;\"><\/div>\n<div class=\"separator\" style=\"clear: both; text-align: center;\"><a style=\"margin-left: 1em; margin-right: 1em;\" href=\"http:\/\/3.bp.blogspot.com\/-Iu_gOGb4G48\/UtMKCG442jI\/AAAAAAAAEVo\/t7s7WJBVaIk\/s1600\/SAM_4058.JPG\"><img decoding=\"async\" loading=\"lazy\" src=\"https:\/\/elcalaixetdelaiaia.es\/wp-content\/uploads\/2014\/01\/SAM_4058.jpg\" width=\"640\" height=\"480\" border=\"0\" \/><\/a><\/div>\n<div style=\"text-align: center;\"><\/div>\n<div style=\"text-align: center;\">Comienzo poniendo el aceite a calentar en la paella, agrego sal y remuevo con la pala de madera<\/div>\n<div style=\"text-align: center;\"><\/div>\n<\/div>\n<div class=\"separator\" style=\"clear: both; text-align: center;\"><a style=\"margin-left: 1em; margin-right: 1em;\" href=\"http:\/\/3.bp.blogspot.com\/-iDnhSI4xmfQ\/UtMKB6y1l3I\/AAAAAAAAEVg\/Gqy-wDe2mOc\/s1600\/SAM_4059.JPG\"><img decoding=\"async\" loading=\"lazy\" src=\"https:\/\/elcalaixetdelaiaia.es\/wp-content\/uploads\/2014\/01\/SAM_4059.jpg\" width=\"640\" height=\"480\" border=\"0\" \/><\/a><\/div>\n<div class=\"separator\" style=\"clear: both; text-align: center;\"><\/div>\n<div style=\"text-align: center;\">Con el aceite caliente agrego la carne troceada y salada, mientras se dora la carne<\/div>\n<div style=\"text-align: center;\"><\/div>\n<div class=\"separator\" style=\"clear: both; text-align: center;\"><a style=\"margin-left: 1em; margin-right: 1em;\" href=\"http:\/\/3.bp.blogspot.com\/-o2pBDhD_5Ec\/UtMKEKtoTPI\/AAAAAAAAEVw\/i00YQmHwREY\/s1600\/SAM_4060.JPG\"><img decoding=\"async\" loading=\"lazy\" src=\"https:\/\/elcalaixetdelaiaia.es\/wp-content\/uploads\/2014\/01\/SAM_4060.jpg\" width=\"640\" height=\"488\" border=\"0\" \/><\/a><\/div>\n<div style=\"text-align: center;\"><\/div>\n<div style=\"text-align: center;\">troceo a mano el rojet \u00f3 jud\u00eda verde plana<\/div>\n<div style=\"text-align: center;\"><\/div>\n<div class=\"separator\" style=\"clear: both; text-align: center;\"><a style=\"margin-left: 1em; margin-right: 1em;\" href=\"http:\/\/2.bp.blogspot.com\/-VbEJxgXTUKU\/UtMKGHzg7UI\/AAAAAAAAEWA\/IlqyYcnocX4\/s1600\/SAM_4063.JPG\"><img decoding=\"async\" loading=\"lazy\" src=\"https:\/\/elcalaixetdelaiaia.es\/wp-content\/uploads\/2014\/01\/SAM_4063.jpg\" width=\"640\" height=\"480\" border=\"0\" \/><\/a><\/div>\n<div style=\"text-align: center;\"><\/div>\n<div style=\"text-align: center;\">Pelo y corto las alcachofas en cuatro trozos cada una pongo a remojo en agua y a\u00f1ado el zumo de un lim\u00f3n para evitar que la alcachofa se ennegrezca y cambie el color del arroz,<\/div>\n<div style=\"text-align: center;\"><\/div>\n<div class=\"separator\" style=\"clear: both; text-align: center;\"><a style=\"margin-left: 1em; margin-right: 1em;\" href=\"http:\/\/3.bp.blogspot.com\/-nDO4eVcm8CI\/UtMKF6h2Q8I\/AAAAAAAAEWE\/AFVrODQJ7Dw\/s1600\/SAM_4065.JPG\"><img decoding=\"async\" loading=\"lazy\" src=\"https:\/\/elcalaixetdelaiaia.es\/wp-content\/uploads\/2014\/01\/SAM_4065.jpg\" width=\"640\" height=\"480\" border=\"0\" \/><\/a><\/div>\n<div style=\"text-align: center;\"><\/div>\n<div style=\"text-align: center;\">rallo el tomate y dispongo toda la verdura a punto para incorporar&#8230;<\/div>\n<div style=\"text-align: center;\"><\/div>\n<div class=\"separator\" style=\"clear: both; text-align: center;\"><a style=\"margin-left: 1em; margin-right: 1em;\" href=\"http:\/\/3.bp.blogspot.com\/-Lu6Zrow004o\/UtMKGlQUmMI\/AAAAAAAAEWI\/p5dMTssstUk\/s1600\/SAM_4066.JPG\"><img decoding=\"async\" loading=\"lazy\" src=\"https:\/\/elcalaixetdelaiaia.es\/wp-content\/uploads\/2014\/01\/SAM_4066.jpg\" width=\"640\" height=\"480\" border=\"0\" \/><\/a><\/div>\n<div style=\"text-align: center;\"><\/div>\n<div style=\"text-align: center;\">a la paella en cuanto la carne est\u00e9 lista. Es FUNDAMENTAL que la carne est\u00e9 bien dorada, el resultado del sabor lo dar\u00e1 el punto tostado de la carne. Ahora pongo a precalentar el horno a 210 \u00ba<\/div>\n<div style=\"text-align: center;\"><\/div>\n<div class=\"separator\" style=\"clear: both; text-align: center;\"><a style=\"margin-left: 1em; margin-right: 1em;\" href=\"http:\/\/3.bp.blogspot.com\/-1GRwBGXVs5w\/UtMKLSLOKBI\/AAAAAAAAEWc\/WN7tY3F-JBY\/s1600\/SAM_4069.JPG\"><img decoding=\"async\" loading=\"lazy\" src=\"https:\/\/elcalaixetdelaiaia.es\/wp-content\/uploads\/2014\/01\/SAM_4069.jpg\" width=\"640\" height=\"480\" border=\"0\" \/><\/a><\/div>\n<div style=\"text-align: center;\"><\/div>\n<div style=\"text-align: center;\">a\u00f1adimos el \u00abrojet,\u00bb que yaver\u00e9is, cuando est\u00e9 en su punto, perder\u00e1 el color rojo, torn\u00e1ndose verde por igual. Doy unas vueltas<\/div>\n<div style=\"text-align: center;\"><\/div>\n<div class=\"separator\" style=\"clear: both; text-align: center;\"><a style=\"margin-left: 1em; margin-right: 1em;\" href=\"http:\/\/3.bp.blogspot.com\/-F7v0COkx8jg\/UtMKLhPdCZI\/AAAAAAAAEWg\/nu_YZZuZAZQ\/s1600\/SAM_4070.JPG\"><img decoding=\"async\" loading=\"lazy\" src=\"https:\/\/elcalaixetdelaiaia.es\/wp-content\/uploads\/2014\/01\/SAM_4070.jpg\" width=\"640\" height=\"480\" border=\"0\" \/><\/a><\/div>\n<div style=\"text-align: center;\"><\/div>\n<div style=\"text-align: center;\">y a\u00f1ado el tomate<\/div>\n<div style=\"text-align: center;\"><\/div>\n<div class=\"separator\" style=\"clear: both; text-align: center;\"><a style=\"margin-left: 1em; margin-right: 1em;\" href=\"http:\/\/1.bp.blogspot.com\/-o5o40xRvYsU\/UtMKM4opwoI\/AAAAAAAAEWo\/vqbvAWLlbY0\/s1600\/SAM_4071.JPG\"><img decoding=\"async\" loading=\"lazy\" src=\"https:\/\/elcalaixetdelaiaia.es\/wp-content\/uploads\/2014\/01\/SAM_4071.jpg\" width=\"640\" height=\"480\" border=\"0\" \/><\/a><\/div>\n<div style=\"text-align: center;\"><\/div>\n<div style=\"text-align: center;\">cuando el tomate pierda el agua y empiece a fre\u00edrse, a\u00f1ado el piment\u00f3n de la Vera (cuando la hago a la le\u00f1a, pongo piment\u00f3n dulce, pero cuando no es posible, a\u00f1ado este porque le da un cierto sabor a ahumado)<\/div>\n<div style=\"text-align: center;\"><\/div>\n<div class=\"separator\" style=\"clear: both; text-align: center;\"><a style=\"margin-left: 1em; margin-right: 1em;\" href=\"http:\/\/2.bp.blogspot.com\/-B1YTFwvr9vA\/UtMKPVSk3II\/AAAAAAAAEW0\/8l2igKKjT38\/s1600\/SAM_4072.JPG\"><img decoding=\"async\" loading=\"lazy\" src=\"https:\/\/elcalaixetdelaiaia.es\/wp-content\/uploads\/2014\/01\/SAM_4072.jpg\" width=\"640\" height=\"480\" border=\"0\" \/><\/a><\/div>\n<div style=\"text-align: center;\"><\/div>\n<div style=\"text-align: center;\">y acto seguido el azafr\u00e1n tostado o molido, y cuando esto no es posible&#8230; pues&#8230; preparado con azafr\u00e1n, para que se fr\u00eda con el aceite. Tendremos preparada el agua caliente porque hay que echarla de inmediato<\/div>\n<div style=\"text-align: center;\"><\/div>\n<div class=\"separator\" style=\"clear: both; text-align: center;\"><a style=\"margin-left: 1em; margin-right: 1em;\" href=\"http:\/\/4.bp.blogspot.com\/-B8BXqGZNbMU\/UtMKPjoeOYI\/AAAAAAAAEW4\/M_UGSFK0Itc\/s1600\/SAM_4073.JPG\"><img decoding=\"async\" loading=\"lazy\" src=\"https:\/\/elcalaixetdelaiaia.es\/wp-content\/uploads\/2014\/01\/SAM_4073.jpg\" width=\"640\" height=\"480\" border=\"0\" \/><\/a><\/div>\n<div style=\"text-align: center;\"><\/div>\n<div style=\"text-align: center;\">para evitar que se nos queme el piment\u00f3n y el azafr\u00e1n<\/div>\n<div style=\"text-align: center;\"><\/div>\n<div class=\"separator\" style=\"clear: both; text-align: center;\"><a style=\"margin-left: 1em; margin-right: 1em;\" href=\"http:\/\/1.bp.blogspot.com\/-srtZVm8mEEk\/UtMKUemnf-I\/AAAAAAAAEXY\/j5w2uvaOsMQ\/s1600\/SAM_4076.JPG\"><img decoding=\"async\" loading=\"lazy\" src=\"https:\/\/elcalaixetdelaiaia.es\/wp-content\/uploads\/2014\/01\/SAM_4076.jpg\" width=\"640\" height=\"480\" border=\"0\" \/><\/a><\/div>\n<div class=\"separator\" style=\"clear: both; text-align: center;\"><\/div>\n<div style=\"text-align: center;\">\u00a0dejo hervir dos minutos a fuego medio<\/div>\n<div style=\"text-align: center;\"><\/div>\n<div class=\"separator\" style=\"clear: both; text-align: center;\"><a style=\"margin-left: 1em; margin-right: 1em;\" href=\"http:\/\/2.bp.blogspot.com\/-khiQHYu5pbQ\/UtMKURkltmI\/AAAAAAAAEXU\/ql9LaNSS4aA\/s1600\/SAM_4078.JPG\"><img decoding=\"async\" loading=\"lazy\" src=\"https:\/\/elcalaixetdelaiaia.es\/wp-content\/uploads\/2014\/01\/SAM_4078.jpg\" width=\"640\" height=\"480\" border=\"0\" \/><\/a><\/div>\n<div style=\"text-align: center;\"><\/div>\n<div style=\"text-align: center;\">incorporo el garrof\u00f3n, que es una especie de jud\u00eda o judi\u00f3n t\u00edpico en mi tierra y que en temporada, va dentro de una vaina que se desecha, fuera de temporada, lo encontramos congelado o seco. El seco, se pone a remojo en agua unas 12 horas y se cuece hirviendo hasta que est\u00e1 en su punto. Falta la \u00abtabella\u00bb que s\u00f3lo hay en temporada, similar a unas alubias, que van dentro de una vaina, al igual que el garrof\u00f3n natural. Quiz\u00e1s lo pod\u00e1is encontrar congelado, junto al garrof\u00f3n y la bajoqueta. Confieso que alguna vez, he echado mano de estas bolsas de congelado, desechando siempre las jud\u00edas verdes, eso si que no puedo, unas jud\u00edas verdes congeladas, no entran en mi arroz, no puedo, soy incapaz.<\/div>\n<div style=\"text-align: center;\"><\/div>\n<div class=\"separator\" style=\"clear: both; text-align: center;\"><a style=\"margin-left: 1em; margin-right: 1em;\" href=\"http:\/\/4.bp.blogspot.com\/-VhL6O5gPeBI\/UtMKWX3sSVI\/AAAAAAAAEXs\/riA0lFgirMs\/s1600\/SAM_4079.JPG\"><img decoding=\"async\" loading=\"lazy\" src=\"https:\/\/elcalaixetdelaiaia.es\/wp-content\/uploads\/2014\/01\/SAM_4079.jpg\" width=\"640\" height=\"462\" border=\"0\" \/><\/a><\/div>\n<div class=\"separator\" style=\"clear: both; text-align: center;\"><\/div>\n<div style=\"text-align: center;\">A\u00f1adimos las alcachofas<\/div>\n<div style=\"text-align: center;\"><\/div>\n<div class=\"separator\" style=\"clear: both; text-align: center;\"><a style=\"margin-left: 1em; margin-right: 1em;\" href=\"http:\/\/4.bp.blogspot.com\/-rRcFIAB7-_c\/UtMKUfXGBiI\/AAAAAAAAEXQ\/lYDUg3atVoA\/s1600\/SAM_4077.JPG\"><img decoding=\"async\" loading=\"lazy\" src=\"https:\/\/elcalaixetdelaiaia.es\/wp-content\/uploads\/2014\/01\/SAM_4077.jpg\" width=\"640\" height=\"480\" border=\"0\" \/><\/a><\/div>\n<div style=\"text-align: center;\"><\/div>\n<div style=\"text-align: center;\">y pongo la paella en el horno precalentado a 210\u00ba a la altura 3 y dejo hervir unos 10 minutos. Rectifico de sal. Hay que tener en cuenta que para que al final el arroz est\u00e9 en su punto, antes de echarlo al caldo, \u00e9ste ha de estar un poquito salado<\/div>\n<div style=\"text-align: center;\"><\/div>\n<div class=\"separator\" style=\"clear: both; text-align: center;\"><a style=\"margin-left: 1em; margin-right: 1em;\" href=\"http:\/\/1.bp.blogspot.com\/-LPCL1p7mz1Q\/UtMKWq0gS4I\/AAAAAAAAEX0\/TeWfN0ZNNBo\/s1600\/SAM_4094.JPG\"><img decoding=\"async\" loading=\"lazy\" src=\"https:\/\/elcalaixetdelaiaia.es\/wp-content\/uploads\/2014\/01\/SAM_4094.jpg\" width=\"640\" height=\"480\" border=\"0\" \/><\/a><\/div>\n<div style=\"text-align: center;\"><\/div>\n<div style=\"text-align: center;\">pasados los cuales echo el arroz formando una cruz (en caball\u00f3n) y que sobresalga el arroz como medio dedo del caldo, si sobresale menos, se puede echar mas arroz. Ahora remuevo POR ULTIMA VEZ, el arroz no se debe remover ya para <strong>NADA<\/strong>. Coloco el romero y cierro la puerta, bajando a 200\u00ba<\/div>\n<div style=\"text-align: center;\"><\/div>\n<div class=\"separator\" style=\"clear: both; text-align: center;\"><a style=\"margin-left: 1em; margin-right: 1em;\" href=\"http:\/\/3.bp.blogspot.com\/-QPjy_cD1cPo\/UtMKW4P1KJI\/AAAAAAAAEXw\/lBkaofoPsOo\/s1600\/SAM_4095.JPG\"><img decoding=\"async\" loading=\"lazy\" src=\"https:\/\/elcalaixetdelaiaia.es\/wp-content\/uploads\/2014\/01\/SAM_4095.jpg\" width=\"640\" height=\"480\" border=\"0\" \/><\/a><\/div>\n<div class=\"separator\" style=\"clear: both; text-align: center;\"><\/div>\n<div style=\"text-align: center;\">pasados diez minutos, quito el romero para que no se queme y muevo el arroz meneando la paella \u00a1\u00a1\u00a1<strong>de las asas<\/strong>!!! el arroz en paella no se remueve directamente NUNCA<\/div>\n<div style=\"text-align: center;\"><\/div>\n<div class=\"separator\" style=\"clear: both; text-align: center;\"><a style=\"margin-left: 1em; margin-right: 1em;\" href=\"http:\/\/1.bp.blogspot.com\/-Td5PWbkoF_Y\/UtMKXBUI5aI\/AAAAAAAAEX4\/vXR921JWhwg\/s1600\/SAM_4096.JPG\"><img decoding=\"async\" loading=\"lazy\" src=\"https:\/\/elcalaixetdelaiaia.es\/wp-content\/uploads\/2014\/01\/SAM_4096.jpg\" width=\"480\" height=\"640\" border=\"0\" \/><\/a><\/div>\n<div style=\"text-align: center;\"><\/div>\n<div style=\"text-align: center;\">diez minutos mas de horno. Eso es en mi horno, controlad la cocci\u00f3n en el vuestro. Si veis que se dora en exceso pod\u00e9is cubrir la paella con papel aluminio. Una vez pasado el tiempo, pasad la paella a la parte de abajo total del horno y apagad el mismo. Dejaremos que la paella se \u00abaix\u00fae\u00bb unos cinco minutos mas y se haga un ligero \u00absocorraet\u00bb. Choca un poco esta imagen&#8230; una paella dentro del horno, pues os digo que por descontado, igual igual no est\u00e1 pero si, muy muy parecida, y podemos \u00abmatar el gusanillo\u00bb<\/div>\n<div>C<\/div>\n<div class=\"separator\" style=\"clear: both; text-align: center;\"><a style=\"margin-left: 1em; margin-right: 1em;\" href=\"http:\/\/4.bp.blogspot.com\/-_Q9M8oV2tpc\/UtMKaUKTiOI\/AAAAAAAAEYA\/btVq3JYaR3s\/s1600\/SAM_4097.JPG\"><img decoding=\"async\" loading=\"lazy\" src=\"https:\/\/elcalaixetdelaiaia.es\/wp-content\/uploads\/2014\/01\/SAM_4097.jpg\" width=\"640\" height=\"480\" border=\"0\" \/><\/a><\/div>\n<div style=\"text-align: center;\"><\/div>\n<div style=\"text-align: center;\">Como todo, tiene sus inconvenientes claro, y uno de ellos es las raciones que salen, y que no todas las paellas caben en el horno. Tengo una nota con las medidas de paellas que pueden caber, pero no la he encontrado. Sigo buscando y cuando la encuentre editar\u00e9 para daros la informaci\u00f3n. Mmmm&#8230; como huele<\/div>\n<div style=\"text-align: center;\"><\/div>\n<div class=\"separator\" style=\"clear: both; text-align: center;\"><a style=\"margin-left: 1em; margin-right: 1em;\" href=\"http:\/\/1.bp.blogspot.com\/-kWMVjdLdaSA\/UtMKbcU6YLI\/AAAAAAAAEYU\/D6o57whdljA\/s1600\/SAM_4100.JPG\"><img decoding=\"async\" loading=\"lazy\" src=\"https:\/\/elcalaixetdelaiaia.es\/wp-content\/uploads\/2014\/01\/SAM_4100.jpg\" width=\"640\" height=\"480\" border=\"0\" \/><\/a><\/div>\n<div class=\"separator\" style=\"clear: both; text-align: center;\"><\/div>\n<div style=\"text-align: center;\">tiene un aspecto fant\u00e1stico<\/div>\n<div style=\"text-align: center;\"><\/div>\n<div class=\"separator\" style=\"clear: both; text-align: center;\"><a style=\"margin-left: 1em; margin-right: 1em;\" href=\"http:\/\/3.bp.blogspot.com\/-TRqy4M6tRLc\/UtMKb5ALikI\/AAAAAAAAEYM\/94_PBT3lHY0\/s1600\/SAM_4101.JPG\"><img decoding=\"async\" loading=\"lazy\" src=\"https:\/\/elcalaixetdelaiaia.es\/wp-content\/uploads\/2014\/01\/SAM_4101.jpg\" width=\"640\" height=\"480\" border=\"0\" \/><\/a><\/div>\n<div style=\"text-align: center;\"><\/div>\n<div style=\"text-align: center;\">preparamos el lim\u00f3n, ya que en mi casa (al contrario que en otras, donde dicen que el lim\u00f3n es para disimular el mal sabor de la paella), no puede faltar un buen chorro en la paella, ni en ning\u00fan arroz o caldo.<\/div>\n<div style=\"text-align: center;\"><\/div>\n<div class=\"separator\" style=\"clear: both; text-align: center;\"><a style=\"margin-left: 1em; margin-right: 1em;\" href=\"http:\/\/4.bp.blogspot.com\/-1qYfg7TIeWQ\/UtMKdEIbACI\/AAAAAAAAEYY\/Ra7RaekrvTA\/s1600\/SAM_4104.JPG\"><img decoding=\"async\" loading=\"lazy\" src=\"https:\/\/elcalaixetdelaiaia.es\/wp-content\/uploads\/2014\/01\/SAM_4104.jpg\" width=\"640\" height=\"480\" border=\"0\" \/><\/a><\/div>\n<div style=\"text-align: center;\"><\/div>\n<div style=\"text-align: center;\">se puede comer en la misma paella, \u00f3 en el plato, \u00e9sto a gusto del comensal<\/div>\n<div style=\"text-align: center;\"><\/div>\n<div class=\"separator\" style=\"clear: both; text-align: center;\"><a style=\"margin-left: 1em; margin-right: 1em;\" href=\"http:\/\/4.bp.blogspot.com\/-oISfndG-adg\/UtMKenBPzCI\/AAAAAAAAEYk\/M1QVnCshdp0\/s1600\/SAM_4105.JPG\"><img decoding=\"async\" loading=\"lazy\" src=\"https:\/\/elcalaixetdelaiaia.es\/wp-content\/uploads\/2014\/01\/SAM_4105.jpg\" width=\"640\" height=\"462\" border=\"0\" \/><\/a><\/div>\n<div style=\"text-align: center;\"><\/div>\n<div style=\"text-align: center;\">de cualquier forma, podremos degustar a un arroz muy parecido a la paella valenciana, pero por favor que no se me enfade nadieeeeeeeeee. La paella valenciana aut\u00e9ntica <strong>NO se hace en el horno.<\/strong><\/div>\n<div style=\"text-align: center;\"><\/div>\n<div class=\"separator\" style=\"clear: both; text-align: center;\"><a style=\"margin-left: 1em; margin-right: 1em;\" href=\"http:\/\/2.bp.blogspot.com\/-35Ei7FOjcCE\/UtMKfL0eGvI\/AAAAAAAAEYo\/Z4jHXIJPuRY\/s1600\/SAM_4106.JPG\"><img decoding=\"async\" loading=\"lazy\" src=\"https:\/\/elcalaixetdelaiaia.es\/wp-content\/uploads\/2014\/01\/SAM_4106.jpg\" width=\"640\" height=\"480\" border=\"0\" \/><\/a><\/div>\n<div style=\"text-align: center;\"><\/div>\n<div style=\"text-align: center;\">La pr\u00f3xima paella que haga, ser\u00e1 la paella saforina, \u00abamb pilotetes\u00bb, c\u00f3mo la hac\u00eda mi iaia Sabeleta, cuando el iaio Antoniet, mataba en pollo y el conejo de su corral, para hacer la paella, aunque ahora ya no hay forma de conseguir la sangre de pollo y conejo fresca, tambi\u00e9n he conseguido hacer una \u00abadaptaci\u00f3n\u00bb \ud83d\ude09\u00a0 \u00bb a la taula i&#8230; BON PROFIT!!!<br \/>\ny para la digesti\u00f3n no puede faltar el buen humor valenciano<br \/>\n<a href=\"https:\/\/elcalaixetdelaiaia.es\/manual-para-comer-la-paella-valenciana\">https:\/\/elcalaixetdelaiaia.es\/manual-para-comer-la-paella-valenciana<\/a><\/div>\n<div style=\"text-align: center;\">Espero que no os enfad\u00e9is conmigo los puristas. Si te gusta mi receta, puedes compartirla para que llegue a m\u00e1s gente.<br \/>\nEspero tus comentarios y recuerda que tambi\u00e9n estoy en Facebook\u00a0<a href=\"https:\/\/www.facebook.com\/El-calaixet-de-la-iaia-533062140099386\/\">https:\/\/www.facebook.com\/El-calaixet-de-la-iaia-533062140099386\/<\/a><\/div>\n<\/div>\n","protected":false},"excerpt":{"rendered":"<p>Refr\u00e1n;\u00a0 \u00abSant Antoni de Gavarda,va fer un miracle a Godella, sense arros ni sal ni oli, va fer una paella.\u00bb\u00a0\u00a0\u00a0\u00a0 San Antonio de Gavarda, hizo un milagro en Godella, sin arroz ni sal ni aceite, hizo una paella. Bueno, bueno&#8230; voy a meterme en camisa de once varas, porque se &hellip; <\/p>\n","protected":false},"author":2,"featured_media":12494,"comment_status":"open","ping_status":"open","sticky":false,"template":"","format":"standard","meta":[],"categories":[36,1],"tags":[],"_links":{"self":[{"href":"https:\/\/elcalaixetdelaiaia.es\/index.php?rest_route=\/wp\/v2\/posts\/1057"}],"collection":[{"href":"https:\/\/elcalaixetdelaiaia.es\/index.php?rest_route=\/wp\/v2\/posts"}],"about":[{"href":"https:\/\/elcalaixetdelaiaia.es\/index.php?rest_route=\/wp\/v2\/types\/post"}],"author":[{"embeddable":true,"href":"https:\/\/elcalaixetdelaiaia.es\/index.php?rest_route=\/wp\/v2\/users\/2"}],"replies":[{"embeddable":true,"href":"https:\/\/elcalaixetdelaiaia.es\/index.php?rest_route=%2Fwp%2Fv2%2Fcomments&post=1057"}],"version-history":[{"count":35,"href":"https:\/\/elcalaixetdelaiaia.es\/index.php?rest_route=\/wp\/v2\/posts\/1057\/revisions"}],"predecessor-version":[{"id":27212,"href":"https:\/\/elcalaixetdelaiaia.es\/index.php?rest_route=\/wp\/v2\/posts\/1057\/revisions\/27212"}],"wp:featuredmedia":[{"embeddable":true,"href":"https:\/\/elcalaixetdelaiaia.es\/index.php?rest_route=\/wp\/v2\/media\/12494"}],"wp:attachment":[{"href":"https:\/\/elcalaixetdelaiaia.es\/index.php?rest_route=%2Fwp%2Fv2%2Fmedia&parent=1057"}],"wp:term":[{"taxonomy":"category","embeddable":true,"href":"https:\/\/elcalaixetdelaiaia.es\/index.php?rest_route=%2Fwp%2Fv2%2Fcategories&post=1057"},{"taxonomy":"post_tag","embeddable":true,"href":"https:\/\/elcalaixetdelaiaia.es\/index.php?rest_route=%2Fwp%2Fv2%2Ftags&post=1057"}],"curies":[{"name":"wp","href":"https:\/\/api.w.org\/{rel}","templated":true}]}}