{"id":1053,"date":"2014-01-20T17:04:00","date_gmt":"2014-01-20T17:04:00","guid":{"rendered":"http:\/\/elcalaixetdelaiaia.es\/empanada-de-manzana"},"modified":"2019-11-02T22:24:49","modified_gmt":"2019-11-02T22:24:49","slug":"empanada-de-manzana","status":"publish","type":"post","link":"https:\/\/elcalaixetdelaiaia.es\/?p=1053","title":{"rendered":"Empanada de manzana paso a paso foto a foto"},"content":{"rendered":"<p>\u00abUna poma cada dia, de metge t&#8217;estalviaria\u00bb<\/p>\n<div>Una manzana cada d\u00eda de m\u00e9dico te ahorrar\u00eda.<\/div>\n<div>\n<div class=\"separator\" style=\"clear: both; text-align: left;\">Me encantan las tartas de manzana cocinadas de todas las maneras, el problema es que no me gusta el sabor empalagoso de la mayor\u00eda de ellas, as\u00ed que como en casi todos \u00a0mis platos, experimento a\u00f1adiendo o desechando ingredientes hasta dar con el sabor adecuado a mi paladar.<\/div>\n<div class=\"separator\" style=\"clear: both; text-align: left;\"><\/div>\n<div class=\"separator\" style=\"clear: both; text-align: center;\">\u00a0<a style=\"margin-left: 1em; margin-right: 1em;\" href=\"http:\/\/1.bp.blogspot.com\/-0LZoLaP-Ymo\/UtzkG0xyllI\/AAAAAAAAEds\/IaEXfjfdcD8\/s1600\/poma+4.jpg\"><img decoding=\"async\" loading=\"lazy\" src=\"https:\/\/elcalaixetdelaiaia.es\/wp-content\/uploads\/2014\/01\/poma-4.jpg\" width=\"640\" height=\"426\" border=\"0\" \/><\/a><\/div>\n<div class=\"separator\" style=\"clear: both; text-align: left;\"><\/div>\n<div class=\"separator\" style=\"clear: both; text-align: left;\">Esta es una receta sencilla, f\u00e1cil, r\u00e1pida y exquisita, que cada vez que la hago y se inunda mi cocina con \u00e9se peculiar olor a manzana y canela , vienen a mi cabeza recuerdos de infancia. De cuando nos sent\u00e1bamos mi hermano y yo en unos sillones de cuerdas trenzadas en color azul la suya y roja la m\u00eda, frente aquella tv en blanco y negro a ver los dibujos del Oso Yogui \u00a0y como se com\u00eda los pasteles de los visitantes al parque de\u00a0Yellowstone\u00a0o como Pixi y Dixie, esperaban a que la abuelita \u00a0sacara a enfriar su tarta de manzana a la repisa de la ventana de la cocina \u00a0para sustraerla y zamp\u00e1rsela enterita.<\/div>\n<div class=\"separator\" style=\"clear: both; text-align: left;\">Os aseguro que cada vez que saco mis tartas a enfriar en la repisa de mi ventana&#8230;.sonr\u00edo felizmente.<\/div>\n<div class=\"separator\" style=\"clear: both;\"><\/div>\n<div class=\"separator\" style=\"clear: both;\">Necesitamos;<\/div>\n<div class=\"separator\" style=\"clear: both;\"><\/div>\n<div class=\"separator\" style=\"clear: both;\"><\/div>\n<div class=\"separator\" style=\"clear: both; text-align: center;\"><a style=\"margin-left: 1em; margin-right: 1em;\" href=\"http:\/\/3.bp.blogspot.com\/-bQNM2gqSDYg\/UtzkIcuqInI\/AAAAAAAAEd4\/5MEBGgz_fTA\/s1600\/poma1.jpg\"><img decoding=\"async\" loading=\"lazy\" src=\"https:\/\/elcalaixetdelaiaia.es\/wp-content\/uploads\/2014\/01\/poma1.jpg\" width=\"640\" height=\"426\" border=\"0\" \/><\/a><\/div>\n<div class=\"separator\" style=\"clear: both; text-align: center;\"><\/div>\n<div class=\"separator\" style=\"clear: both; text-align: center;\"><\/div>\n<ol>\n<li style=\"text-align: left;\">Dos l\u00e1minas de masa brisa o masa quebrada<\/li>\n<li style=\"text-align: left;\">Tres cucharadas tama\u00f1o postre de harina<\/li>\n<li style=\"text-align: left;\">150g de mantequilla<\/li>\n<li style=\"text-align: left;\">75 cl de agua<\/li>\n<li style=\"text-align: left;\">200 g de az\u00facar<\/li>\n<li style=\"text-align: left;\">6 manzanas maduras<\/li>\n<li style=\"text-align: left;\">Un huevo<\/li>\n<li style=\"text-align: left;\">Una pizca de canela molida<\/li>\n<li style=\"text-align: left;\">Ralladura de lim\u00f3n<\/li>\n<\/ol>\n<div style=\"text-align: left;\">Empezaremos pelando y troceando las manzanas en trozos peque\u00f1os. En un cazo, ponemos la mantequilla y el az\u00facar al fuego suave, removemos a\u00f1adiendo la harina y las manzanas en trozos, la ralladura de medio lim\u00f3n (solo la parte amarilla porque la blanca amarga)el agua<br \/>\ny una pizca de canela en polvo. Removemos siempre a fuego lento unos 10 minutos, hasta que el agua desaparezca y ya tenemos una compota. Reservamos.<\/div>\n<div class=\"separator\" style=\"clear: both; text-align: center;\"><\/div>\n<div class=\"separator\" style=\"clear: both; text-align: center;\"><a style=\"margin-left: 1em; margin-right: 1em;\" href=\"http:\/\/4.bp.blogspot.com\/-9s5_6L8wRfw\/UtzkGwLLzqI\/AAAAAAAAEdo\/-Bd115Oscwc\/s1600\/IMG_7852.JPG\"><img decoding=\"async\" loading=\"lazy\" src=\"https:\/\/elcalaixetdelaiaia.es\/wp-content\/uploads\/2014\/01\/IMG_7852.jpg\" width=\"640\" height=\"426\" border=\"0\" \/><\/a><\/div>\n<div class=\"separator\" style=\"clear: both; text-align: center;\"><\/div>\n<div class=\"separator\" style=\"clear: both; text-align: center;\">En un molde bajo para tarta, aplicamos \u00a0papel sulfurizado (de hornear), y colocamos encima una de las planchas de masa, volcamos sobre ella la compota que hemos preparado y a\u00f1adiremos la otra plancha de masa, sellaremos los bordes, realizamos unos agujeros para que hagan de chimeneas, pincelamos con huevo batido. Y al horno precalentado a 180\u00ba \u00a0unos 25 minutos. Controlad el tiempo seg\u00fan vuestro horno, ya sab\u00e9is que cada horno funciobna de una manera y necesita unos tiempos distintos as\u00ed que los que os doy, son s\u00f3lo orientativos.<\/div>\n<div class=\"separator\" style=\"clear: both; text-align: center;\"><\/div>\n<div class=\"separator\" style=\"clear: both; text-align: center;\"><a style=\"margin-left: 1em; margin-right: 1em;\" href=\"http:\/\/2.bp.blogspot.com\/-jNLEfWsrssY\/UtzkG1ox-uI\/AAAAAAAAEdw\/kjVBD4BhC9c\/s1600\/poma+3.jpg\"><img decoding=\"async\" loading=\"lazy\" src=\"https:\/\/elcalaixetdelaiaia.es\/wp-content\/uploads\/2014\/01\/poma-3.jpg\" width=\"640\" height=\"426\" border=\"0\" \/><\/a><\/div>\n<div class=\"separator\" style=\"clear: both; text-align: center;\"><\/div>\n<div class=\"separator\" style=\"clear: both; text-align: center;\">Estar\u00e1 lista cuando ve\u00e1is la masa dorada.<\/div>\n<div class=\"separator\" style=\"clear: both; text-align: center;\"><\/div>\n<div class=\"separator\" style=\"clear: both; text-align: center;\"><a style=\"margin-left: 1em; margin-right: 1em;\" href=\"http:\/\/1.bp.blogspot.com\/-0LZoLaP-Ymo\/UtzkG0xyllI\/AAAAAAAAEds\/IaEXfjfdcD8\/s1600\/poma+4.jpg\"><img decoding=\"async\" loading=\"lazy\" src=\"https:\/\/elcalaixetdelaiaia.es\/wp-content\/uploads\/2014\/01\/poma-4.jpg\" width=\"640\" height=\"426\" border=\"0\" \/><\/a><\/div>\n<div class=\"separator\" style=\"clear: both; text-align: center;\"><\/div>\n<div class=\"separator\" style=\"clear: both; text-align: center;\">No vais a dejar ni las miguitas, est\u00e1 riqu\u00edsima. A nosotros nos gusta tibia, supongo que de un d\u00eda a otro tambi\u00e9n estar\u00e1 muy rica&#8230;.pero no lo se, porque en casa no llega al d\u00eda siguiente.<\/div>\n<div class=\"separator\" style=\"clear: both; text-align: center;\"><\/div>\n<div class=\"separator\" style=\"clear: both; text-align: center;\"><a style=\"margin-left: 1em; margin-right: 1em;\" href=\"http:\/\/2.bp.blogspot.com\/-E5Z3zdMKBd0\/UtzkI01vUeI\/AAAAAAAAEeA\/HqN5IyDmIso\/s1600\/poma5.jpg\"><img decoding=\"async\" loading=\"lazy\" src=\"https:\/\/elcalaixetdelaiaia.es\/wp-content\/uploads\/2014\/01\/poma5.jpg\" width=\"496\" height=\"640\" border=\"0\" \/><\/a><\/div>\n<div class=\"separator\" style=\"clear: both; text-align: center;\"><\/div>\n<div class=\"separator\" style=\"clear: both; text-align: center;\">\u00bb a la taula i&#8230;.BON PROFIT!!!\u00bb<\/div>\n<p>Si te gusta mi receta, puedes compartirla para que llegue a m\u00e1s gente.<br \/>\nEspero tus comentarios y recuerda que tambi\u00e9n estoy en Facebook\u00a0<a href=\"https:\/\/www.facebook.com\/El-calaixet-de-la-iaia-533062140099386\/\">https:\/\/www.facebook.com\/El-calaixet-de-la-iaia-533062140099386\/<\/a><\/p>\n<\/div>\n","protected":false},"excerpt":{"rendered":"<p>\u00abUna poma cada dia, de metge t&#8217;estalviaria\u00bb Una manzana cada d\u00eda de m\u00e9dico te ahorrar\u00eda. Me encantan las tartas de manzana cocinadas de todas las maneras, el problema es que no me gusta el sabor empalagoso de la mayor\u00eda de ellas, as\u00ed que como en casi todos \u00a0mis platos, experimento &hellip; <\/p>\n","protected":false},"author":2,"featured_media":12464,"comment_status":"open","ping_status":"open","sticky":false,"template":"","format":"standard","meta":[],"categories":[130,6,1],"tags":[],"_links":{"self":[{"href":"https:\/\/elcalaixetdelaiaia.es\/index.php?rest_route=\/wp\/v2\/posts\/1053"}],"collection":[{"href":"https:\/\/elcalaixetdelaiaia.es\/index.php?rest_route=\/wp\/v2\/posts"}],"about":[{"href":"https:\/\/elcalaixetdelaiaia.es\/index.php?rest_route=\/wp\/v2\/types\/post"}],"author":[{"embeddable":true,"href":"https:\/\/elcalaixetdelaiaia.es\/index.php?rest_route=\/wp\/v2\/users\/2"}],"replies":[{"embeddable":true,"href":"https:\/\/elcalaixetdelaiaia.es\/index.php?rest_route=%2Fwp%2Fv2%2Fcomments&post=1053"}],"version-history":[{"count":2,"href":"https:\/\/elcalaixetdelaiaia.es\/index.php?rest_route=\/wp\/v2\/posts\/1053\/revisions"}],"predecessor-version":[{"id":19698,"href":"https:\/\/elcalaixetdelaiaia.es\/index.php?rest_route=\/wp\/v2\/posts\/1053\/revisions\/19698"}],"wp:featuredmedia":[{"embeddable":true,"href":"https:\/\/elcalaixetdelaiaia.es\/index.php?rest_route=\/wp\/v2\/media\/12464"}],"wp:attachment":[{"href":"https:\/\/elcalaixetdelaiaia.es\/index.php?rest_route=%2Fwp%2Fv2%2Fmedia&parent=1053"}],"wp:term":[{"taxonomy":"category","embeddable":true,"href":"https:\/\/elcalaixetdelaiaia.es\/index.php?rest_route=%2Fwp%2Fv2%2Fcategories&post=1053"},{"taxonomy":"post_tag","embeddable":true,"href":"https:\/\/elcalaixetdelaiaia.es\/index.php?rest_route=%2Fwp%2Fv2%2Ftags&post=1053"}],"curies":[{"name":"wp","href":"https:\/\/api.w.org\/{rel}","templated":true}]}}