{"id":1048,"date":"2014-01-22T23:13:00","date_gmt":"2014-01-22T23:13:00","guid":{"rendered":"http:\/\/elcalaixetdelaiaia.es\/el-tiempo-entre-costuras-valencianas"},"modified":"2026-03-06T20:34:49","modified_gmt":"2026-03-06T20:34:49","slug":"el-tiempo-entre-costuras-valencianas","status":"publish","type":"post","link":"https:\/\/elcalaixetdelaiaia.es\/?p=1048","title":{"rendered":"El tiempo entre costuras valencianas"},"content":{"rendered":"<p>\u00abEndevinalla; Tinc cap, tinc ull i tinc cos i no s\u00f3c de carn ni os \u00bb Adivinanza; Tengo cabeza, tengo ojo y tengo cuerpo y no soy de carne y hueso&#8230;\u00bfQUE SOY?<\/p>\n<p>Sinceramente, me apasiona y relaja coser y bordar.<\/p>\n<p><img decoding=\"async\" loading=\"lazy\" class=\"wp-image-15669 aligncenter\" src=\"https:\/\/elcalaixetdelaiaia.es\/wp-content\/uploads\/2014\/01\/cosint.jpg\" alt=\"\" width=\"685\" height=\"688\" srcset=\"https:\/\/elcalaixetdelaiaia.es\/wp-content\/uploads\/2014\/01\/cosint.jpg 424w, https:\/\/elcalaixetdelaiaia.es\/wp-content\/uploads\/2014\/01\/cosint-150x150.jpg 150w, https:\/\/elcalaixetdelaiaia.es\/wp-content\/uploads\/2014\/01\/cosint-300x300.jpg 300w, https:\/\/elcalaixetdelaiaia.es\/wp-content\/uploads\/2014\/01\/cosint-60x60.jpg 60w, https:\/\/elcalaixetdelaiaia.es\/wp-content\/uploads\/2014\/01\/cosint-235x235.jpg 235w, https:\/\/elcalaixetdelaiaia.es\/wp-content\/uploads\/2014\/01\/cosint-255x255.jpg 255w\" sizes=\"(max-width: 685px) 100vw, 685px\" \/><\/p>\n<p>Y es que, paso desde siempre todo mi tiempo libre&#8230;ENTRE COSTURAS, costuras, bordados telas, hilos y cintas. Mi pasi\u00f3n es la Indumentaria valenciana.<\/p>\n<div class=\"separator\" style=\"clear: both; text-align: center;\"><a style=\"margin-left: 1em; margin-right: 1em;\" href=\"http:\/\/4.bp.blogspot.com\/-3uYAcsl8bUU\/UuOK0-IBgCI\/AAAAAAAAEyg\/hxK_o1PAMPM\/s1600\/SAM_4247.JPG\"><img decoding=\"async\" loading=\"lazy\" class=\"\" src=\"https:\/\/elcalaixetdelaiaia.es\/wp-content\/uploads\/2014\/01\/SAM_4247.jpg\" width=\"644\" height=\"476\" border=\"0\" \/><\/a><\/div>\n<p>Pero como sab\u00e9is quienes est\u00e1is en mi c\u00edrculo mas intimo, en \u00e9stos momentos mi vida va por otros derroteros en los que estoy centrada con todas mis energ\u00edas, y el poco tiempo libre, que ara\u00f1o al sue\u00f1o y al descanso, lo dedico a \u00e9ste caj\u00f3n que es mi momento de evasi\u00f3n de una cruda realidad.<\/p>\n<div class=\"separator\" style=\"clear: both; text-align: center;\"><a style=\"margin-left: 1em; margin-right: 1em;\" href=\"http:\/\/4.bp.blogspot.com\/-ZkDeY8i3EFo\/Uuw20vVUnqI\/AAAAAAAAFCw\/IDzLocAk0E0\/s1600\/IMG_9908.JPG\"><img decoding=\"async\" loading=\"lazy\" src=\"https:\/\/elcalaixetdelaiaia.es\/wp-content\/uploads\/2014\/01\/IMG_9908.jpg\" width=\"640\" height=\"430\" border=\"0\" \/><\/a><\/div>\n<p>La costura y el bordado me apasiona desde siempre, aunque soy autodidacta, lo poco que s\u00e9, me lo ense\u00f1\u00f3 mi madre, y a costa de estropear multitud de telas fui aprendiendo. Mi madre me regal\u00f3 su m\u00e1quina de coser, que conservo como oro en pa\u00f1o<\/p>\n<div class=\"separator\" style=\"clear: both; text-align: center;\"><a style=\"margin-left: 1em; margin-right: 1em;\" href=\"http:\/\/2.bp.blogspot.com\/-kfg5HYASRT4\/UuDmlCFV_cI\/AAAAAAAAEm0\/_I8bxO6V7jI\/s1600\/tOYOTA.jpg\"><img decoding=\"async\" loading=\"lazy\" src=\"https:\/\/elcalaixetdelaiaia.es\/wp-content\/uploads\/2014\/01\/tOYOTA.jpg\" width=\"640\" height=\"480\" border=\"0\" \/><\/a><\/div>\n<p>y aunque mi marido me regal\u00f3 hace 20 a\u00f1os una m\u00e1quina de motor que me gusta mucho sobre todo porque me quita mucho trabajo con el motor en las costuras rectas y que lleva muuuchas horas de puntadas, como la m\u00e1quina que me regal\u00f3 mi madre, NINGUNA. Me gustan mucho las m\u00e1quinas de coser antiguas, y todo lo antiguo en general, y en el pueblo tengo una peque\u00f1a colecci\u00f3n de m\u00e1quinas de coser, que me a ayudado a conseguir mi marido, cuando vaya har\u00e9 fotos. La verdad es que a los dos nos encantan las antiguedades, y nos gusta mucho, ir por los rastros de los pueblos y mercados medievales, siempre que podemos.<\/p>\n<div class=\"separator\" style=\"clear: both; text-align: center;\"><a style=\"margin-left: 1em; margin-right: 1em;\" href=\"http:\/\/2.bp.blogspot.com\/-FunJxidACno\/UuBGqkPOZyI\/AAAAAAAAEl8\/HNaWwGN8SXU\/s1600\/IMG_0942.JPG\"><img decoding=\"async\" loading=\"lazy\" src=\"https:\/\/elcalaixetdelaiaia.es\/wp-content\/uploads\/2014\/01\/IMG_0942.jpg\" width=\"640\" height=\"426\" border=\"0\" \/><\/a><\/div>\n<p>Siempre recordar\u00e9 el primer abrigo que le hice a mi marido para ir a trabajar, era de \u00abpiel de camello\u00bb (una especie de lana de calidad) en gris marengo y la verdad es que visto ahora, con el paso de los a\u00f1os y los cambios de las modas, parec\u00eda un ganster de la \u00e9poca de Alcapone, pero \u00e9l iba tan contento y caliente.<\/p>\n<div class=\"separator\" style=\"clear: both; text-align: center;\"><a style=\"margin-left: 1em; margin-right: 1em;\" href=\"http:\/\/4.bp.blogspot.com\/-xT9FY-J4Wj0\/UuBIhmJqwOI\/AAAAAAAAEmM\/PjL5z3IqNDg\/s1600\/418056_528462793838076_1479624728_n.jpg\"><img decoding=\"async\" loading=\"lazy\" src=\"https:\/\/elcalaixetdelaiaia.es\/wp-content\/uploads\/2014\/01\/418056_528462793838076_1479624728_n.jpg\" width=\"320\" height=\"290\" border=\"0\" \/><\/a><\/div>\n<p>A mis hijos, desde peque\u00f1itos los vest\u00eda con la ropa que les confeccionaba yo misma, casi siempre con los patrones del Burda y similares.<br \/>\nMe compr\u00e9 unos libros del sistema Mart\u00ed e intent\u00e9 sacar los patrones, pero al final tuve que dejarlo como misi\u00f3n imposible, reconozco que los patronajes, son de las pocas cosas que se me resisten, pero no desisto de conseguirlo alg\u00fan d\u00eda.<\/p>\n<div class=\"separator\" style=\"clear: both; text-align: center;\"><a style=\"margin-left: 1em; margin-right: 1em;\" href=\"http:\/\/1.bp.blogspot.com\/-qSh0PYMFSG4\/UuBGqo5i34I\/AAAAAAAAElw\/WId5lrfWz34\/s1600\/IMG_0941.JPG\"><img decoding=\"async\" loading=\"lazy\" src=\"https:\/\/elcalaixetdelaiaia.es\/wp-content\/uploads\/2014\/01\/IMG_0941.jpg\" width=\"422\" height=\"640\" border=\"0\" \/><\/a><\/div>\n<p>Las labores me gustan mucho, el punto de cruz y el de cadeneta, aprovecho mi estancia en las salas de espera de ambulatorios hospitales, sesiones de quimio, radio e ingresos, con la labor en la mano, siempre tengo en danza alg\u00fan pechito de beb\u00e9, una nueva medialuna, o un \u00abmocador de pit\u00bb y hace ya a\u00f1os comenc\u00e9 a coser indumentaria fallera que tiempo despu\u00e9s pas\u00f3 a ser tradicional valenciana, toda cosida a mano punto a punto y \u00e9sa es mi pasi\u00f3n, me encanta coser, aunque ya casi no puedo.<br \/>\nLa indumentaria tradicional valenciana, est\u00e1 cosida casi por completo a mano, con peque\u00f1as puntadas invisibles y son muchas las amigas que me ha pedido que les cosa, pero no lo puedo hacer por problemas de salud y porque realmente me ser\u00eda muy complicado cobrar el trabajo realizado artesanalmente, ya que es imposible poner precio a tantas y tantas horas como lleva \u00e9ste tipo de trabajo, si est\u00e1 realmente bien hecho.<\/p>\n<p>Tengo que agradecer a una persona que fue muy paciente y amble conmigo en su d\u00eda y que encontr\u00e9 a trav\u00e9s de un foro tradicional, que me aclarara la forma de coser ciertas partes de la indumentaria tradicional que yo no acababa de entender, sin ella me hubiera costado m\u00e1s conseguirlo y es algo que le agradecer\u00e9 siempre, y que por descontado hice muchas veces en p\u00fablico y privado pero ahora que tengo la ocasi\u00f3n de hacerlo m\u00e1s p\u00fablico si cabe y a mi me ense\u00f1aron que es de bien nacidos ser agradecidos, muchas gracias Charo.<\/p>\n<div class=\"separator\" style=\"clear: both; text-align: center;\"><a style=\"margin-left: 1em; margin-right: 1em;\" href=\"http:\/\/2.bp.blogspot.com\/-m7_CAyJ5q2Y\/UuEMIyJWqoI\/AAAAAAAAEnE\/rUVonN8_uXQ\/s1600\/wells.jpg\"><img decoding=\"async\" loading=\"lazy\" src=\"https:\/\/elcalaixetdelaiaia.es\/wp-content\/uploads\/2014\/01\/wells.jpg\" width=\"490\" height=\"640\" border=\"0\" \/><\/a><\/div>\n<p>El a\u00f1o pasado cos\u00ed y regal\u00e9 un traje de sarag\u00fcells a un beb\u00e9 muy, muy especial, para que con tan solo un mes, hiciera su primera ofrenda a la Mareta. Tuve que comprar el lino de anticuario por internet y fu\u00e9 unos de los trabajos mas dif\u00edciles de hacer, ya que lo tuve que coser sin poder realizar una sola prueba, y cuanto mas chiquit\u00edn mas complicado, apenas era una miniatura de todo, pero disfrut\u00e9 comprando y eligiendo las telas para las distintas piezas, much\u00edsimo.<br \/>\nNo le faltaba detalle, llevaba su caramba, su rosario, sus lligacames, e incluso ense\u00f1\u00e9 a su iaia como hacer una faldriquera, que llev\u00f3 colgada en su cintura. Se trat\u00f3 de uno de los trabajos que con mas cari\u00f1o e ilusi\u00f3n he hecho.<br \/>\nSe de varias personas defensoras de lo tradicional, que est\u00e1n cosiendo de manera semiprofesional en casa, y si cosen de la misma forma que para ellas, no se terminar\u00e1 la ropa de valenciana bi\u00e9n cosida, yo no lo puedo hacer, porque me falta tiempo entre otras cosas y cuando coso para alguien, es por absoluta y total amistad y cari\u00f1o y lo hago sin remuneraci\u00f3n alguna, cosa que algun@s no entienden.<br \/>\nSinceramente, cosiendo y bordando mi indumentaria, la de mis nietas y espor\u00e1dicamente la de una de mis mejores amigas&#8230; no tengo tiempo para m\u00e1s, y lo peor es tener siempre el sal\u00f3n lleno de telas, cintas agujas e hilos, y casi todo cosido a mano.<\/p>\n<div class=\"separator\" style=\"clear: both; text-align: center;\"><a style=\"margin-left: 1em; margin-right: 1em;\" href=\"http:\/\/1.bp.blogspot.com\/-I8Glnfk14-k\/UuFH5ulcRDI\/AAAAAAAAEoM\/Lum_qDlyACM\/s1600\/IMG_9157.jpg\"><img decoding=\"async\" loading=\"lazy\" class=\"\" src=\"https:\/\/elcalaixetdelaiaia.es\/wp-content\/uploads\/2014\/01\/IMG_9157-1024x625.jpg\" width=\"443\" height=\"270\" border=\"0\" \/><\/a><\/div>\n<p>Hace un par de a\u00f1os una amiga me habl\u00f3 de que estaba yendo a aprender a coser a unos cursos que impart\u00eda la Universidad Popular en uno de los barrios. Averig\u00fc\u00e9 que entre \u00e9sos cursos estaba el de Indumentaria Tradicional Valenciana.<br \/>\nFui a informarme, y cual fue mi sorpresa cuando la profesora que impart\u00eda las clases me explic\u00f3 que se trataba simple y llanamente de confecci\u00f3n de \u00bffallera? (ni eso), nada que ver ni de lejos, con la indumentaria tradicional valenciana.<\/p>\n<p>Se mostr\u00f3 muy interesada en que yo le ense\u00f1ara lo poco que s\u00e9, pero por descontado declin\u00e9 su proposici\u00f3n porque yo no soy nadie para ense\u00f1ar, ni de lejos, cuando lo que pretendo es aprender y para ello cada d\u00eda estudio y sigo con mas inter\u00e9s todo lo referente a \u00e9ste tema, que tanta controversia suscita, aunque viendo lo que veo por ah\u00ed, voy a comenzar a ense\u00f1ar p\u00fablica y gratuitamente lo poco que s\u00e9, que es MUCHIIIISIMO mas que lo que saben muchos profesionales con tiendas famosas y que cobran un past\u00f3n, lo hacen mal y encima enga\u00f1an.<\/p>\n<div class=\"separator\" style=\"clear: both; text-align: center;\"><a style=\"margin-left: 1em; margin-right: 1em;\" href=\"http:\/\/4.bp.blogspot.com\/-mfltIyZICNY\/UuBGq7nkn4I\/AAAAAAAAEl0\/HSPkgkykdZ8\/s1600\/IMG_0943.JPG\"><img decoding=\"async\" loading=\"lazy\" class=\"\" src=\"https:\/\/elcalaixetdelaiaia.es\/wp-content\/uploads\/2014\/01\/IMG_0943-1024x682.jpg\" width=\"646\" height=\"430\" border=\"0\" \/><\/a><\/div>\n<p>Lo mas frustrante es cuando alguien que suele vestir de o phseudofallera, empieza a hacerte preguntas sobre cual es la indumentaria tradicional, formas, modelos, colores. Y entonces dedicas tu poco tiempo, y te quitas muchas horas de sue\u00f1o y descanso, a buscar entre tus archivos datos y fundamentos, informar, explicar y asesorar lo mejor que sabes, con la ilusi\u00f3n y esperanza de que un d\u00eda termine \u00e9sta horda de desinformaci\u00f3n, desvirtuaci\u00f3n, inventos, horteradas y aberraciones indumentar\u00edsticas en las que est\u00e1n inmers este mundo.<br \/>\nInviertes tu tiempo, y acabas d\u00e1ndote de bruces con la realidad de que no les importa NADA de lo que has estado explicando y compartiendo, ya que acaban haciendo de su capa un sayo y vistiendo como lo ven\u00edan haciendo hasta \u00e9se momento que no estaba mal, lo peor es cuando de repente, lo hacen de princesa versallesca o de pr\u00edncipe Disney o Beckelart que nada tiene que ver con una fallera o fallero ni much\u00edsimo menos con una valenciana o valenciano.<br \/>\n\u00bfPara que me preguntan? y ojo, que no estoy diciendo que todas las falleras vistan ni con ABERRACIONES ni mal, siempre que vistan como hemos vestido las falleras durante much\u00edsimos a\u00f1os, hasta que muchas se dejaron influenciar por el de \u00ab\u00e9poca inventiva\u00bb y que desgraciadamente es el que triunfa, y al que yo llamo aberraci\u00f3n, aunque espero y deseo que por poco tiempo, y vuelvan las aguas a su cauce.<br \/>\nTengo la esperanza de que tarde o temprano todo lo que llevamos mucho tiempo leyendo, apoyando y vistiendo muchos, sea lo que m\u00e1s se vea en la calle.<br \/>\nDa muucha pena que gente que no tiene comprensi\u00f3n lectora lea en mis palabras ataques, insultos y ofensas, cuando en realidad solo estoy diciendo lo que los libros dicen.<\/p>\n<p>Hay quien por lo visto no le ense\u00f1aron de peque\u00f1ito a leer y comprender. Y NO se\u00f1ores, jam\u00e1s he vestido de fallera con escotes inmensos.<\/p>\n<p>Ni lo he hecho vistiendo de calle, en mi vida habitual, y mucho menos vistiendo de fallera (pues buenas eran mi iaia y mi madre, para haberme consentido vestir as\u00ed y salir a la calle) y tampoco insulto ni menosprecio a nadie. Que casualidad, que ciertas gentes, ensalcen mis propias palabras, cuando son dichas por otras personas, en otros blogs y difamen las mismas, dichas por mi en mi nombre. Los desprecios, insultos y difamaciones e incluso amenazas, son los que ellos hacen. No quiero entrar en pol\u00e9micas, pero es que son SIEMPRE los mismos&#8230; que pocas preocupaciones tienen en la vida y que vida mas miserable tienen que tener, cuando no se dedican m\u00e1s que a DIFAMAR.<\/p>\n<p>Mi<em> marido, me dice que haga caso omiso de esto, pero tengo corazoncito y me duele mucho, aunque como siempre, le har\u00e9 caso, porque el me quiere bien y sabe lo que esto significa para m\u00ed, ya que siempre cuento con todo su apoyo.<\/em><\/p>\n<div class=\"separator\" style=\"clear: both; text-align: center;\"><a style=\"margin-left: 1em; margin-right: 1em;\" href=\"http:\/\/1.bp.blogspot.com\/-i6oDuKj3kbk\/UuBGc5lLMKI\/AAAAAAAAElg\/18XYjEfshr0\/s1600\/IMG_6038.jpg\"><img decoding=\"async\" loading=\"lazy\" class=\"\" src=\"https:\/\/elcalaixetdelaiaia.es\/wp-content\/uploads\/2014\/01\/IMG_6038-1024x728.jpg\" width=\"621\" height=\"442\" border=\"0\" \/><\/a><\/div>\n<p>As\u00ed que visto lo visto, continuar\u00e9 con las exposiciones, conferencias y libros. Seguir\u00e9 con mi retorta, haciendo y deshaciendo hasta dar con las medidas y formas adecuadas, metro y guiss en mano, y pasando mis d\u00edas entre bordados, mi tiempo&#8230; entre costuras.<\/p>\n<p>\u00abResoluci\u00f3 a l&#8217;endivinalla;<br \/>\nL\u2019agulla \u00bb<br \/>\nSoluci\u00f3n a la adivinanza<br \/>\nLa aguja<\/p>\n<p>Si quieres comentar, tus comentarios para mi son MUY importantes y recuerda que tambi\u00e9n estoy en Facebook <a href=\"https:\/\/www.facebook.com\/El-calaixet-de-la-iaia-533062140099386\/\">https:\/\/www.facebook.com\/El-calaixet-de-la-iaia-533062140099386\/<\/a><\/p>\n<p>&nbsp;<\/p>\n","protected":false},"excerpt":{"rendered":"<p>\u00abEndevinalla; Tinc cap, tinc ull i tinc cos i no s\u00f3c de carn ni os \u00bb Adivinanza; Tengo cabeza, tengo ojo y tengo cuerpo y no soy de carne y hueso&#8230;\u00bfQUE SOY? Sinceramente, me apasiona y relaja coser y bordar. Y es que, paso desde siempre todo mi tiempo libre&#8230;ENTRE &hellip; <\/p>\n","protected":false},"author":2,"featured_media":12418,"comment_status":"open","ping_status":"open","sticky":false,"template":"","format":"standard","meta":[],"categories":[24,78,1],"tags":[],"_links":{"self":[{"href":"https:\/\/elcalaixetdelaiaia.es\/index.php?rest_route=\/wp\/v2\/posts\/1048"}],"collection":[{"href":"https:\/\/elcalaixetdelaiaia.es\/index.php?rest_route=\/wp\/v2\/posts"}],"about":[{"href":"https:\/\/elcalaixetdelaiaia.es\/index.php?rest_route=\/wp\/v2\/types\/post"}],"author":[{"embeddable":true,"href":"https:\/\/elcalaixetdelaiaia.es\/index.php?rest_route=\/wp\/v2\/users\/2"}],"replies":[{"embeddable":true,"href":"https:\/\/elcalaixetdelaiaia.es\/index.php?rest_route=%2Fwp%2Fv2%2Fcomments&post=1048"}],"version-history":[{"count":11,"href":"https:\/\/elcalaixetdelaiaia.es\/index.php?rest_route=\/wp\/v2\/posts\/1048\/revisions"}],"predecessor-version":[{"id":29209,"href":"https:\/\/elcalaixetdelaiaia.es\/index.php?rest_route=\/wp\/v2\/posts\/1048\/revisions\/29209"}],"wp:featuredmedia":[{"embeddable":true,"href":"https:\/\/elcalaixetdelaiaia.es\/index.php?rest_route=\/wp\/v2\/media\/12418"}],"wp:attachment":[{"href":"https:\/\/elcalaixetdelaiaia.es\/index.php?rest_route=%2Fwp%2Fv2%2Fmedia&parent=1048"}],"wp:term":[{"taxonomy":"category","embeddable":true,"href":"https:\/\/elcalaixetdelaiaia.es\/index.php?rest_route=%2Fwp%2Fv2%2Fcategories&post=1048"},{"taxonomy":"post_tag","embeddable":true,"href":"https:\/\/elcalaixetdelaiaia.es\/index.php?rest_route=%2Fwp%2Fv2%2Ftags&post=1048"}],"curies":[{"name":"wp","href":"https:\/\/api.w.org\/{rel}","templated":true}]}}