{"id":1039,"date":"2014-02-02T13:33:00","date_gmt":"2014-02-02T13:33:00","guid":{"rendered":"http:\/\/elcalaixetdelaiaia.es\/bizcocho-de-naranja-y-chocolate-a"},"modified":"2023-02-02T18:57:42","modified_gmt":"2023-02-02T18:57:42","slug":"bizcocho-de-naranja-y-chocolate-a","status":"publish","type":"post","link":"https:\/\/elcalaixetdelaiaia.es\/?p=1039","title":{"rendered":"Bizcocho de naranja y chocolate al microondas paso a paso"},"content":{"rendered":"<p>\u00abRefrany;<br \/>\nSi la Candelera plora l\u2019hivern est\u00e1 fora ,si la Candelera riu, l&#8217;hivern \u00e9s viu. Tant si plora com si riu, ja ve l\u2019estiu. Tant si plora com si deixa de plorar, quaranta dies d\u2019hivern ens queden per passar.\u00bb<\/p>\n<div>\n<p>Si la Candelaria llora el invierno est\u00e1 fuera, si la Candelaria r\u00ede el invierno est\u00e1 vivo. Tanto si llora como si r\u00ede ya viene el verano. Tanto si llora como si deja de llorar, cuarenta d\u00edas de invierno nos quedan por pasar.<\/p>\n<div>Ya se que sois much@s quienes, a pesar de gustaros la cocina, no dispon\u00e9is de tiempo para dedicarle, pero os gusta comer bien, por eso a veces pongo recetas r\u00e1pidas, me han dado un tironcito de orejas porque la verdad es que no pongo muchas&#8230; tendr\u00e9 que enmendarme.<\/div>\n<div><\/div>\n<div>\n<div style=\"text-align: center;\">\u00a0<a style=\"margin-left: 1em; margin-right: 1em;\" href=\"http:\/\/4.bp.blogspot.com\/-i4ZatauQBOk\/Uu4TgyEghLI\/AAAAAAAAFG8\/idy489XhJAY\/s1600\/SAM_4051.JPG\"><img decoding=\"async\" loading=\"lazy\" class=\"\" src=\"https:\/\/elcalaixetdelaiaia.es\/wp-content\/uploads\/2014\/02\/SAM_4051.jpg\" width=\"605\" height=\"807\" border=\"0\" \/><\/a><\/div>\n<\/div>\n<div><\/div>\n<div>Mi amiga Lola Llor\u00e9ns \u00a0me ha pasado \u00e9sta receta y enseguida me pongo manos a la obra,(con alg\u00fan peque\u00f1o cambio), porque a pesar de que a mi marido no le gusta la cocina al microondas, de vez en cuando tampoco pasa nada, y cuando vamos mal de tiempo, es un gran aliado, peroooo tenemos un amigo m\u00e9dico que ni siquiera lo quiere en casa.<\/div>\n<div>La verdad es que habitualmente, s\u00f3lo lo uso para calentar y descongelar, pero reconozco que es de gran ayuda para quienes no dispon\u00e9is de tiempo y cuando lo utilizo para cocinar los resultados son buenos, pero a mi marido no le gusta&#8230;<\/div>\n<p>No olvid\u00e9is desayunar y tomar frecuentemente un vaso de zumo de naranja, una naranja en gajos o solo cortada en cuartos.<\/p>\n<p>Es el zumo por excelencia en los desayunos.<br \/>\nLas frutas c\u00edtricas, es aconsejable tomar por las ma\u00f1anas. El zumo de naranja si se toma en ayunas, elimina sustancias t\u00f3xicas y nos previene contra muchas enfermedades, he sabido por propia experiencia, que es de gran ayuda en los enfermos de c\u00e1ncer, ya que ayuda a eliminar los restos de t\u00f3xicos, cuando se \u00a0recibe tratamiento de\u00a0 radio y quimioterapia.<\/p>\n<div class=\"separator\" style=\"clear: both; text-align: center;\"><a style=\"margin-left: 1em; margin-right: 1em;\" href=\"http:\/\/4.bp.blogspot.com\/-3ljfVNfOteg\/Uu1waqKBe7I\/AAAAAAAAFDI\/Yj-frXzFo4g\/s1600\/SAM_4006.JPG\"><img decoding=\"async\" loading=\"lazy\" src=\"https:\/\/elcalaixetdelaiaia.es\/wp-content\/uploads\/2014\/02\/SAM_4006.jpg\" width=\"480\" height=\"640\" border=\"0\" \/><\/a><\/div>\n<p>No obstante, las naranjas forman parte de un gran n\u00famero de preparaciones y recetas tradicionales en Espa\u00f1a y otros pa\u00edses, es una de las frutas m\u00e1s populares y saludables del mundo. Tiene un alto contenido de vitamina C. Su sabor, especialmente de algunas variedades es realmente soberbio por su acidez y dulzura, me \u00abrecontraencanta la taronja\u00bb es mi fruta preferida.<\/p>\n<div>\n<div style=\"text-align: center;\"><img decoding=\"async\" loading=\"lazy\" src=\"https:\/\/images-blogger-opensocial.googleusercontent.com\/gadgets\/proxy?url=http%3A%2F%2F4.bp.blogspot.com%2F-fcNC-VFnlc4%2FUuPvYnpG3jI%2FAAAAAAAAEzc%2FRKZxjhCRf0g%2Fs1600%2FSAM_4360.JPG&amp;container=blogger&amp;gadget=a&amp;rewriteMime=image%2F*\" width=\"640\" height=\"480\" \/><\/div>\n<div><\/div>\n<div>Si lo consider\u00e1is demasiado cal\u00f3rico, pod\u00e9is suprimir el chocolate y sustituir el az\u00facar por sacarina apta para hornear.<\/div>\n<div><\/div>\n<div>Necesitaremos;<\/div>\n<div><\/div>\n<div>\n<div class=\"separator\" style=\"clear: both; text-align: center;\"><a style=\"margin-left: 1em; margin-right: 1em;\" href=\"http:\/\/2.bp.blogspot.com\/-IFi3q5bsS0Q\/Uu4S1pJ8tkI\/AAAAAAAAFDo\/RtUVO8yOkew\/s1600\/SAM_4010.JPG\"><img decoding=\"async\" loading=\"lazy\" src=\"https:\/\/elcalaixetdelaiaia.es\/wp-content\/uploads\/2014\/02\/SAM_4010.jpg\" width=\"640\" height=\"480\" border=\"0\" \/><\/a><\/div>\n<\/div>\n<div>\n<ol>\n<li>Un yogur blanco<\/li>\n<li>150 g de harina<\/li>\n<li>Un sobre de levadura<\/li>\n<li>160g de az\u00facar<\/li>\n<li>120 ml. de aceite de girasol<\/li>\n<li>100 ml de zumo de naranja<\/li>\n<li>La ralladura de una naranja<\/li>\n<li>3 huevos<\/li>\n<li>Az\u00facar glas<\/li>\n<li>Margarina \u00a0para untar el molde<\/li>\n<li>150g de chocolate fondant<\/li>\n<li>30 g de mantequilla<\/li>\n<\/ol>\n<\/div>\n<div style=\"text-align: center;\">\n<div class=\"separator\" style=\"clear: both;\"><a style=\"margin-left: 1em; margin-right: 1em;\" href=\"http:\/\/2.bp.blogspot.com\/-Ea_miqDVxxM\/Uu4S1by6VUI\/AAAAAAAAFDk\/zumbxohs9Mc\/s1600\/SAM_4011.JPG\"><img decoding=\"async\" loading=\"lazy\" class=\"\" src=\"https:\/\/elcalaixetdelaiaia.es\/wp-content\/uploads\/2014\/02\/SAM_4011.jpg\" width=\"652\" height=\"489\" border=\"0\" \/><\/a><\/div>\n<\/div>\n<div><\/div>\n<div style=\"text-align: center;\">Batimos los huevos con el az\u00facar<\/div>\n<div><\/div>\n<div style=\"text-align: center;\">\n<div class=\"separator\" style=\"clear: both;\"><a style=\"margin-left: 1em; margin-right: 1em;\" href=\"http:\/\/3.bp.blogspot.com\/-s_DXi1gG7JA\/Uu4TFkd7tdI\/AAAAAAAAFEE\/SNcD-KfHKHY\/s1600\/SAM_4015.JPG\"><img decoding=\"async\" loading=\"lazy\" src=\"https:\/\/elcalaixetdelaiaia.es\/wp-content\/uploads\/2014\/02\/SAM_4015.jpg\" width=\"480\" height=\"640\" border=\"0\" \/><\/a><\/div>\n<\/div>\n<div><\/div>\n<div style=\"text-align: center;\">Preparamos el zumo y rallamos la naranja<\/div>\n<div><\/div>\n<div style=\"text-align: center;\">\n<div class=\"separator\" style=\"clear: both;\"><a style=\"margin-left: 1em; margin-right: 1em;\" href=\"http:\/\/4.bp.blogspot.com\/-vVLHrmirkSo\/Uu4TFSpYnPI\/AAAAAAAAFEA\/RgTt5K0NWS8\/s1600\/SAM_4016.JPG\"><img decoding=\"async\" loading=\"lazy\" src=\"https:\/\/elcalaixetdelaiaia.es\/wp-content\/uploads\/2014\/02\/SAM_4016.jpg\" width=\"640\" height=\"480\" border=\"0\" \/><\/a><\/div>\n<\/div>\n<div><\/div>\n<div style=\"text-align: center;\">incorporamos el yogur a los huevos con el az\u00facar y seguimos batiendo<\/div>\n<div><\/div>\n<div style=\"text-align: center;\">\n<div class=\"separator\" style=\"clear: both;\"><a style=\"margin-left: 1em; margin-right: 1em;\" href=\"http:\/\/1.bp.blogspot.com\/-iPl1VoEhanc\/Uu4TIISFeCI\/AAAAAAAAFEQ\/U2g8ja2gx14\/s1600\/SAM_4017.JPG\"><img decoding=\"async\" loading=\"lazy\" src=\"https:\/\/elcalaixetdelaiaia.es\/wp-content\/uploads\/2014\/02\/SAM_4017.jpg\" width=\"640\" height=\"480\" border=\"0\" \/><\/a><\/div>\n<\/div>\n<div><\/div>\n<div style=\"text-align: center;\">ahora la harina y la levadura<\/div>\n<div><\/div>\n<div style=\"text-align: center;\">\n<div class=\"separator\" style=\"clear: both;\"><a style=\"margin-left: 1em; margin-right: 1em;\" href=\"http:\/\/4.bp.blogspot.com\/-ipnDTT_UgPs\/Uu4TI4xmZTI\/AAAAAAAAFEY\/JIzsnSPt9nY\/s1600\/SAM_4018.JPG\"><img decoding=\"async\" loading=\"lazy\" src=\"https:\/\/elcalaixetdelaiaia.es\/wp-content\/uploads\/2014\/02\/SAM_4018.jpg\" width=\"640\" height=\"480\" border=\"0\" \/><\/a><\/div>\n<p>el aceite<\/p>\n<\/div>\n<div style=\"text-align: center;\">\n<div class=\"separator\" style=\"clear: both;\"><a style=\"margin-left: 1em; margin-right: 1em;\" href=\"http:\/\/2.bp.blogspot.com\/-XMuA9A1XQzo\/Uu4S1x4PJ_I\/AAAAAAAAFDs\/yUDAxHh8fUw\/s1600\/SAM_4012.JPG\"><img decoding=\"async\" loading=\"lazy\" src=\"https:\/\/elcalaixetdelaiaia.es\/wp-content\/uploads\/2014\/02\/SAM_4012.jpg\" width=\"640\" height=\"480\" border=\"0\" \/><\/a><\/div>\n<\/div>\n<div><\/div>\n<div style=\"text-align: center;\">el zumo y la ralladura&#8230;que bien hueleeeee!<\/div>\n<div><\/div>\n<div style=\"text-align: center;\">\n<div class=\"separator\" style=\"clear: both;\"><a style=\"margin-left: 1em; margin-right: 1em;\" href=\"http:\/\/2.bp.blogspot.com\/-VXW6DcJZTS0\/Uu4TJZazKLI\/AAAAAAAAFEc\/PmHzlr7OObA\/s1600\/SAM_4019.JPG\"><img decoding=\"async\" loading=\"lazy\" src=\"https:\/\/elcalaixetdelaiaia.es\/wp-content\/uploads\/2014\/02\/SAM_4019.jpg\" width=\"480\" height=\"640\" border=\"0\" \/><\/a><\/div>\n<\/div>\n<div><\/div>\n<div style=\"text-align: center;\">Trocear el chocolate<\/div>\n<div style=\"text-align: center;\"><\/div>\n<div class=\"separator\" style=\"clear: both; text-align: center;\"><a style=\"margin-left: 1em; margin-right: 1em;\" href=\"http:\/\/1.bp.blogspot.com\/-ooCVqOS1Bj0\/Uu4TLoRAVJI\/AAAAAAAAFEk\/ePvPZQrCIKY\/s1600\/SAM_4020.JPG\"><img decoding=\"async\" loading=\"lazy\" src=\"https:\/\/elcalaixetdelaiaia.es\/wp-content\/uploads\/2014\/02\/SAM_4020.jpg\" width=\"480\" height=\"640\" border=\"0\" \/><\/a><\/div>\n<div style=\"text-align: center;\"><\/div>\n<div style=\"text-align: center;\">\u00a0ponerlo en un recipiente con la mantequilla\u00a0y una cucharada de agua, taparlo con papel film, pincharlo<\/div>\n<div style=\"text-align: center;\"><\/div>\n<div class=\"separator\" style=\"clear: both; text-align: center;\"><a style=\"margin-left: 1em; margin-right: 1em;\" href=\"http:\/\/1.bp.blogspot.com\/-Sc1BOhWhLQg\/Uu4TM-FZZKI\/AAAAAAAAFEw\/TD9XNZlFQvU\/s1600\/SAM_4022.JPG\"><img decoding=\"async\" loading=\"lazy\" src=\"https:\/\/elcalaixetdelaiaia.es\/wp-content\/uploads\/2014\/02\/SAM_4022.jpg\" width=\"640\" height=\"480\" border=\"0\" \/><\/a><\/div>\n<div style=\"text-align: center;\"><\/div>\n<div style=\"text-align: center;\">\u00a0y fundirlo en el microondas durante 1-2 minutos al 50% de potencia.<\/div>\n<div style=\"text-align: center;\"><\/div>\n<\/div>\n<div style=\"text-align: center;\">\n<div class=\"separator\" style=\"clear: both;\"><a style=\"margin-left: 1em; margin-right: 1em;\" href=\"http:\/\/4.bp.blogspot.com\/-rhc0N-G5Zpw\/Uu4TM5_FR8I\/AAAAAAAAFE0\/t75CVLbwpsg\/s1600\/SAM_4025.JPG\"><img decoding=\"async\" loading=\"lazy\" class=\"\" src=\"https:\/\/elcalaixetdelaiaia.es\/wp-content\/uploads\/2014\/02\/SAM_4025.jpg\" width=\"521\" height=\"695\" border=\"0\" \/><\/a><\/div>\n<p>&nbsp;<\/p>\n<\/div>\n<div style=\"text-align: center;\">Separamos la mitad de la mezcla reservando la otra<\/div>\n<div><\/div>\n<div style=\"text-align: center;\">\n<div class=\"separator\" style=\"clear: both;\"><a style=\"margin-left: 1em; margin-right: 1em;\" href=\"http:\/\/2.bp.blogspot.com\/-95527AqUdpk\/Uu4TNzoaxgI\/AAAAAAAAFE8\/avO0JBYImf8\/s1600\/SAM_4026.JPG\"><img decoding=\"async\" loading=\"lazy\" src=\"https:\/\/elcalaixetdelaiaia.es\/wp-content\/uploads\/2014\/02\/SAM_4026.jpg\" width=\"640\" height=\"480\" border=\"0\" \/><\/a><\/div>\n<\/div>\n<div><\/div>\n<div style=\"text-align: center;\">batimos el chocolate<\/div>\n<div><\/div>\n<div style=\"text-align: center;\">\n<div class=\"separator\" style=\"clear: both;\"><a style=\"margin-left: 1em; margin-right: 1em;\" href=\"http:\/\/1.bp.blogspot.com\/-K53jC20LQio\/Uu4TQAmtZKI\/AAAAAAAAFFI\/mKr561y76ZY\/s1600\/SAM_4027.JPG\"><img decoding=\"async\" loading=\"lazy\" src=\"https:\/\/elcalaixetdelaiaia.es\/wp-content\/uploads\/2014\/02\/SAM_4027.jpg\" width=\"640\" height=\"480\" border=\"0\" \/><\/a><\/div>\n<\/div>\n<div><\/div>\n<div style=\"text-align: center;\">y lo a\u00f1adimos a una de las mezclas<\/div>\n<div><\/div>\n<div style=\"text-align: center;\">\n<div>\n<div class=\"separator\" style=\"clear: both;\"><a style=\"margin-left: 1em; margin-right: 1em;\" href=\"http:\/\/1.bp.blogspot.com\/-j_e2BPBSd6o\/Uu4TQYbcy0I\/AAAAAAAAFFM\/WMVezJ5K64I\/s1600\/SAM_4029.JPG\"><img decoding=\"async\" loading=\"lazy\" src=\"https:\/\/elcalaixetdelaiaia.es\/wp-content\/uploads\/2014\/02\/SAM_4029.jpg\" width=\"640\" height=\"480\" border=\"0\" \/><\/a><\/div>\n<p>batiendo en\u00e9rgticamente<\/p>\n<div class=\"separator\" style=\"clear: both;\"><a style=\"margin-left: 1em; margin-right: 1em;\" href=\"http:\/\/1.bp.blogspot.com\/-n5yOm7VeaBQ\/Uu4TRLzZM4I\/AAAAAAAAFFU\/lWAMWdiIt6k\/s1600\/SAM_4030.JPG\"><img decoding=\"async\" loading=\"lazy\" src=\"https:\/\/elcalaixetdelaiaia.es\/wp-content\/uploads\/2014\/02\/SAM_4030.jpg\" width=\"640\" height=\"480\" border=\"0\" \/><\/a><\/div>\n<\/div>\n<p>Preparamos un molde apto para microondas, y lo engrasamos sea de cristal o no, con un poquito de margarina, os recomiendo que bajo del molde, pong\u00e1is el plato del microondas si us\u00e1is molde de silicona<\/p>\n<\/div>\n<div style=\"text-align: center;\"><\/div>\n<div style=\"text-align: center;\">\n<div class=\"separator\" style=\"clear: both;\"><a style=\"margin-left: 1em; margin-right: 1em;\" href=\"http:\/\/3.bp.blogspot.com\/-2ThMBS3Ce14\/Uu4TU0An6PI\/AAAAAAAAFFo\/G1_BbPEiiOo\/s1600\/SAM_4031.JPG\"><img decoding=\"async\" loading=\"lazy\" src=\"https:\/\/elcalaixetdelaiaia.es\/wp-content\/uploads\/2014\/02\/SAM_4031.jpg\" width=\"640\" height=\"480\" border=\"0\" \/><\/a><\/div>\n<\/div>\n<div><\/div>\n<div style=\"text-align: center;\">y espolvoreamos con una pizca de harina, para facilitar el desmoldado, es importante que el molde sea de corona para que no se os quede crudo en el centro.<\/div>\n<div><\/div>\n<div style=\"text-align: center;\">\n<div class=\"separator\" style=\"clear: both;\"><a style=\"margin-left: 1em; margin-right: 1em;\" href=\"http:\/\/2.bp.blogspot.com\/-yfylBXZbgG0\/Uu4TUZzIjUI\/AAAAAAAAFFc\/C3jM--mS_go\/s1600\/SAM_4032.JPG\"><img decoding=\"async\" loading=\"lazy\" src=\"https:\/\/elcalaixetdelaiaia.es\/wp-content\/uploads\/2014\/02\/SAM_4032.jpg\" width=\"640\" height=\"480\" border=\"0\" \/><\/a><\/div>\n<\/div>\n<div style=\"text-align: center;\"><\/div>\n<div style=\"text-align: center;\">Y ahora, para hacer un marmolado, vamos vertiendo en el molde las dos mezclas por capas<\/div>\n<div><\/div>\n<div style=\"text-align: center;\">\n<div class=\"separator\" style=\"clear: both;\"><a style=\"margin-left: 1em; margin-right: 1em;\" href=\"http:\/\/3.bp.blogspot.com\/-AtUQpWoCbTM\/Uu4TVNbRYzI\/AAAAAAAAFFs\/BgLgoLwMhmA\/s1600\/SAM_4033.JPG\"><img decoding=\"async\" loading=\"lazy\" src=\"https:\/\/elcalaixetdelaiaia.es\/wp-content\/uploads\/2014\/02\/SAM_4033.jpg\" width=\"640\" height=\"480\" border=\"0\" \/><\/a><\/div>\n<\/div>\n<div><\/div>\n<div style=\"text-align: center;\">empiezo con la de naranja,<\/div>\n<div><\/div>\n<div style=\"text-align: center;\">\n<div class=\"separator\" style=\"clear: both;\"><a style=\"margin-left: 1em; margin-right: 1em;\" href=\"http:\/\/1.bp.blogspot.com\/-cixoWbDIlwQ\/Uu4TWqpT2KI\/AAAAAAAAFF0\/kFX4ShNd8dc\/s1600\/SAM_4034.JPG\"><img decoding=\"async\" loading=\"lazy\" src=\"https:\/\/elcalaixetdelaiaia.es\/wp-content\/uploads\/2014\/02\/SAM_4034.jpg\" width=\"640\" height=\"480\" border=\"0\" \/><\/a><\/div>\n<\/div>\n<div><\/div>\n<div style=\"text-align: center;\">\u00a0 y sigo con la de chocolate<\/div>\n<div><\/div>\n<div style=\"text-align: center;\">\n<div class=\"separator\" style=\"clear: both;\"><a style=\"margin-left: 1em; margin-right: 1em;\" href=\"http:\/\/1.bp.blogspot.com\/-OpWWqV-SPZc\/Uu4TZJawozI\/AAAAAAAAFGE\/eaPFae-aAAQ\/s1600\/SAM_4035.JPG\"><img decoding=\"async\" loading=\"lazy\" src=\"https:\/\/elcalaixetdelaiaia.es\/wp-content\/uploads\/2014\/02\/SAM_4035.jpg\" width=\"480\" height=\"640\" border=\"0\" \/><\/a><\/div>\n<p>hasta terminar la mezcla<\/p>\n<div class=\"separator\" style=\"clear: both;\"><a style=\"margin-left: 1em; margin-right: 1em;\" href=\"http:\/\/3.bp.blogspot.com\/-FbzX_xjkfvI\/Uu4TYyZsgvI\/AAAAAAAAFGA\/CJ_UELsKIOw\/s1600\/SAM_4037.JPG\"><img decoding=\"async\" loading=\"lazy\" src=\"https:\/\/elcalaixetdelaiaia.es\/wp-content\/uploads\/2014\/02\/SAM_4037.jpg\" width=\"640\" height=\"480\" border=\"0\" \/><\/a><\/div>\n<\/div>\n<div><\/div>\n<div style=\"text-align: center;\">si hemos tenido la precauci\u00f3n de poner el plato del micro, nos facilitar\u00e1 la tarea de llevarlo sin que peligre la masa preparada<\/div>\n<div><\/div>\n<div style=\"text-align: center;\">\n<div class=\"separator\" style=\"clear: both;\"><a style=\"margin-left: 1em; margin-right: 1em;\" href=\"http:\/\/1.bp.blogspot.com\/-bqgyM7naSx0\/Uu4TZ0KRdHI\/AAAAAAAAFGM\/nr1ehX4gjvI\/s1600\/SAM_4041.JPG\"><img decoding=\"async\" loading=\"lazy\" src=\"https:\/\/elcalaixetdelaiaia.es\/wp-content\/uploads\/2014\/02\/SAM_4041.jpg\" width=\"640\" height=\"480\" border=\"0\" \/><\/a><\/div>\n<\/div>\n<div><\/div>\n<div style=\"text-align: center;\">10 minutos a unos 800\/900 W<\/div>\n<div><\/div>\n<div style=\"text-align: center;\">\n<div class=\"separator\" style=\"clear: both;\"><a style=\"margin-left: 1em; margin-right: 1em;\" href=\"http:\/\/3.bp.blogspot.com\/-F-HhjQhzMtE\/Uu4Tc53gFXI\/AAAAAAAAFGc\/6kYZEGDywfM\/s1600\/SAM_4043.JPG\"><img decoding=\"async\" loading=\"lazy\" src=\"https:\/\/elcalaixetdelaiaia.es\/wp-content\/uploads\/2014\/02\/SAM_4043.jpg\" width=\"640\" height=\"480\" border=\"0\" \/><\/a><\/div>\n<\/div>\n<div><\/div>\n<div style=\"text-align: center;\">y dejamos unos 5 minutos dentro del micro<\/div>\n<div><\/div>\n<div style=\"text-align: center;\">\n<div class=\"separator\" style=\"clear: both;\"><a style=\"margin-left: 1em; margin-right: 1em;\" href=\"http:\/\/1.bp.blogspot.com\/-f7t0kkaSfsA\/Uu4TdODaTcI\/AAAAAAAAFGg\/kfya8Ngy7B8\/s1600\/SAM_4047.JPG\"><img decoding=\"async\" loading=\"lazy\" src=\"https:\/\/elcalaixetdelaiaia.es\/wp-content\/uploads\/2014\/02\/SAM_4047.jpg\" width=\"640\" height=\"480\" border=\"0\" \/><\/a><\/div>\n<\/div>\n<div><\/div>\n<div style=\"text-align: center;\">desmoldamos y dejamos enfriar sobre la rejilla<\/div>\n<div><\/div>\n<div style=\"text-align: center;\">\n<div class=\"separator\" style=\"clear: both;\"><a style=\"margin-left: 1em; margin-right: 1em;\" href=\"http:\/\/1.bp.blogspot.com\/-PUiCLfd8C-Y\/Uu4TdXRQwEI\/AAAAAAAAFGk\/a8ZHZ66f3z4\/s1600\/SAM_4049.JPG\"><img decoding=\"async\" loading=\"lazy\" src=\"https:\/\/elcalaixetdelaiaia.es\/wp-content\/uploads\/2014\/02\/SAM_4049.jpg\" width=\"640\" height=\"480\" border=\"0\" \/><\/a><\/div>\n<\/div>\n<div><\/div>\n<div style=\"text-align: center;\">espolvoreamos con az\u00facar glass<\/div>\n<div><\/div>\n<div style=\"text-align: center;\">\n<div class=\"separator\" style=\"clear: both;\"><a style=\"margin-left: 1em; margin-right: 1em;\" href=\"http:\/\/4.bp.blogspot.com\/-i2vTUJTxPqc\/Uu4TfnoRiBI\/AAAAAAAAFGs\/_eC8G2fkMGQ\/s1600\/SAM_4050.JPG\"><img decoding=\"async\" loading=\"lazy\" src=\"https:\/\/elcalaixetdelaiaia.es\/wp-content\/uploads\/2014\/02\/SAM_4050.jpg\" width=\"640\" height=\"480\" border=\"0\" \/><\/a><\/div>\n<p>y decoramos seg\u00fan nos apetezca, obviamente, la decoraci\u00f3n de hoy no se come&#8230; y he de confesar que ha sido un fallo ponerla, ya que no suelo poner cosas en mis recetas, que no sean comestibles,<\/p>\n<div class=\"separator\" style=\"clear: both;\"><a style=\"margin-left: 1em; margin-right: 1em;\" href=\"http:\/\/4.bp.blogspot.com\/-i4ZatauQBOk\/Uu4TgyEghLI\/AAAAAAAAFG8\/idy489XhJAY\/s1600\/SAM_4051.JPG\"><img decoding=\"async\" loading=\"lazy\" src=\"https:\/\/elcalaixetdelaiaia.es\/wp-content\/uploads\/2014\/02\/SAM_4051.jpg\" width=\"480\" height=\"640\" border=\"0\" \/><\/a><\/div>\n<\/div>\n<div><\/div>\n<div style=\"text-align: center;\">y a disfrutar de una rica merienda con vitamina C.<\/div>\n<div><\/div>\n<div style=\"text-align: center;\">\n<div class=\"separator\" style=\"clear: both;\"><a style=\"margin-left: 1em; margin-right: 1em;\" href=\"http:\/\/3.bp.blogspot.com\/-M4gm_Y19dSg\/Uu4Tg1QAnZI\/AAAAAAAAFG4\/eyDWw4RmtUE\/s1600\/SAM_4052.JPG\"><img decoding=\"async\" loading=\"lazy\" src=\"https:\/\/elcalaixetdelaiaia.es\/wp-content\/uploads\/2014\/02\/SAM_4052.jpg\" width=\"640\" height=\"460\" border=\"0\" \/><\/a><\/div>\n<\/div>\n<div><\/div>\n<div style=\"text-align: center;\">o un buen desayuno, a la taula i &#8230;&#8230;.BON PROFIT!!!<\/div>\n<div style=\"text-align: center;\">Si te gusta mi receta, puedes compartirla para que llegue a m\u00e1s gente.<br \/>\nEspero tus comentarios y recuerda que tambi\u00e9n estoy en Facebook\u00a0<a href=\"https:\/\/www.facebook.com\/El-calaixet-de-la-iaia-533062140099386\/\">https:\/\/www.facebook.com\/El-calaixet-de-la-iaia-533062140099386\/\u00a0<\/a><\/div>\n<\/div>\n","protected":false},"excerpt":{"rendered":"<p>\u00abRefrany; Si la Candelera plora l\u2019hivern est\u00e1 fora ,si la Candelera riu, l&#8217;hivern \u00e9s viu. Tant si plora com si riu, ja ve l\u2019estiu. Tant si plora com si deixa de plorar, quaranta dies d\u2019hivern ens queden per passar.\u00bb Si la Candelaria llora el invierno est\u00e1 fuera, si la Candelaria &hellip; <\/p>\n","protected":false},"author":2,"featured_media":12392,"comment_status":"open","ping_status":"open","sticky":false,"template":"","format":"standard","meta":[],"categories":[6,1],"tags":[],"_links":{"self":[{"href":"https:\/\/elcalaixetdelaiaia.es\/index.php?rest_route=\/wp\/v2\/posts\/1039"}],"collection":[{"href":"https:\/\/elcalaixetdelaiaia.es\/index.php?rest_route=\/wp\/v2\/posts"}],"about":[{"href":"https:\/\/elcalaixetdelaiaia.es\/index.php?rest_route=\/wp\/v2\/types\/post"}],"author":[{"embeddable":true,"href":"https:\/\/elcalaixetdelaiaia.es\/index.php?rest_route=\/wp\/v2\/users\/2"}],"replies":[{"embeddable":true,"href":"https:\/\/elcalaixetdelaiaia.es\/index.php?rest_route=%2Fwp%2Fv2%2Fcomments&post=1039"}],"version-history":[{"count":9,"href":"https:\/\/elcalaixetdelaiaia.es\/index.php?rest_route=\/wp\/v2\/posts\/1039\/revisions"}],"predecessor-version":[{"id":24297,"href":"https:\/\/elcalaixetdelaiaia.es\/index.php?rest_route=\/wp\/v2\/posts\/1039\/revisions\/24297"}],"wp:featuredmedia":[{"embeddable":true,"href":"https:\/\/elcalaixetdelaiaia.es\/index.php?rest_route=\/wp\/v2\/media\/12392"}],"wp:attachment":[{"href":"https:\/\/elcalaixetdelaiaia.es\/index.php?rest_route=%2Fwp%2Fv2%2Fmedia&parent=1039"}],"wp:term":[{"taxonomy":"category","embeddable":true,"href":"https:\/\/elcalaixetdelaiaia.es\/index.php?rest_route=%2Fwp%2Fv2%2Fcategories&post=1039"},{"taxonomy":"post_tag","embeddable":true,"href":"https:\/\/elcalaixetdelaiaia.es\/index.php?rest_route=%2Fwp%2Fv2%2Ftags&post=1039"}],"curies":[{"name":"wp","href":"https:\/\/api.w.org\/{rel}","templated":true}]}}