{"id":1021,"date":"2014-02-10T07:27:00","date_gmt":"2014-02-10T07:27:00","guid":{"rendered":"http:\/\/elcalaixetdelaiaia.es\/coques-de-sagi-al-ganchillo-tortas-de"},"modified":"2018-11-06T17:02:38","modified_gmt":"2018-11-06T17:02:38","slug":"coques-de-sagi-al-ganchillo-tortas-de","status":"publish","type":"post","link":"https:\/\/elcalaixetdelaiaia.es\/?p=1021","title":{"rendered":"Coques de sag\u00ed al ganchillo. Tortas de manteca. paso a paso foto a foto"},"content":{"rendered":"<div style=\"text-align: left\">\u00abA millor aliment, millor pensament.\u00bb A mejor alimento, mejor pensamiento.<\/div>\n<div style=\"text-align: left\">Mis raices son La Safor, (exactamente La Font d&#8217;En Carr\u00f2s) el Cabanyal y el Grau, y hay recetas que curiosamente son t\u00edpicas en los tres sitios, sencillamente porque son valencianas, cada cociner@ le da su toque particular.La cocina mediterr\u00e1na es amplia rica y maravillosa en su totalidad.<\/div>\n<div style=\"text-align: left\">Esto es lo que ocurre con la que os traigo hoy. Una antigua receta de \u00e1mbas iaias que me encanta cocinar, aunque con mi toque personal en la elaboraci\u00f3n, ya que se me ocurri\u00f3 comprar un rodillo para dar relieve a la masa, pero en vista de los precios, en la misma tienda y con el rodillo en la mano, record\u00e9 una tarde jugando con plastilina con mi nieta y tuve una idea.<\/div>\n<div style=\"text-align: left\">As\u00ed que en cuanto llegu\u00e9 a casa busque en los cajones los tapetes que hice de jovencita, junto a mi iaia Conxeta que aparte de bolillera, era una ganchillera maravillosa, los lav\u00e9 con jab\u00f3n casero de la abuela, cuyo paso a paso pod\u00e9is ver pinchando aqu\u00ed <a href=\"https:\/\/elcalaixetdelaiaia.es\/?p=247\">Como hacer jab\u00f3n casero con aceite usado paso a paso<\/a> y me dispuse a hacer la prueba.<\/div>\n<div class=\"separator\" style=\"clear: both; text-align: center\"><a href=\"http:\/\/2.bp.blogspot.com\/-BMmOxjuoOS0\/UvgJH4Z1aTI\/AAAAAAAAFkw\/vJP7r9UDOBk\/s1600\/SAM_4774.JPG\" imageanchor=\"1\" style=\"margin-left: 1em; margin-right: 1em\"><img decoding=\"async\" loading=\"lazy\" src=\"https:\/\/elcalaixetdelaiaia.es\/wp-content\/uploads\/2014\/02\/SAM_4774.jpg\" width=\"640\" border=\"0\" height=\"480\"><\/a><\/div>\n<div class=\"separator\" style=\"clear: both; text-align: center\">Aqu\u00ed est\u00e1n los resultados, para la siguiente, ya tengo otras ideas. Por supuesto que si no ten\u00e9is tapetitos, pod\u00e9is usar cualquier tipo de molde para galletitas o un simple vaso o taza.<\/div>\n<div style=\"text-align: left\">Necesitaremos;<\/div>\n<div class=\"separator\" style=\"clear: both; text-align: center\"><a href=\"http:\/\/1.bp.blogspot.com\/-jYK_LnFbkmE\/UvgI4Q7pWwI\/AAAAAAAAFi0\/JMW_NBtL_JI\/s1600\/SAM_4741.JPG\" imageanchor=\"1\" style=\"margin-left: 1em; margin-right: 1em\"><img decoding=\"async\" loading=\"lazy\" src=\"https:\/\/elcalaixetdelaiaia.es\/wp-content\/uploads\/2014\/02\/SAM_4741.jpg\" width=\"480\" border=\"0\" height=\"640\"><\/a><\/div>\n<ol>\n<li>Obleas que nosotros llamamos neules<\/li>\n<li>350 g de harina<\/li>\n<li>200 g de manteca de cerdo<\/li>\n<li>175 gramos de az\u00facar (mas un poco para espolvorear)<\/li>\n<li>4 Huevos<\/li>\n<li>La ralladura de un lim\u00f3n<\/li>\n<li>Canela molida<\/li>\n<li>Tapetes de ganchillo o crochet<\/li>\n<\/ol>\n<div class=\"separator\" style=\"clear: both; text-align: center\"><a href=\"http:\/\/3.bp.blogspot.com\/-5HAq98jN1bg\/UvgI4XKwTFI\/AAAAAAAAFi8\/tffVottkaFM\/s1600\/SAM_4749.JPG\" imageanchor=\"1\" style=\"margin-left: 1em; margin-right: 1em\"><img decoding=\"async\" loading=\"lazy\" src=\"https:\/\/elcalaixetdelaiaia.es\/wp-content\/uploads\/2014\/02\/SAM_4749.jpg\" width=\"640\" border=\"0\" height=\"480\"><\/a><\/div>\n<div style=\"text-align: center\">Comenzamos batiendo los huevos<\/div>\n<div class=\"separator\" style=\"clear: both; text-align: center\"><a href=\"http:\/\/3.bp.blogspot.com\/-lHJpAhyJqmU\/UvgI4GDDtwI\/AAAAAAAAFi4\/hrYpyeCJxNM\/s1600\/SAM_4750.JPG\" imageanchor=\"1\" style=\"margin-left: 1em; margin-right: 1em\"><img decoding=\"async\" loading=\"lazy\" src=\"https:\/\/elcalaixetdelaiaia.es\/wp-content\/uploads\/2014\/02\/SAM_4750.jpg\" width=\"640\" border=\"0\" height=\"468\"><\/a><\/div>\n<div style=\"text-align: center\">\n<p>a\u00f1adimos la manteca calentada en el micro o al ba\u00f1o mar\u00eda<\/p>\n<\/div>\n<div class=\"separator\" style=\"clear: both; text-align: center\"><a href=\"http:\/\/3.bp.blogspot.com\/-dxOOz8zYPPg\/UvgI6DyfAZI\/AAAAAAAAFjI\/uXOCKsegHCk\/s1600\/SAM_4751.JPG\" imageanchor=\"1\" style=\"margin-left: 1em; margin-right: 1em\"><img decoding=\"async\" loading=\"lazy\" src=\"https:\/\/elcalaixetdelaiaia.es\/wp-content\/uploads\/2014\/02\/SAM_4751.jpg\" width=\"480\" border=\"0\" height=\"640\"><\/a><\/div>\n<div style=\"text-align: center\">echamos al bol 350g de harina y batimos<\/div>\n<div class=\"separator\" style=\"clear: both; text-align: center\"><a href=\"http:\/\/2.bp.blogspot.com\/-gCzRDqGZo2s\/UvgI8f68FKI\/AAAAAAAAFjY\/PjCfpXD1lGo\/s1600\/SAM_4752.JPG\" imageanchor=\"1\" style=\"margin-left: 1em; margin-right: 1em\"><img decoding=\"async\" loading=\"lazy\" src=\"https:\/\/elcalaixetdelaiaia.es\/wp-content\/uploads\/2014\/02\/SAM_4752.jpg\" width=\"640\" border=\"0\" height=\"480\"><\/a><\/div>\n<div style=\"text-align: center\">ahora es cuando ponemos los 175 g de az\u00facar, lo habitual es batir el az\u00facar con los huevos, pero mi iaia lo hac\u00eda as\u00ed, y as\u00ed lo hago yo<\/div>\n<div class=\"separator\" style=\"clear: both; text-align: center\"><a href=\"http:\/\/2.bp.blogspot.com\/-MXKNr_vcSBc\/UvgI8XC_O6I\/AAAAAAAAFjc\/DRYbwC1GdJQ\/s1600\/SAM_4753.JPG\" imageanchor=\"1\" style=\"margin-left: 1em; margin-right: 1em\"><img decoding=\"async\" loading=\"lazy\" src=\"https:\/\/elcalaixetdelaiaia.es\/wp-content\/uploads\/2014\/02\/SAM_4753.jpg\" width=\"640\" border=\"0\" height=\"480\"><\/a><\/div>\n<div style=\"text-align: center\">\n<p>Rallamos la piel de un lim\u00f3n pero con cuidado de evitar la parte blanca porque amarga. Mezclamos, tapamos con papel film y ponemos en el frigo unos 40 minutos.<\/p>\n<\/div>\n<div class=\"separator\" style=\"clear: both; text-align: center\"><a href=\"http:\/\/2.bp.blogspot.com\/-_q4G_o2uR-0\/UvgI847AiqI\/AAAAAAAAFjg\/38AN8a3OxKg\/s1600\/SAM_4755.JPG\" imageanchor=\"1\" style=\"margin-left: 1em; margin-right: 1em\"><img decoding=\"async\" loading=\"lazy\" src=\"https:\/\/elcalaixetdelaiaia.es\/wp-content\/uploads\/2014\/02\/SAM_4755.jpg\" width=\"480\" border=\"0\" height=\"640\"><\/a><\/div>\n<div style=\"text-align: center\">Pasado \u00e9ste tiempo, lo sacamos volcamos la masa sobre el tapete de silicona o si no ten\u00e9is sobre papel sulfurizado (de cocina) a\u00f1adimos la canela, aproximadamente una cucharadita<\/div>\n<div style=\"text-align: center\">\n<div class=\"separator\" style=\"clear: both; font-size: 14px; line-height: 18px\"><a href=\"http:\/\/4.bp.blogspot.com\/-N85XNDin1Yw\/UvgI-TSU04I\/AAAAAAAAFjo\/DvAgHcuF1ug\/s1600\/SAM_4756.JPG\" imageanchor=\"1\" style=\"margin-left: 1em; margin-right: 1em\"><img decoding=\"async\" loading=\"lazy\" src=\"https:\/\/elcalaixetdelaiaia.es\/wp-content\/uploads\/2014\/02\/SAM_4756.jpg\" width=\"640\" border=\"0\" height=\"474\"><\/a><\/div>\n<p>amasamos con el rodillo, y partimos en cuatro partes,<\/p>\n<div class=\"separator\" style=\"clear: both; font-size: 14px; line-height: 18px\"><a href=\"http:\/\/3.bp.blogspot.com\/-LOKKitRNeOw\/UvgJAZLPI9I\/AAAAAAAAFj0\/T-aMt8Ujt1g\/s1600\/SAM_4757.JPG\" imageanchor=\"1\" style=\"margin-left: 1em; margin-right: 1em\"><img decoding=\"async\" loading=\"lazy\" src=\"https:\/\/elcalaixetdelaiaia.es\/wp-content\/uploads\/2014\/02\/SAM_4757.jpg\" width=\"640\" border=\"0\" height=\"480\"><\/a><\/div>\n<p>una de ellas la colocaremos sobre una oblea \u00ab\u00f1eula\u00bb y aplanamos con la mano, dejando una coqueta de unos dos cm. de alto porque en el siguiente paso se plana bastante<\/p>\n<div class=\"separator\" style=\"clear: both; font-size: 14px; line-height: 18px\"><a href=\"http:\/\/4.bp.blogspot.com\/-wFT075qf9-E\/UvgJAWFkgbI\/AAAAAAAAFj8\/6TgUHixkhcY\/s1600\/SAM_4758.JPG\" imageanchor=\"1\" style=\"margin-left: 1em; margin-right: 1em\"><img decoding=\"async\" loading=\"lazy\" src=\"https:\/\/elcalaixetdelaiaia.es\/wp-content\/uploads\/2014\/02\/SAM_4758.jpg\" width=\"640\" border=\"0\" height=\"480\"><\/a><\/div>\n<p>l@s que no sois ganchiller@s no sab\u00e9is que hay un derecho y un rev\u00e9s, la parte del derecho tiene las puntaditas empinadas hacia arriba. Bueno, pues esa es la parte que pondremos sobre la masa<\/p>\n<div class=\"separator\" style=\"clear: both; font-size: 14px; line-height: 18px\"><img decoding=\"async\" loading=\"lazy\" src=\"https:\/\/elcalaixetdelaiaia.es\/wp-content\/uploads\/2014\/02\/SAM_4759.jpg\" width=\"640\" border=\"0\" height=\"480\"><\/div>\n<p>y presionaremos bien sobre la masa con el rodillo o con la mano, nos quedar\u00e1 como de 1 cm de alto<\/p>\n<div class=\"separator\" style=\"clear: both; font-size: 14px; line-height: 18px\"><a href=\"http:\/\/2.bp.blogspot.com\/-94Wi0y9uwSM\/UvgJC4JDN_I\/AAAAAAAAFkI\/G0yQbdubt7Q\/s1600\/SAM_4760.JPG\" imageanchor=\"1\" style=\"margin-left: 1em; margin-right: 1em\"><img decoding=\"async\" loading=\"lazy\" src=\"https:\/\/elcalaixetdelaiaia.es\/wp-content\/uploads\/2014\/02\/SAM_4760.jpg\" width=\"640\" border=\"0\" height=\"480\"><\/a><\/div>\n<p>con el cortapasta retiramos la masa sobrante<\/p>\n<\/div>\n<div style=\"text-align: center\">\n<div class=\"separator\" style=\"clear: both; font-size: 14px; line-height: 18px; text-align: center\"><img decoding=\"async\" loading=\"lazy\" src=\"https:\/\/elcalaixetdelaiaia.es\/wp-content\/uploads\/2014\/02\/SAM_4761.jpg\" width=\"640\" border=\"0\" height=\"480\"><\/div>\n<p>y probaremos con otros modelos<\/p>\n<div class=\"separator\" style=\"clear: both; font-size: 14px; line-height: 18px; text-align: center\"><a href=\"http:\/\/3.bp.blogspot.com\/-DYK8rQTpeU4\/UvgJEEbS-FI\/AAAAAAAAFkY\/Fs6GPYMydow\/s1600\/SAM_4762.JPG\" imageanchor=\"1\" style=\"margin-left: 1em; margin-right: 1em\"><img decoding=\"async\" loading=\"lazy\" src=\"https:\/\/elcalaixetdelaiaia.es\/wp-content\/uploads\/2014\/02\/SAM_4762.jpg\" width=\"640\" border=\"0\" height=\"472\"><\/a><\/div>\n<p>retiramos el tapete con cuidado<\/p>\n<div class=\"separator\" style=\"clear: both; font-size: 14px; line-height: 18px; text-align: center\"><a href=\"http:\/\/1.bp.blogspot.com\/-K6rZHJbNz-4\/UvgJiMh5KlI\/AAAAAAAAFlI\/Qr1nUSxvn3w\/s1600\/SAM_4768.JPG\" imageanchor=\"1\" style=\"margin-left: 1em; margin-right: 1em\"><img decoding=\"async\" loading=\"lazy\" src=\"https:\/\/elcalaixetdelaiaia.es\/wp-content\/uploads\/2014\/02\/SAM_4768.jpg\" width=\"640\" border=\"0\" height=\"480\"><\/a><\/div>\n<p>pintamos con huevo y espolvoreamos con az\u00facar y canela<\/p>\n<div class=\"separator\" style=\"clear: both; font-size: 14px; line-height: 18px; text-align: center\"><a href=\"http:\/\/4.bp.blogspot.com\/-SvnotUVd5RY\/UvgQePTK9xI\/AAAAAAAAFlg\/i_k5SkwlzMM\/s1600\/SAM_4764.JPG\" imageanchor=\"1\" style=\"margin-left: 1em; margin-right: 1em\"><img decoding=\"async\" loading=\"lazy\" src=\"https:\/\/elcalaixetdelaiaia.es\/wp-content\/uploads\/2014\/02\/SAM_4764.jpg\" width=\"640\" border=\"0\" height=\"480\"><\/a><\/div>\n<p>al horno precalentado a 180\u00ba<\/p>\n<\/div>\n<div style=\"text-align: center\">\n<div class=\"separator\" style=\"clear: both; font-size: 14px; line-height: 18px; text-align: center\"><a href=\"http:\/\/2.bp.blogspot.com\/-GpzCBldwQDc\/UvgJhmutktI\/AAAAAAAAFlE\/izBYO0iwjQ0\/s1600\/SAM_4767.JPG\" imageanchor=\"1\" style=\"margin-left: 1em; margin-right: 1em\"><img decoding=\"async\" loading=\"lazy\" src=\"https:\/\/elcalaixetdelaiaia.es\/wp-content\/uploads\/2014\/02\/SAM_4767.jpg\" width=\"640\" border=\"0\" height=\"488\"><\/a><\/div>\n<div style=\"text-align: center\">yo las tuve 19 minutos, pero cada horno es un mundo, controlad el tiempo en el vuestro<\/div>\n<div class=\"separator\" style=\"clear: both; font-size: 14px; line-height: 18px\"><a href=\"http:\/\/2.bp.blogspot.com\/-CTa-WO_8oBQ\/UvgQeCLvFTI\/AAAAAAAAFlc\/3U-hM_5ieHk\/s1600\/SAM_4770.JPG\" imageanchor=\"1\" style=\"margin-left: 1em; margin-right: 1em\"><img decoding=\"async\" loading=\"lazy\" src=\"https:\/\/elcalaixetdelaiaia.es\/wp-content\/uploads\/2014\/02\/SAM_4770.jpg\" width=\"640\" border=\"0\" height=\"480\"><\/a><\/div>\n<p>dejamos enfriar en las rejillas<\/p>\n<\/div>\n<div style=\"text-align: center\">\n<div class=\"separator\" style=\"clear: both; font-size: 14px; line-height: 18px\"><a href=\"http:\/\/2.bp.blogspot.com\/-70YducdcuSM\/UvgJICa8T8I\/AAAAAAAAFk0\/ldQ9EIX9YbQ\/s1600\/SAM_4779.JPG\" imageanchor=\"1\" style=\"margin-left: 1em; margin-right: 1em\"><img decoding=\"async\" loading=\"lazy\" src=\"https:\/\/elcalaixetdelaiaia.es\/wp-content\/uploads\/2014\/02\/SAM_4779.jpg\" width=\"640\" border=\"0\" height=\"468\"><\/a><\/div>\n<div style=\"text-align: center\">\n<p>y colocamos en la bandeja, ya tenemos nuestras \u00abCoques de sag\u00ed al ganchillo\u00bb<\/p>\n<\/div>\n<p><img decoding=\"async\" src=\"https:\/\/elcalaixetdelaiaia.es\/wp-content\/uploads\/2014\/02\/SAM_4773-a.jpg\" border=\"0\"><\/p>\n<\/div>\n<div style=\"text-align: center\">listo para disfrutarlas con una buena mistelita fresca, muy t\u00edpica entre nosotros y un caf\u00e9 o un \u00abtallaet\u00bb, una horchata&#8230;.. o lo que teng\u00e1is costumbre de tomar ?<\/div>\n<div style=\"text-align: center\">\u00abA la taula i&#8230;..bon profit!!!\u00bb<br \/>\nSi te gusta mi receta, puedes compartirla y clicar en g+1 para que llegue a m\u00e1s gente.<br \/>\nEspero tus comentarios y recuerda que tambi\u00e9n estoy en Facebook\u00a0<a href=\"https:\/\/www.facebook.com\/El-calaixet-de-la-iaia-533062140099386\/\">https:\/\/www.facebook.com\/El-calaixet-de-la-iaia-533062140099386\/<\/a><\/div>\n","protected":false},"excerpt":{"rendered":"<p>\u00abA millor aliment, millor pensament.\u00bb A mejor alimento, mejor pensamiento. Mis raices son La Safor, (exactamente La Font d&#8217;En Carr\u00f2s) el Cabanyal y el Grau, y hay recetas que curiosamente son t\u00edpicas en los tres sitios, sencillamente porque son valencianas, cada cociner@ le da su toque particular.La cocina mediterr\u00e1na es &hellip; <\/p>\n","protected":false},"author":2,"featured_media":12059,"comment_status":"open","ping_status":"open","sticky":false,"template":"","format":"standard","meta":[],"categories":[6,1],"tags":[],"_links":{"self":[{"href":"https:\/\/elcalaixetdelaiaia.es\/index.php?rest_route=\/wp\/v2\/posts\/1021"}],"collection":[{"href":"https:\/\/elcalaixetdelaiaia.es\/index.php?rest_route=\/wp\/v2\/posts"}],"about":[{"href":"https:\/\/elcalaixetdelaiaia.es\/index.php?rest_route=\/wp\/v2\/types\/post"}],"author":[{"embeddable":true,"href":"https:\/\/elcalaixetdelaiaia.es\/index.php?rest_route=\/wp\/v2\/users\/2"}],"replies":[{"embeddable":true,"href":"https:\/\/elcalaixetdelaiaia.es\/index.php?rest_route=%2Fwp%2Fv2%2Fcomments&post=1021"}],"version-history":[{"count":3,"href":"https:\/\/elcalaixetdelaiaia.es\/index.php?rest_route=\/wp\/v2\/posts\/1021\/revisions"}],"predecessor-version":[{"id":18217,"href":"https:\/\/elcalaixetdelaiaia.es\/index.php?rest_route=\/wp\/v2\/posts\/1021\/revisions\/18217"}],"wp:featuredmedia":[{"embeddable":true,"href":"https:\/\/elcalaixetdelaiaia.es\/index.php?rest_route=\/wp\/v2\/media\/12059"}],"wp:attachment":[{"href":"https:\/\/elcalaixetdelaiaia.es\/index.php?rest_route=%2Fwp%2Fv2%2Fmedia&parent=1021"}],"wp:term":[{"taxonomy":"category","embeddable":true,"href":"https:\/\/elcalaixetdelaiaia.es\/index.php?rest_route=%2Fwp%2Fv2%2Fcategories&post=1021"},{"taxonomy":"post_tag","embeddable":true,"href":"https:\/\/elcalaixetdelaiaia.es\/index.php?rest_route=%2Fwp%2Fv2%2Ftags&post=1021"}],"curies":[{"name":"wp","href":"https:\/\/api.w.org\/{rel}","templated":true}]}}