{"id":1019,"date":"2014-02-10T16:28:00","date_gmt":"2014-02-10T16:28:00","guid":{"rendered":"http:\/\/elcalaixetdelaiaia.es\/la-iaia-conxeta"},"modified":"2017-12-08T08:15:10","modified_gmt":"2017-12-08T08:15:10","slug":"la-iaia-conxeta","status":"publish","type":"post","link":"https:\/\/elcalaixetdelaiaia.es\/?p=1019","title":{"rendered":"La iaia Conxeta"},"content":{"rendered":"<p>\u00abRefrany;<br \/>\nEls iaios s\u00f3n els espills dels seus fills i el reflexe dels seus n\u00e9ts\u00bb<\/p>\n<div>Los abuelos son el espejo de sus hijos y el reflejo de sus nietos<\/div>\n<div><\/div>\n<div>Hoy me he ido a contarle mis cosas a LA MARETA, a la Mare de D\u00e9u dels Desamparats<\/div>\n<div><\/div>\n<div class=\"separator\" style=\"clear: both; text-align: center;\"><a style=\"margin-left: 1em; margin-right: 1em;\" href=\"https:\/\/elcalaixetdelaiaia.es\/wp-content\/uploads\/2014\/02\/CAM01900-768x1024.jpg\"><img decoding=\"async\" loading=\"lazy\" src=\"https:\/\/elcalaixetdelaiaia.es\/wp-content\/uploads\/2014\/02\/CAM01900-768x1024.jpg\" width=\"240\" height=\"320\" border=\"0\" \/><\/a><\/div>\n<div><\/div>\n<div>Lo hago muy a menudo, me siento cobijada bajo su manto y mas desde que no tengo a mi madre, no se porque alli me siento mas cerca de ella voy a contarle mentalmente mis penas y mis alegr\u00edas, a pedirle cosas y a darle las gracias, me encuentro tan bien all\u00ed que me inunda una paz interior.<\/div>\n<div><\/div>\n<div class=\"separator\" style=\"clear: both; text-align: center;\"><a style=\"margin-left: 1em; margin-right: 1em;\" href=\"https:\/\/elcalaixetdelaiaia.es\/wp-content\/uploads\/2014\/02\/IMG-20131203-WA0002.jpg\"><img decoding=\"async\" loading=\"lazy\" src=\"https:\/\/elcalaixetdelaiaia.es\/wp-content\/uploads\/2014\/02\/IMG-20131203-WA0002.jpg\" width=\"319\" height=\"320\" border=\"0\" \/><\/a><\/div>\n<div><\/div>\n<div>En cuanto entro en la pla\u00e7a de la Verge, se me alegra el coraz\u00f3n aunque hoy ha sido mas dif\u00edcil que otras veces<\/div>\n<div>Hoy he querido oir misa en memoria de mi iaia Conxeta. 10 de Febero Santa Escol\u00e1stica, patrona de las monjas y a qui\u00e9n mi iaia ped\u00eda lluvia. Hoy hace 115 a\u00f1os que naci\u00f3 mi iaia Conxeta.<\/div>\n<div><\/div>\n<div class=\"separator\" style=\"clear: both; text-align: center;\"><a style=\"margin-left: 1em; margin-right: 1em;\" href=\"https:\/\/elcalaixetdelaiaia.es\/wp-content\/uploads\/2014\/02\/CAM01903-1-modified-718x1024.jpg\"><img decoding=\"async\" loading=\"lazy\" src=\"https:\/\/elcalaixetdelaiaia.es\/wp-content\/uploads\/2014\/02\/CAM01903-1-modified-718x1024.jpg\" width=\"224\" height=\"320\" border=\"0\" \/><\/a><\/div>\n<div><\/div>\n<div>Siempre le gastaba bromas y la hac\u00eda rabiar con \u00e9sto, ya que me cont\u00f3 que su t\u00eda quer\u00eda ponerle de nombre el santo del d\u00eda, Escol\u00e1stica, menos mal que mi bisabuelo no accedi\u00f3.<\/div>\n<div>Mi iaia fue mi segunda madre, mi amiga, mi compa\u00f1era, mi ejemplo, mi maestra.<\/div>\n<div><\/div>\n<div>La mejor iaia que nadie pueda desear. Le debo mucho porque me dio todo su amor, (bueno a mi, y a toda su familia) y me ense\u00f1\u00f3 muchas cosas de provecho. Todo el que la conoc\u00eda la quer\u00eda, aunque ten\u00eda su car\u00e1cter, quiz\u00e1s debido a la dura vida que llev\u00f3.<\/div>\n<div>Era menudita, inquieta y vivaracha,con piel como de porcelana, alegre y risue\u00f1a y muy muy trabajadora. Sab\u00eda mil trucos y hablaba siempre en valenciano y casi siempre con refranes, ten\u00eda el adecuado para cada ocasi\u00f3n y lo poco que hablaba castellano era en \u00abcan\u00e7onetes\u00bb como dec\u00eda ella.Viv\u00ed con ella siempre, compartimos habitaci\u00f3n desde que me quitaron de la cuna hasta el d\u00eda de mi boda. Compartimos habitaci\u00f3n, vivencias, sentimientos, secretos y sobretodo AMOR, mucho&#8230;.much\u00ediiisimo amor. Ella fue mi segunda madre.<\/p>\n<p>La recordar\u00e9 siempre haciendo ganchillo con sus peque\u00f1as y primorosas manos, o cuidando sus lilas, hortensias ,claveles&#8230;que a veces cortaba y se pon\u00eda en el pelo, haciendo una rosa con el jazm\u00edn que prend\u00eda con un imperdible en su pecho, o sentada en la cama por las ma\u00f1anas cepillando su largo pelo, trenz\u00e1ndolo y haci\u00e9ndose su \u00abmonyet\u00bb a tientas,sin espejo alguno. Con ese largo luto, siempre de luto, siempre de duelo, con su negro delantal, pero sonriente.<\/p>\n<\/div>\n<div>Una gran luchadora, una mujer fuerte, valiente y decidida, digna de admiraci\u00f3n.<\/div>\n<div>Tuvo una vida dif\u00edcil,muy dif\u00edcil y dram\u00e1tica, pero en cierto modo feliz. Naci\u00f3 en la calle La Gallera, frente al puerto de Valencia, en el Grau. \u00a0Se qued\u00f3 hu\u00e9rfana de madre, muy peque\u00f1ita ya que mi bisabuela muri\u00f3 al parir gemelos, sus \u00fanicos hermanos que tambi\u00e9n fallecieron al nacer y poco despu\u00e9s, muri\u00f3 tambi\u00e9n el bisabuelo,que seg\u00fan contaba mi iaia ten\u00eda una maravillosa voz de tenor y cuando cantaba en su ventana, le o\u00edan los trabajadores del puerto, a quien apodaban el peluca por su precioso pelo, quedando sola en el mundo a excepci\u00f3n de unas t\u00edas solteras que se la llevaron a vivir a Massanassa donde se cri\u00f3 muy feliz.<\/div>\n<div>Conoci\u00f3 a mi iaio Vicentet i se casaron muy j\u00f3venes. El iaio era pescador y marino. Se fue embarcado y viajaba a T\u00e1nger entre muchos otros lugares. Desembarcaba en Valencia, fecundaba un beb\u00e9 y se iba un a\u00f1o mas embarcado &#8230;.diez hijos tuvieron.<\/div>\n<div>Mi iaio Vi\u00e7entet era una bell\u00edsima persona y muy trabajador, que perdi\u00f3 casi la visi\u00f3n por el fr\u00edo del mar, cuando iba a las largas temporadas del bacalao y elviento helado le quem\u00f3 los ojos&#8230;.pero hab\u00eda muchas bocas que alimentar y ten\u00eda que embarcarse por largas temporadas. Hasta que mi iaia harta de criar sola sus hijos una madrugada previa al embarco, cogi\u00f3 todo el petate preparado ya por el iaio, y arriba, en su cambra de la calle Chapa, lo meti\u00f3 en el gran barre\u00f1o de cinc lleno de agua. Cuando a la ma\u00f1ana el iaio fue a coger el petate, como estaba todo mojado, no pudo embarcar, y el barco parti\u00f3 sin \u00e9l.<\/div>\n<div>Poco despu\u00e9s encontraron trabajo de caseros en la serrer\u00eda del Grau, y all\u00ed naci\u00f3 mi madre. Mi iaia perdi\u00f3 a cinco de sus diez hijos y sus ojos se volvieron muy tristes, pero nunca se borr\u00f3 su sonrisa por los cinco que le quedaron, aunque \u00e9stas p\u00e9rdidas y la guerra, la maldita guerra civil, con su posterior hambruna y miseria, que provoc\u00f3 la perdida de la mitad de sus hijos&#8230; la marcaron para siempre.<\/div>\n<div>La tengo siempre en mi mente y siempre estar\u00e1 viva en mi recuerdo, en cada cosa que hago, es parte de mi misma.<\/div>\n<div>Conxeta \u00abla peluqueta\u00bb la que rifaba en el \u00abmercat del Grau\u00bb mi iaia, que permanentemente vive en mi coraz\u00f3n.<\/div>\n<div><\/div>\n<div class=\"separator\" style=\"clear: both; text-align: center;\"><a style=\"margin-left: 1em; margin-right: 1em;\" href=\"https:\/\/elcalaixetdelaiaia.es\/wp-content\/uploads\/2014\/02\/CAM01905-modified-768x1024.jpg\"><img decoding=\"async\" loading=\"lazy\" src=\"https:\/\/elcalaixetdelaiaia.es\/wp-content\/uploads\/2014\/02\/CAM01905-modified-768x1024.jpg\" width=\"240\" height=\"320\" border=\"0\" \/><\/a><\/div>\n<div><\/div>\n","protected":false},"excerpt":{"rendered":"<p>\u00abRefrany; Els iaios s\u00f3n els espills dels seus fills i el reflexe dels seus n\u00e9ts\u00bb Los abuelos son el espejo de sus hijos y el reflejo de sus nietos Hoy me he ido a contarle mis cosas a LA MARETA, a la Mare de D\u00e9u dels Desamparats Lo hago muy &hellip; <\/p>\n","protected":false},"author":2,"featured_media":12044,"comment_status":"open","ping_status":"open","sticky":false,"template":"","format":"standard","meta":[],"categories":[23,1],"tags":[],"_links":{"self":[{"href":"https:\/\/elcalaixetdelaiaia.es\/index.php?rest_route=\/wp\/v2\/posts\/1019"}],"collection":[{"href":"https:\/\/elcalaixetdelaiaia.es\/index.php?rest_route=\/wp\/v2\/posts"}],"about":[{"href":"https:\/\/elcalaixetdelaiaia.es\/index.php?rest_route=\/wp\/v2\/types\/post"}],"author":[{"embeddable":true,"href":"https:\/\/elcalaixetdelaiaia.es\/index.php?rest_route=\/wp\/v2\/users\/2"}],"replies":[{"embeddable":true,"href":"https:\/\/elcalaixetdelaiaia.es\/index.php?rest_route=%2Fwp%2Fv2%2Fcomments&post=1019"}],"version-history":[{"count":3,"href":"https:\/\/elcalaixetdelaiaia.es\/index.php?rest_route=\/wp\/v2\/posts\/1019\/revisions"}],"predecessor-version":[{"id":14742,"href":"https:\/\/elcalaixetdelaiaia.es\/index.php?rest_route=\/wp\/v2\/posts\/1019\/revisions\/14742"}],"wp:featuredmedia":[{"embeddable":true,"href":"https:\/\/elcalaixetdelaiaia.es\/index.php?rest_route=\/wp\/v2\/media\/12044"}],"wp:attachment":[{"href":"https:\/\/elcalaixetdelaiaia.es\/index.php?rest_route=%2Fwp%2Fv2%2Fmedia&parent=1019"}],"wp:term":[{"taxonomy":"category","embeddable":true,"href":"https:\/\/elcalaixetdelaiaia.es\/index.php?rest_route=%2Fwp%2Fv2%2Fcategories&post=1019"},{"taxonomy":"post_tag","embeddable":true,"href":"https:\/\/elcalaixetdelaiaia.es\/index.php?rest_route=%2Fwp%2Fv2%2Ftags&post=1019"}],"curies":[{"name":"wp","href":"https:\/\/api.w.org\/{rel}","templated":true}]}}