{"id":1014,"date":"2014-02-14T09:02:00","date_gmt":"2014-02-14T09:02:00","guid":{"rendered":"http:\/\/elcalaixetdelaiaia.es\/desayuno-o-merienda-para-san-valentin"},"modified":"2026-02-13T19:40:42","modified_gmt":"2026-02-13T19:40:42","slug":"desayuno-o-merienda-para-san-valentin","status":"publish","type":"post","link":"https:\/\/elcalaixetdelaiaia.es\/?p=1014","title":{"rendered":"Desayuno o merienda para San Valent\u00edn, con mucho coraz\u00f3n"},"content":{"rendered":"<p>Refrany;\u00a0\u00a0\u00a0 \u00abAmor, amb amor es paga, i lo dem\u00e9s&#8230; amb diners\u00bbAmor, con amor se paga, y lo dem\u00e1s&#8230; con dinero.<\/p>\n<div>\n<p>Hoy, como cada 14 de febrero, se celebra el D\u00eda de San Valent\u00edn, existen varias teor\u00edas sobre la historia del D\u00eda de San Valent\u00edn, muchos piensan que san Valent\u00edn se celebra desde hace poco y que surgi\u00f3 por el inter\u00e9s de los grandes centros comerciales, pero su origen se remonta a la \u00e9poca del Imperio Romano, Algunos afirman que los or\u00edgenes se encuentran en San Valent\u00edn, un Romano que se convirti\u00f3 en m\u00e1rtir por negar a renunciar su f\u00e9 cristiana, y por intentar ayudar escapar a los cristianos de las c\u00e1rceles de los romanos, y que muri\u00f3 el d\u00eda 14 de febrero, 269 A.D.<\/p>\n<p>Otros dicen que Valent\u00edn era un sacerdote que, hacia el siglo III, ejerc\u00eda en Roma. Gobernaba el emperador Claudio II quien decidi\u00f3 prohibir la celebraci\u00f3n de matrimonios para los j\u00f3venes, porque en su opini\u00f3n los solteros sin familia eran mejores soldados, ya que ten\u00edan menos ataduras.<br \/>\nEl sacerdote consider\u00f3 que el decreto era injusto y desafi\u00f3 al emperador. Celebraba en secreto matrimonios para j\u00f3venes enamorados, \u00e9sto le cost\u00f3 que el emperador ordenase su excarcelaci\u00f3n, pero el oficial Asterius, encargado de encarcelarle, quiso ridiculizar y poner a prueba a Valent\u00edn. Le ret\u00f3 a que devolviese la vista a una hija suya, llamada Julia, que naci\u00f3 ciega. Valent\u00edn, le devolvi\u00f3 la vista, a\u00fan as\u00ed Valent\u00edn sigui\u00f3 preso y el emperador finalmente orden\u00f3 que lo martirizaran y ejecutaran el 14 de febrero del a\u00f1o 270. La joven Julia, agradecida al santo, plant\u00f3 un almendro de flores rosadas junto a su tumba. De ah\u00ed que el almendro\u00a0sea s\u00edmbolo de amor y amistad duraderos.<\/p>\n<p>Otros sostienen que se trata de la antigua adoraci\u00f3n a Eros o Cupido, por parte de los romanos, quienes le ofrec\u00edan al dios ofrendas para que les trajera el amor a sus vidas.<\/p>\n<\/div>\n<p>Tanto si les guste esta historia como la otra, lo cierto es que todas ellas se asocian con una figura rom\u00e1ntica, her\u00f3ica y valiente.<br \/>\nLos mensajes escritos de San Valent\u00edn empezaron a aparecer hacia el 1400 y el m\u00e1s antiguo que existe hoy en d\u00eda es un poema escrito por Carlos, duque de Orl\u00e9ans, a su esposa, mientras estaba encarcelado en la Torre de Londres.<\/p>\n<div>Por otra parte,lo que comenz\u00f3 siendo una celebraci\u00f3n anglosajona, en la actualidad se celebra mediante el intercambio de notas de amor conocidas como \u00abvalentines\u00bb, con s\u00edmbolos como la forma del coraz\u00f3n o de Cupido, aunque con el auge de Internet se ha extendido la costumbre de intercambiar postales virtuales. Tambi\u00e9n en este d\u00eda es com\u00fan la tradici\u00f3n de regalar rosas a aquellas personas a las que se tiene un especial afecto y se dice que es el d\u00eda del amor y la amistad<br \/>\nEn Espa\u00f1a, esta fiesta se empez\u00f3 a celebrar a mediados del siglo XX con el motivo de incentivar la compra de regalos. A menudo se dice que esta fiesta la introdujo la cadena de grandes almacenes Almacenes Preciados, yo la llamo San Corte Ingl\u00e9s.<br \/>\nMi marido y yo no celebramos San Valent\u00edn, desde siempre nuestro d\u00eda de los enamorados es el d\u00eda de Sant Don\u00eds el 9 D&#8217;octubre y tambi\u00e9n el de San jorge, patr\u00f3n de Arag\u00f3n y en realidad pienso que para dos que se quieren de verdad, San Valent\u00edn son los 365 d\u00edas del a\u00f1o.<\/div>\n<div><\/div>\n<div>\n<div class=\"separator\" style=\"clear: both; text-align: center;\"><a style=\"margin-left: 1em; margin-right: 1em;\" href=\"https:\/\/elcalaixetdelaiaia.es\/wp-content\/uploads\/2014\/02\/SAM_4926-768x1024.jpg\"><img decoding=\"async\" loading=\"lazy\" class=\"\" src=\"https:\/\/elcalaixetdelaiaia.es\/wp-content\/uploads\/2014\/02\/SAM_4926-768x1024.jpg\" width=\"453\" height=\"604\" border=\"0\" \/><\/a><\/div>\n<div><\/div>\n<div>\n<div>De cualquier forma, compartir un desayuno o merienda especial, preparada por los dos y para dos, puede convertirse en un muy agradable momento,<\/div>\n<div><\/div>\n<div class=\"separator\" style=\"clear: both; text-align: center;\"><a style=\"margin-left: 1em; margin-right: 1em;\" href=\"https:\/\/elcalaixetdelaiaia.es\/wp-content\/uploads\/2014\/02\/SAM_4925-806x1024.jpg\"><img decoding=\"async\" loading=\"lazy\" class=\"\" src=\"https:\/\/elcalaixetdelaiaia.es\/wp-content\/uploads\/2014\/02\/SAM_4925-806x1024.jpg\" width=\"466\" height=\"592\" border=\"0\" \/><\/a><\/div>\n<div><\/div>\n<div>\u00a0no hacen falta regalos caros, un simple detalle dice mas que cualquier otra cosa, as\u00ed que para los que si celebr\u00e1is el d\u00eda, os propongo \u00e9ste desayuno o merienda, sencilla, sano y con mucho coraz\u00f3n.<\/div>\n<div class=\"separator\" style=\"clear: both; text-align: center;\"><\/div>\n<div class=\"separator\" style=\"clear: both; text-align: center;\"><a style=\"margin-left: 1em; margin-right: 1em;\" href=\"https:\/\/elcalaixetdelaiaia.es\/wp-content\/uploads\/2014\/02\/SAM_4930-768x1024.jpg\"><img decoding=\"async\" loading=\"lazy\" class=\"\" src=\"https:\/\/elcalaixetdelaiaia.es\/wp-content\/uploads\/2014\/02\/SAM_4930-768x1024.jpg\" width=\"442\" height=\"589\" border=\"0\" \/><\/a><\/div>\n<div><\/div>\n<div>Con los corazones que recortamos para las tostadas con huevo\u00a0 y como aqu\u00ed no se tira nada,\u00a0<a href=\"https:\/\/elcalaixetdelaiaia.es\/?p=1017\">https:\/\/elcalaixetdelaiaia.es\/?p=1017<\/a><\/div>\n<div class=\"separator\" style=\"clear: both; text-align: center;\"><img decoding=\"async\" loading=\"lazy\" class=\"alignnone size-full wp-image-28927\" src=\"https:\/\/elcalaixetdelaiaia.es\/wp-content\/uploads\/2014\/02\/IMG_4023.png\" alt=\"\" width=\"768\" height=\"1024\" srcset=\"https:\/\/elcalaixetdelaiaia.es\/wp-content\/uploads\/2014\/02\/IMG_4023.png 768w, https:\/\/elcalaixetdelaiaia.es\/wp-content\/uploads\/2014\/02\/IMG_4023-225x300.png 225w\" sizes=\"(max-width: 768px) 100vw, 768px\" \/><\/div>\n<div><\/div>\n<div>\u00a0las podemos preparar como unas tostadas con tomate natural rallado con aceite de oliva, un zumo natural de naranja un cortado y un caf\u00e9 expresso,<\/div>\n<div><\/div>\n<div class=\"separator\" style=\"clear: both; text-align: center;\"><a style=\"margin-left: 1em; margin-right: 1em;\" href=\"https:\/\/elcalaixetdelaiaia.es\/wp-content\/uploads\/2014\/02\/SAM_4928-768x1024.jpg\"><img decoding=\"async\" loading=\"lazy\" class=\"\" src=\"https:\/\/elcalaixetdelaiaia.es\/wp-content\/uploads\/2014\/02\/SAM_4928-768x1024.jpg\" width=\"442\" height=\"589\" border=\"0\" \/><\/a><\/div>\n<div><\/div>\n<div>pero como ingrediente principal, mucho, mucho mucho AMOR, pero no s\u00f3lo hoy, si no los 365 d\u00edas del a\u00f1o, y no es necesario pareja, a los hermanos, padres, hijos, nietos, amigos, etc. incluso \u00bfporqu\u00e9 no? a nosotros mismos.<\/div>\n<\/div>\n<div>\n<p>Si te gusta \u00e9sta entrada, comp\u00e1rtela, as\u00ed podr\u00e1 llegar a mucha mas gente.<\/p>\n<div>Espero tus comentarios que para m\u00ed son MUY importantes y recuerda que tambi\u00e9n estoy en Facebook <a href=\"https:\/\/www.facebook.com\/El-calaixet-de-la-iaia-533062140099386\/\">https:\/\/www.facebook.com\/El-calaixet-de-la-iaia-533062140099386\/<\/a><\/div>\n<div>Si quieres recibir mis actualizaciones por mail, al final de esta p\u00e1gina a la izquierda tienes como hacer para introducir tu correo electr\u00f3nico y no perderte las actualizaciones de mis recetas \u00a1Gracias!<\/div>\n<\/div>\n<\/div>\n","protected":false},"excerpt":{"rendered":"<p>Refrany;\u00a0\u00a0\u00a0 \u00abAmor, amb amor es paga, i lo dem\u00e9s&#8230; amb diners\u00bbAmor, con amor se paga, y lo dem\u00e1s&#8230; con dinero. Hoy, como cada 14 de febrero, se celebra el D\u00eda de San Valent\u00edn, existen varias teor\u00edas sobre la historia del D\u00eda de San Valent\u00edn, muchos piensan que san Valent\u00edn se &hellip; <\/p>\n","protected":false},"author":2,"featured_media":28927,"comment_status":"open","ping_status":"open","sticky":false,"template":"","format":"standard","meta":[],"categories":[6,1],"tags":[],"_links":{"self":[{"href":"https:\/\/elcalaixetdelaiaia.es\/index.php?rest_route=\/wp\/v2\/posts\/1014"}],"collection":[{"href":"https:\/\/elcalaixetdelaiaia.es\/index.php?rest_route=\/wp\/v2\/posts"}],"about":[{"href":"https:\/\/elcalaixetdelaiaia.es\/index.php?rest_route=\/wp\/v2\/types\/post"}],"author":[{"embeddable":true,"href":"https:\/\/elcalaixetdelaiaia.es\/index.php?rest_route=\/wp\/v2\/users\/2"}],"replies":[{"embeddable":true,"href":"https:\/\/elcalaixetdelaiaia.es\/index.php?rest_route=%2Fwp%2Fv2%2Fcomments&post=1014"}],"version-history":[{"count":10,"href":"https:\/\/elcalaixetdelaiaia.es\/index.php?rest_route=\/wp\/v2\/posts\/1014\/revisions"}],"predecessor-version":[{"id":28930,"href":"https:\/\/elcalaixetdelaiaia.es\/index.php?rest_route=\/wp\/v2\/posts\/1014\/revisions\/28930"}],"wp:featuredmedia":[{"embeddable":true,"href":"https:\/\/elcalaixetdelaiaia.es\/index.php?rest_route=\/wp\/v2\/media\/28927"}],"wp:attachment":[{"href":"https:\/\/elcalaixetdelaiaia.es\/index.php?rest_route=%2Fwp%2Fv2%2Fmedia&parent=1014"}],"wp:term":[{"taxonomy":"category","embeddable":true,"href":"https:\/\/elcalaixetdelaiaia.es\/index.php?rest_route=%2Fwp%2Fv2%2Fcategories&post=1014"},{"taxonomy":"post_tag","embeddable":true,"href":"https:\/\/elcalaixetdelaiaia.es\/index.php?rest_route=%2Fwp%2Fv2%2Ftags&post=1014"}],"curies":[{"name":"wp","href":"https:\/\/api.w.org\/{rel}","templated":true}]}}