{"id":1013,"date":"2014-02-14T18:08:00","date_gmt":"2014-02-14T18:08:00","guid":{"rendered":"http:\/\/elcalaixetdelaiaia.es\/patatas-con-bacalao-creilles-amb-abaetjo"},"modified":"2020-04-10T10:50:21","modified_gmt":"2020-04-10T10:50:21","slug":"patatas-con-bacalao-creilles-amb-abaetjo","status":"publish","type":"post","link":"https:\/\/elcalaixetdelaiaia.es\/?p=1013","title":{"rendered":"Patatas con bacalao. Creilles amb abaetxo paso a paso foto a foto"},"content":{"rendered":"<p>\u00abRefrany;Eres mes ro\u00edn que l&#8217;aigua de l&#8217;abaetxo\u00bb Eres mas mal@ que el agua del bacalao<\/p>\n<div><\/div>\n<div>Un plato t\u00edpico de los poblados mar\u00edtimos de Valencia, Natzaret, Grau, Cabanyal, Canyamelar&#8230;..y supongo que de muchos sitios m\u00e1s, desde luego.<\/div>\n<div><\/div>\n<div class=\"separator\" style=\"clear: both; text-align: center;\"><a style=\"margin-left: 1em; margin-right: 1em;\" href=\"http:\/\/4.bp.blogspot.com\/-9MY4qIVoViA\/Uv5IGElnj0I\/AAAAAAAAFvI\/loSp21FxVk8\/s1600\/SAM_5024.JPG\"><img decoding=\"async\" loading=\"lazy\" src=\"https:\/\/elcalaixetdelaiaia.es\/wp-content\/uploads\/2014\/02\/SAM_5024.jpg\" width=\"640\" height=\"480\" border=\"0\" \/><\/a><\/div>\n<div><\/div>\n<div>\u00a0\u00abCreilles amb abaetxo i llangost\u00edns\u00bb Patatas con bacalao y langostinos.<\/div>\n<div>En casa, una comida t\u00edpica de Cuaresma, pero que pongo en la mesa en cualquier momento del a\u00f1o, porque nos gusta mucho.<\/div>\n<div>Otro d\u00eda os subo la receta de patatas con bacalao y huevo de mi suegra, que son distintas pero no menos ricas en absoluto. Una receta es mar\u00edtima, y la otra serrana pero \u00e1mbas exquisitas.<\/div>\n<div><\/div>\n<div>Necesitamos para tres comensales;<\/div>\n<div><\/div>\n<div class=\"separator\" style=\"clear: both; text-align: center;\"><a style=\"margin-left: 1em; margin-right: 1em;\" href=\"http:\/\/3.bp.blogspot.com\/--IT0pFt8SDE\/Uv5HyyiwPqI\/AAAAAAAAFtY\/xDSiHhFw-Qc\/s1600\/SAM_4994.JPG\"><img decoding=\"async\" loading=\"lazy\" src=\"https:\/\/elcalaixetdelaiaia.es\/wp-content\/uploads\/2014\/02\/SAM_4994.jpg\" width=\"480\" height=\"640\" border=\"0\" \/><\/a><\/div>\n<div>\n<ol>\n<li>Medio bacalao<\/li>\n<li>Tres patatas grandes<\/li>\n<li>Harina<\/li>\n<li>Perejil<\/li>\n<li>Ajos<\/li>\n<li>Un pu\u00f1adito de almendras<\/li>\n<li>Sal<\/li>\n<li>Preparado de paella con azafr\u00e1n, o lo que es mejor, unas hebras de azafr\u00e1n tostado<\/li>\n<li>Aceite<\/li>\n<li>Agua<\/li>\n<li>Piment\u00f3n de la Vera<\/li>\n<li>Unas gambitas o langostinos pelad@s.<\/li>\n<\/ol>\n<div class=\"separator\" style=\"clear: both; text-align: center;\"><a style=\"margin-left: 1em; margin-right: 1em;\" href=\"http:\/\/2.bp.blogspot.com\/-ATH1AWH1zS8\/Uv5JIgXd3CI\/AAAAAAAAFvc\/RqOQ2tVmZ50\/s1600\/SAM_4990a.jpg\"><img decoding=\"async\" loading=\"lazy\" src=\"https:\/\/elcalaixetdelaiaia.es\/wp-content\/uploads\/2014\/02\/SAM_4990a.jpg\" width=\"640\" height=\"482\" border=\"0\" \/><\/a><\/div>\n<div style=\"text-align: center;\"><\/div>\n<div style=\"text-align: center;\">El bacalao ha de ponerse a remojo en agua fresca durante toda la noche despu\u00e9s de haberlo enjuagado a conciencia bajo el grifo con agua fresca<\/div>\n<\/div>\n<div style=\"text-align: center;\"><\/div>\n<div class=\"separator\" style=\"clear: both; text-align: center;\"><a style=\"margin-left: 1em; margin-right: 1em;\" href=\"http:\/\/4.bp.blogspot.com\/-PpHDvpE-LM0\/Uv5JIvlNdyI\/AAAAAAAAFvY\/xacio3InYEk\/s1600\/SAM_4992.JPG\"><img decoding=\"async\" loading=\"lazy\" src=\"https:\/\/elcalaixetdelaiaia.es\/wp-content\/uploads\/2014\/02\/SAM_4992.jpg\" width=\"640\" height=\"480\" border=\"0\" \/><\/a><\/div>\n<div style=\"text-align: center;\"><\/div>\n<div style=\"text-align: center;\">\u00a0y cambiar el agua por tres veces al d\u00eda siguiente, en total yo lo dejo 24 horas aproximadamente<\/div>\n<div style=\"text-align: center;\"><\/div>\n<div class=\"separator\" style=\"clear: both; text-align: center;\"><a style=\"margin-left: 1em; margin-right: 1em;\" href=\"http:\/\/1.bp.blogspot.com\/-o42MpSYzB-U\/Uv5HyxthitI\/AAAAAAAAFtQ\/fgTL2q56cDk\/s1600\/SAM_5000.JPG\"><img decoding=\"async\" loading=\"lazy\" src=\"https:\/\/elcalaixetdelaiaia.es\/wp-content\/uploads\/2014\/02\/SAM_5000.jpg\" width=\"640\" height=\"480\" border=\"0\" \/><\/a><\/div>\n<div style=\"text-align: center;\"><\/div>\n<div style=\"text-align: center;\">troceamos el bacalao y rebozamos en harina<\/div>\n<div style=\"text-align: center;\"><\/div>\n<div class=\"separator\" style=\"clear: both; text-align: center;\"><a style=\"margin-left: 1em; margin-right: 1em;\" href=\"http:\/\/4.bp.blogspot.com\/-s1TTcHaHBko\/Uv5H1cHcfeI\/AAAAAAAAFtg\/8jfkp3JrUqA\/s1600\/SAM_5002.JPG\"><img decoding=\"async\" loading=\"lazy\" src=\"https:\/\/elcalaixetdelaiaia.es\/wp-content\/uploads\/2014\/02\/SAM_5002.jpg\" width=\"640\" height=\"480\" border=\"0\" \/><\/a><\/div>\n<div class=\"separator\" style=\"clear: both; text-align: center;\"><\/div>\n<div class=\"separator\" style=\"clear: both; text-align: center;\">lo freimos en aceite caliente y reservamos<\/div>\n<div style=\"text-align: center;\"><\/div>\n<div class=\"separator\" style=\"clear: both; text-align: center;\"><a style=\"margin-left: 1em; margin-right: 1em;\" href=\"http:\/\/2.bp.blogspot.com\/-soRg2U8yBFE\/Uv5H2hETZtI\/AAAAAAAAFts\/kNnBzGIH3Wo\/s1600\/SAM_5006.JPG\"><img decoding=\"async\" loading=\"lazy\" src=\"https:\/\/elcalaixetdelaiaia.es\/wp-content\/uploads\/2014\/02\/SAM_5006.jpg\" width=\"640\" height=\"480\" border=\"0\" \/><\/a><\/div>\n<div class=\"separator\" style=\"clear: both; text-align: center;\"><\/div>\n<div style=\"text-align: center;\">pelamos y chascamos la patatas y la freimos en el mismo aceite<\/div>\n<div style=\"text-align: center;\"><\/div>\n<div class=\"separator\" style=\"clear: both; text-align: center;\"><a style=\"margin-left: 1em; margin-right: 1em;\" href=\"http:\/\/3.bp.blogspot.com\/-EVKTCT1mL8o\/Uv5H22wLrfI\/AAAAAAAAFtw\/7ZG9oXGbMwg\/s1600\/SAM_5008.JPG\"><img decoding=\"async\" loading=\"lazy\" src=\"https:\/\/elcalaixetdelaiaia.es\/wp-content\/uploads\/2014\/02\/SAM_5008.jpg\" width=\"480\" height=\"640\" border=\"0\" \/><\/a><\/div>\n<div class=\"separator\" style=\"clear: both; text-align: center;\"><\/div>\n<div class=\"separator\" style=\"clear: both; text-align: center;\">hacemos en el mortero un majado con un pu\u00f1adito de almendras, perejil, sal y cuatro dientes de ajo<\/div>\n<div class=\"separator\" style=\"clear: both; text-align: center;\"><\/div>\n<div class=\"separator\" style=\"clear: both; text-align: center;\"><a style=\"margin-left: 1em; margin-right: 1em;\" href=\"http:\/\/1.bp.blogspot.com\/-eiTFz23r9Go\/Uv5H3x_83-I\/AAAAAAAAFt4\/tmgl8e86muw\/s1600\/SAM_5009.JPG\"><img decoding=\"async\" loading=\"lazy\" src=\"https:\/\/elcalaixetdelaiaia.es\/wp-content\/uploads\/2014\/02\/SAM_5009.jpg\" width=\"640\" height=\"480\" border=\"0\" \/><\/a><\/div>\n<div class=\"separator\" style=\"clear: both; text-align: center;\"><\/div>\n<div class=\"separator\" style=\"clear: both; text-align: center;\">y lo unimos a las patatas cuando \u00e9stas est\u00e9n empezando a dorarse<\/div>\n<div class=\"separator\" style=\"clear: both; text-align: center;\"><\/div>\n<div class=\"separator\" style=\"clear: both; text-align: center;\"><a style=\"margin-left: 1em; margin-right: 1em;\" href=\"http:\/\/2.bp.blogspot.com\/-iI9ARQtuMGE\/Uv5H6KB6xZI\/AAAAAAAAFuA\/7G77qF3ollk\/s1600\/SAM_5010.JPG\"><img decoding=\"async\" loading=\"lazy\" src=\"https:\/\/elcalaixetdelaiaia.es\/wp-content\/uploads\/2014\/02\/SAM_5010.jpg\" width=\"640\" height=\"480\" border=\"0\" \/><\/a><\/div>\n<div class=\"separator\" style=\"clear: both; text-align: center;\"><\/div>\n<div class=\"separator\" style=\"clear: both; text-align: center;\">sofreimos ligeramente y a\u00f1adimos el piment\u00f3n de la vera y el preparado de paella o si el bolsillo lo permite unas hebras de azafr\u00e1n tostado<\/div>\n<div class=\"separator\" style=\"clear: both; text-align: center;\"><\/div>\n<div class=\"separator\" style=\"clear: both; text-align: center;\"><a style=\"margin-left: 1em; margin-right: 1em;\" href=\"http:\/\/1.bp.blogspot.com\/-E7kIkqADk9k\/Uv5H7foIpAI\/AAAAAAAAFuM\/Gll7XMjBlOA\/s1600\/SAM_5011.JPG\"><img decoding=\"async\" loading=\"lazy\" src=\"https:\/\/elcalaixetdelaiaia.es\/wp-content\/uploads\/2014\/02\/SAM_5011.jpg\" width=\"640\" height=\"480\" border=\"0\" \/><\/a><\/div>\n<div class=\"separator\" style=\"clear: both; text-align: center;\"><\/div>\n<div class=\"separator\" style=\"clear: both; text-align: center;\">A\u00f1adimos dos vasos de agua, yo uso de medida el cuenco del mortero y as\u00ed recojo lo que haya podido quedar del majado<\/div>\n<div class=\"separator\" style=\"clear: both; text-align: center;\"><\/div>\n<div class=\"separator\" style=\"clear: both; text-align: center;\"><a style=\"margin-left: 1em; margin-right: 1em;\" href=\"http:\/\/2.bp.blogspot.com\/-PT5gOPf8Lv8\/Uv5H7ow9dmI\/AAAAAAAAFuQ\/QBzampITMMU\/s1600\/SAM_5012.JPG\"><img decoding=\"async\" loading=\"lazy\" src=\"https:\/\/elcalaixetdelaiaia.es\/wp-content\/uploads\/2014\/02\/SAM_5012.jpg\" width=\"640\" height=\"480\" border=\"0\" \/><\/a><\/div>\n<div class=\"separator\" style=\"clear: both; text-align: center;\"><\/div>\n<div class=\"separator\" style=\"clear: both; text-align: center;\">ponemos a hervir a fuego medio<\/div>\n<div class=\"separator\" style=\"clear: both; text-align: center;\"><\/div>\n<div class=\"separator\" style=\"clear: both; text-align: center;\"><a style=\"margin-left: 1em; margin-right: 1em;\" href=\"http:\/\/2.bp.blogspot.com\/-6Nb7lscn3-k\/Uv5H-dyDk0I\/AAAAAAAAFuY\/tokcs99HwPE\/s1600\/SAM_5013.JPG\"><img decoding=\"async\" loading=\"lazy\" src=\"https:\/\/elcalaixetdelaiaia.es\/wp-content\/uploads\/2014\/02\/SAM_5013.jpg\" width=\"640\" height=\"480\" border=\"0\" \/><\/a><\/div>\n<div class=\"separator\" style=\"clear: both; text-align: center;\"><\/div>\n<div style=\"text-align: center;\">Tapamos y dejamos unos 15 minutos, depende de la clase de patatas<\/div>\n<div style=\"text-align: center;\"><\/div>\n<div class=\"separator\" style=\"clear: both; text-align: center;\"><a style=\"margin-left: 1em; margin-right: 1em;\" href=\"http:\/\/3.bp.blogspot.com\/-MmGjFedv-1I\/Uv5H_VvdFbI\/AAAAAAAAFuk\/lPVWIPyKvqA\/s1600\/SAM_5015.JPG\"><img decoding=\"async\" loading=\"lazy\" src=\"https:\/\/elcalaixetdelaiaia.es\/wp-content\/uploads\/2014\/02\/SAM_5015-1024x768.jpg\" width=\"640\" height=\"480\" border=\"0\" \/><\/a><\/div>\n<div style=\"text-align: center;\"><\/div>\n<div style=\"text-align: center;\">pasados los cuales incorporamos los langostinos pelados y el bacalao que ten\u00edamos reservado, rectificamos de sal<\/div>\n<div style=\"text-align: center;\"><\/div>\n<div class=\"separator\" style=\"clear: both; text-align: center;\"><\/div>\n<div class=\"separator\" style=\"clear: both; text-align: center;\"><a style=\"margin-left: 1em; margin-right: 1em;\" href=\"http:\/\/2.bp.blogspot.com\/-o1VpRVueDzc\/Uv5IDIZctyI\/AAAAAAAAFu0\/1kRnjaIPvXs\/s1600\/SAM_5019.JPG\"><img decoding=\"async\" loading=\"lazy\" src=\"https:\/\/elcalaixetdelaiaia.es\/wp-content\/uploads\/2014\/02\/SAM_5019-1024x768.jpg\" width=\"640\" height=\"480\" border=\"0\" \/><\/a><\/div>\n<div style=\"text-align: center;\"><\/div>\n<div style=\"text-align: center;\">dejamos dar unos hervores, depende de como os gusten, a nosotros muy espesitas&#8230;<\/div>\n<div style=\"text-align: center;\"><\/div>\n<div class=\"separator\" style=\"clear: both; text-align: center;\"><a style=\"margin-left: 1em; margin-right: 1em;\" href=\"http:\/\/3.bp.blogspot.com\/-za8lX2e6aq0\/Uv5IDmz31uI\/AAAAAAAAFu8\/4icNTSNIfXE\/s1600\/SAM_5020.JPG\"><img decoding=\"async\" loading=\"lazy\" src=\"https:\/\/elcalaixetdelaiaia.es\/wp-content\/uploads\/2014\/02\/SAM_5020.jpg\" width=\"640\" height=\"480\" border=\"0\" \/><\/a><\/div>\n<div style=\"text-align: center;\"><\/div>\n<div style=\"text-align: center;\">y tendremos un exquisito plato para el que tendr\u00e9is que preparar pan, para mojar la salsita que est\u00e1 estupenda<\/div>\n<div style=\"text-align: center;\"><\/div>\n<div class=\"separator\" style=\"clear: both; text-align: center;\"><a style=\"margin-left: 1em; margin-right: 1em;\" href=\"http:\/\/3.bp.blogspot.com\/-gqtw4SvQJWg\/Uv5H_ZvX-7I\/AAAAAAAAFuo\/dQ1taLijxc4\/s1600\/SAM_5018.JPG\"><img decoding=\"async\" loading=\"lazy\" src=\"https:\/\/elcalaixetdelaiaia.es\/wp-content\/uploads\/2014\/02\/SAM_5018.jpg\" width=\"640\" height=\"488\" border=\"0\" \/><\/a><\/div>\n<div class=\"separator\" style=\"clear: both; text-align: center;\"><\/div>\n<div class=\"separator\" style=\"clear: both; text-align: center;\">\u00aba la taula i BON PROFIT!!!\u00bb<\/div>\n<div>\n<div>\n<div>\n<div style=\"text-align: center;\">Si te gusta mi receta, puedes compartirla, para que llegue a m\u00e1s gente, y no se pierdan nuestras tradiciones gastron\u00f3micas. Gracias.<\/div>\n<div style=\"text-align: center;\">Espero tus comentarios, que para mi son MUY importantes y prometo contestar lo antes posible. Gracias por tu visita.<br \/>\nY recuerda que tambi\u00e9n estoy en Facebook\u00a0<a href=\"https:\/\/www.facebook.com\/El-calaixet-de-la-iaia-533062140099386\/\">https:\/\/www.facebook.com\/El-calaixet-de-la-iaia-533062140099386\/<\/a><\/div>\n<\/div>\n<\/div>\n<\/div>\n","protected":false},"excerpt":{"rendered":"<p>\u00abRefrany;Eres mes ro\u00edn que l&#8217;aigua de l&#8217;abaetxo\u00bb Eres mas mal@ que el agua del bacalao Un plato t\u00edpico de los poblados mar\u00edtimos de Valencia, Natzaret, Grau, Cabanyal, Canyamelar&#8230;..y supongo que de muchos sitios m\u00e1s, desde luego. \u00a0\u00abCreilles amb abaetxo i llangost\u00edns\u00bb Patatas con bacalao y langostinos. En casa, una comida &hellip; <\/p>\n","protected":false},"author":2,"featured_media":11987,"comment_status":"open","ping_status":"open","sticky":false,"template":"","format":"standard","meta":[],"categories":[40,37,1],"tags":[],"_links":{"self":[{"href":"https:\/\/elcalaixetdelaiaia.es\/index.php?rest_route=\/wp\/v2\/posts\/1013"}],"collection":[{"href":"https:\/\/elcalaixetdelaiaia.es\/index.php?rest_route=\/wp\/v2\/posts"}],"about":[{"href":"https:\/\/elcalaixetdelaiaia.es\/index.php?rest_route=\/wp\/v2\/types\/post"}],"author":[{"embeddable":true,"href":"https:\/\/elcalaixetdelaiaia.es\/index.php?rest_route=\/wp\/v2\/users\/2"}],"replies":[{"embeddable":true,"href":"https:\/\/elcalaixetdelaiaia.es\/index.php?rest_route=%2Fwp%2Fv2%2Fcomments&post=1013"}],"version-history":[{"count":5,"href":"https:\/\/elcalaixetdelaiaia.es\/index.php?rest_route=\/wp\/v2\/posts\/1013\/revisions"}],"predecessor-version":[{"id":21090,"href":"https:\/\/elcalaixetdelaiaia.es\/index.php?rest_route=\/wp\/v2\/posts\/1013\/revisions\/21090"}],"wp:featuredmedia":[{"embeddable":true,"href":"https:\/\/elcalaixetdelaiaia.es\/index.php?rest_route=\/wp\/v2\/media\/11987"}],"wp:attachment":[{"href":"https:\/\/elcalaixetdelaiaia.es\/index.php?rest_route=%2Fwp%2Fv2%2Fmedia&parent=1013"}],"wp:term":[{"taxonomy":"category","embeddable":true,"href":"https:\/\/elcalaixetdelaiaia.es\/index.php?rest_route=%2Fwp%2Fv2%2Fcategories&post=1013"},{"taxonomy":"post_tag","embeddable":true,"href":"https:\/\/elcalaixetdelaiaia.es\/index.php?rest_route=%2Fwp%2Fv2%2Ftags&post=1013"}],"curies":[{"name":"wp","href":"https:\/\/api.w.org\/{rel}","templated":true}]}}