{"id":1001,"date":"2014-02-18T16:40:00","date_gmt":"2014-02-18T16:40:00","guid":{"rendered":"http:\/\/elcalaixetdelaiaia.es\/coca-salada-de-titaina"},"modified":"2024-04-05T13:17:35","modified_gmt":"2024-04-05T13:17:35","slug":"coca-salada-de-titaina","status":"publish","type":"post","link":"https:\/\/elcalaixetdelaiaia.es\/?p=1001","title":{"rendered":"Coca salada de titaina cabanyalera paso a paso y foto a foto"},"content":{"rendered":"<p>Refrany; \u00abA quants mant\u00e9 la farina i ella&#8230;fina que fina\u00bb.\u00a0 A cuantos mantiene la harina y ella&#8230;fina que fina.<\/p>\n<p>Con la titaina que tengo en el frigo, voy a preparar otro plato t\u00edpico de los poblados mar\u00edtimos de Valencia, (Natzaret, Grau, Cabanyal, Canyamelar&#8230;) la \u00abcoca salada de titaina\u00bb, otro manjar con receta familiar muy antigua, que no he modificado en absoluto, de hecho, hago otras masas, con vino blanco, gaseosa, o con cerveza, pero esta es la receta tradicional, con \u00abrent del forn\u00bb levadura del horno, natural de panadero, es la receta familiar, y no la he cambiado en absoluto.<\/p>\n<div class=\"separator\" style=\"clear: both; text-align: center;\"><a style=\"margin-left: 1em; margin-right: 1em;\" href=\"http:\/\/2.bp.blogspot.com\/-I2qwaTPuEI8\/UwOI5UX-eoI\/AAAAAAAAF58\/L13GQMXTFIs\/s1600\/SAM_5139.JPG\"><img decoding=\"async\" loading=\"lazy\" src=\"https:\/\/elcalaixetdelaiaia.es\/wp-content\/uploads\/2014\/02\/SAM_5139.jpg\" width=\"640\" height=\"480\" border=\"0\" \/><\/a><\/div>\n<p>Curiosamente mi iaia Isabel y su hermana, la t\u00eda Lluisa, la hac\u00edan muy parecida en el pueblo de mi padre, pero era con tonyina\u00a0 negra o sangacho,( muy dif\u00edcil de encontrar de no ser en los Mercadona de la Safor, o en compra online en Val\u00e8ncia, o claro est\u00e1 en Mercados Municipales, en poquitos, y \u00faltimamente en ninguno ) la t\u00eda Lluisa me ense\u00f1\u00f3 a prepararla, otro d\u00eda os pongo la receta.<\/p>\n<p>Necesitaremos;<\/p>\n<div class=\"separator\" style=\"clear: both; text-align: center;\"><a style=\"margin-left: 1em; margin-right: 1em;\" href=\"http:\/\/3.bp.blogspot.com\/-gOqzl9aCW2E\/UwOInijBlKI\/AAAAAAAAF3s\/bunovBm4zbU\/s1600\/SAM_5101.JPG\"><img decoding=\"async\" loading=\"lazy\" src=\"https:\/\/elcalaixetdelaiaia.es\/wp-content\/uploads\/2014\/02\/SAM_5101.jpg\" width=\"482\" height=\"640\" border=\"0\" \/><\/a><\/div>\n<ol>\n<li>Un vaso de agua<\/li>\n<li>Medio vaso de aceite de oliva (unos 125 g)<\/li>\n<li>50gr \u00a0de levadura fresca de panadero<\/li>\n<li>Medio kg de harina<\/li>\n<li>Una cucharadita de sal<\/li>\n<li>Media cucharadita de az\u00facar<\/li>\n<li>Titaina aqu\u00ed; \u00a0\u00a0<a href=\"https:\/\/elcalaixetdelaiaia.es\/?p=1008\">https:\/\/elcalaixetdelaiaia.es\/?p=1008<\/a><\/li>\n<\/ol>\n<div class=\"separator\" style=\"clear: both; text-align: center;\"><a style=\"margin-left: 1em; margin-right: 1em;\" href=\"http:\/\/3.bp.blogspot.com\/-AN3V0Rjq_Dw\/UwOIn02KlYI\/AAAAAAAAF30\/gA2U7ozB89Y\/s1600\/SAM_5102.JPG\"><img decoding=\"async\" loading=\"lazy\" src=\"https:\/\/elcalaixetdelaiaia.es\/wp-content\/uploads\/2014\/02\/SAM_5102.jpg\" width=\"640\" height=\"480\" border=\"0\" \/><\/a><\/div>\n<p>Pondremos en un bol que hemos calentado bajo el agua del grifo y secado el aceite tibio, no muy caliente que si no conseguiremos el efecto contrario, solo ha de estar TIBIO<\/p>\n<div class=\"separator\" style=\"clear: both;\"><a style=\"margin-left: 1em; margin-right: 1em;\" href=\"http:\/\/1.bp.blogspot.com\/-mIKmnxWk5aY\/UwOInzj-E-I\/AAAAAAAAF3w\/TNMEuXa6jj8\/s1600\/SAM_5103.JPG\"><img decoding=\"async\" loading=\"lazy\" src=\"https:\/\/elcalaixetdelaiaia.es\/wp-content\/uploads\/2014\/02\/SAM_5103.jpg\" width=\"640\" height=\"480\" border=\"0\" \/><\/a><\/div>\n<p style=\"text-align: center;\">el agua tibia, tambi\u00e9n, es importante que no est\u00e9 caliente, solo tibia o nos har\u00e1 el efecto contrario, y no levar\u00e1<\/p>\n<div class=\"separator\" style=\"clear: both;\"><a style=\"margin-left: 1em; margin-right: 1em;\" href=\"http:\/\/1.bp.blogspot.com\/-c4YKflA_GqE\/UwOIqLWV_eI\/AAAAAAAAF38\/ms2XzeCmbxs\/s1600\/SAM_5104.JPG\"><img decoding=\"async\" loading=\"lazy\" src=\"https:\/\/elcalaixetdelaiaia.es\/wp-content\/uploads\/2014\/02\/SAM_5104.jpg\" width=\"640\" height=\"480\" border=\"0\" \/><\/a><\/div>\n<p style=\"text-align: center;\">la sal,<\/p>\n<div class=\"separator\" style=\"clear: both;\"><a style=\"margin-left: 1em; margin-right: 1em;\" href=\"http:\/\/1.bp.blogspot.com\/-85bjyb1hZtc\/UwOIrI7eyMI\/AAAAAAAAF4I\/bsbXaWqEjYI\/s1600\/SAM_5107.JPG\"><img decoding=\"async\" loading=\"lazy\" src=\"https:\/\/elcalaixetdelaiaia.es\/wp-content\/uploads\/2014\/02\/SAM_5107.jpg\" width=\"640\" height=\"480\" border=\"0\" \/><\/a><\/div>\n<p style=\"text-align: center;\">la levadura<\/p>\n<div class=\"separator\" style=\"clear: both;\"><a style=\"margin-left: 1em; margin-right: 1em;\" href=\"http:\/\/3.bp.blogspot.com\/-ukIovTblVqI\/UwOIrXJTJ9I\/AAAAAAAAF4M\/Va6zl2sDFR8\/s1600\/SAM_5108.JPG\"><img decoding=\"async\" loading=\"lazy\" src=\"https:\/\/elcalaixetdelaiaia.es\/wp-content\/uploads\/2014\/02\/SAM_5108.jpg\" width=\"640\" height=\"480\" border=\"0\" \/><\/a><\/div>\n<p style=\"text-align: center;\">y el az\u00facar, \u00e9sto lo hacemos para estimular el levado , mezclamos bien<\/p>\n<div class=\"separator\" style=\"clear: both;\"><a style=\"margin-left: 1em; margin-right: 1em;\" href=\"http:\/\/4.bp.blogspot.com\/-TNyChU5oIZ0\/UwOIsexE5BI\/AAAAAAAAF4U\/289O_6TJC5Y\/s1600\/SAM_5109.JPG\"><img decoding=\"async\" loading=\"lazy\" src=\"https:\/\/elcalaixetdelaiaia.es\/wp-content\/uploads\/2014\/02\/SAM_5109.jpg\" width=\"640\" height=\"480\" border=\"0\" \/><\/a><\/div>\n<p style=\"text-align: center;\">y vamos a\u00f1adiendo la harina,<\/p>\n<div class=\"separator\" style=\"clear: both;\"><a style=\"margin-left: 1em; margin-right: 1em;\" href=\"http:\/\/1.bp.blogspot.com\/-peA3nqw_Fro\/UwOIuaC9TdI\/AAAAAAAAF4k\/N5MwgDgXGTw\/s1600\/SAM_5110.JPG\"><img decoding=\"async\" loading=\"lazy\" src=\"https:\/\/elcalaixetdelaiaia.es\/wp-content\/uploads\/2014\/02\/SAM_5110.jpg\" width=\"640\" height=\"480\" border=\"0\" \/><\/a><\/div>\n<p style=\"text-align: center;\">hasta que vayamos consiguiendo formar una bola, que no se nos pegue a los dedos<\/p>\n<div class=\"separator\" style=\"clear: both;\"><a style=\"margin-left: 1em; margin-right: 1em;\" href=\"http:\/\/4.bp.blogspot.com\/-BNd0ihucgvk\/UwOIumBuFZI\/AAAAAAAAF4o\/iLRiUemh_7c\/s1600\/SAM_5111.JPG\"><img decoding=\"async\" loading=\"lazy\" class=\"alignnone\" src=\"https:\/\/elcalaixetdelaiaia.es\/wp-content\/uploads\/2014\/02\/SAM_5111-1024x768.jpg\" width=\"667\" height=\"501\" border=\"0\" \/><\/a><\/div>\n<p style=\"text-align: center;\">ahora ya la pasamos sobre la superficie de trabajo para amasarla durante unos diez minutos, echando antes harina, sobre la superficie donde vayamos a masar<\/p>\n<div class=\"separator\" style=\"clear: both;\"><a style=\"margin-left: 1em; margin-right: 1em;\" href=\"http:\/\/3.bp.blogspot.com\/-3vD2xIMmfsc\/UwOIvG1rZaI\/AAAAAAAAF4s\/ja2SMZfwA6s\/s1600\/SAM_5112.JPG\"><img decoding=\"async\" loading=\"lazy\" src=\"https:\/\/elcalaixetdelaiaia.es\/wp-content\/uploads\/2014\/02\/SAM_5112.jpg\" width=\"640\" height=\"480\" border=\"0\" \/><\/a><\/div>\n<p style=\"text-align: center;\">amasaremos y la pondremos de nuevo en el bol,<\/p>\n<div class=\"separator\" style=\"clear: both;\"><a style=\"margin-left: 1em; margin-right: 1em;\" href=\"http:\/\/2.bp.blogspot.com\/-8bQfnwV9ejw\/UwOIwt58cYI\/AAAAAAAAF40\/14Jlz8E2dHw\/s1600\/SAM_5114.JPG\"><img decoding=\"async\" loading=\"lazy\" src=\"https:\/\/elcalaixetdelaiaia.es\/wp-content\/uploads\/2014\/02\/SAM_5114.jpg\" width=\"640\" height=\"480\" border=\"0\" \/><\/a><\/div>\n<p style=\"text-align: center;\">la cubriremos,con papel film o similar<\/p>\n<div class=\"separator\" style=\"clear: both;\"><a style=\"margin-left: 1em; margin-right: 1em;\" href=\"http:\/\/3.bp.blogspot.com\/-3SySZalxVcs\/UwOLRVlOKWI\/AAAAAAAAF6c\/16It7Jp9rOQ\/s1600\/SAM_5129.JPG\"><img decoding=\"async\" loading=\"lazy\" src=\"https:\/\/elcalaixetdelaiaia.es\/wp-content\/uploads\/2014\/02\/SAM_5129.jpg\" width=\"640\" height=\"480\" border=\"0\" \/><\/a><\/div>\n<p style=\"text-align: center;\">y abrigaremos bien para dejarla fermentar aproximadamente una media hora.<\/p>\n<div class=\"separator\" style=\"clear: both;\"><a style=\"margin-left: 1em; margin-right: 1em;\" href=\"http:\/\/1.bp.blogspot.com\/-8ZjivcszW2Y\/UwOIyMZ3mCI\/AAAAAAAAF5E\/LIhDDsZg38E\/s1600\/SAM_5131.JPG\"><img decoding=\"async\" loading=\"lazy\" src=\"https:\/\/elcalaixetdelaiaia.es\/wp-content\/uploads\/2014\/02\/SAM_5131.jpg\" width=\"640\" height=\"480\" border=\"0\" \/><\/a><\/div>\n<p style=\"text-align: center;\">Pasado \u00e9ste tiempo, precalentamos el horno a 180\u00ba<\/p>\n<div class=\"separator\" style=\"clear: both;\"><a style=\"margin-left: 1em; margin-right: 1em;\" href=\"http:\/\/4.bp.blogspot.com\/-jWCzcyW4ZPo\/UwOIyzM_BaI\/AAAAAAAAF5M\/0JCOXNaQ6P0\/s1600\/SAM_5132.JPG\"><img decoding=\"async\" loading=\"lazy\" src=\"https:\/\/elcalaixetdelaiaia.es\/wp-content\/uploads\/2014\/02\/SAM_5132.jpg\" width=\"640\" height=\"480\" border=\"0\" \/><\/a><\/div>\n<p style=\"text-align: center;\">ponemos el papel sulfurizado en una bandeja de horno,<\/p>\n<div class=\"separator\" style=\"clear: both;\"><a style=\"margin-left: 1em; margin-right: 1em;\" href=\"http:\/\/4.bp.blogspot.com\/-6L7ku4Rk81U\/UwOI05L0gOI\/AAAAAAAAF5Y\/G2EdT9vqssA\/s1600\/SAM_5133.JPG\"><img decoding=\"async\" loading=\"lazy\" src=\"https:\/\/elcalaixetdelaiaia.es\/wp-content\/uploads\/2014\/02\/SAM_5133.jpg\" width=\"640\" height=\"480\" border=\"0\" \/><\/a><\/div>\n<p style=\"text-align: center;\">extendemos la masa , y la enrollamos sobre el rodillo para facilitar el transporte<\/p>\n<div class=\"separator\" style=\"clear: both;\"><a style=\"margin-left: 1em; margin-right: 1em;\" href=\"http:\/\/2.bp.blogspot.com\/-B3ZIPGdzZxc\/UwOI1VsvIfI\/AAAAAAAAF5c\/eZBxa23rsBA\/s1600\/SAM_5134.JPG\"><img decoding=\"async\" loading=\"lazy\" src=\"https:\/\/elcalaixetdelaiaia.es\/wp-content\/uploads\/2014\/02\/SAM_5134-1024x768.jpg\" width=\"645\" height=\"484\" border=\"0\" \/><\/a><\/div>\n<p style=\"text-align: center;\">a la bandeja que tenemos preparada, subimos los bordes<\/p>\n<div class=\"separator\" style=\"clear: both;\"><a style=\"margin-left: 1em; margin-right: 1em;\" href=\"http:\/\/3.bp.blogspot.com\/-PY1hl13qG20\/UwOI2Jp2g6I\/AAAAAAAAF5k\/EndfNZqkVZE\/s1600\/SAM_5136.JPG\"><img decoding=\"async\" loading=\"lazy\" src=\"https:\/\/elcalaixetdelaiaia.es\/wp-content\/uploads\/2014\/02\/SAM_5136.jpg\" width=\"640\" height=\"480\" border=\"0\" \/><\/a><\/div>\n<p>y al sacar el tuper donde ten\u00eda la titaina guardada, me he llevado la desagradable sorpresa, de que hab\u00eda la mitad que cuando la guard\u00e9. Al parecer \u00abalguien\u00bb ha estado haciendo viajecitos a la nevera provisto de pellizquitos de pan&#8230; y ha hecho menguar la cantidad considerablemente&#8230;\u00a1en fin! si no hay mas&#8230;no hay mas, aunque quedar\u00e1 un poco pobre, bueno, un poco no, muy muy pobre de relleno, pero ya tengo la masa levada y no tengo mas remedio que hacerla con la titaina que queda \ud83d\ude41\u00a0 Colocamos sobre la masa, la titaina (vosotros poner mas eh? )<\/p>\n<div class=\"separator\" style=\"clear: both;\"><a style=\"margin-left: 1em; margin-right: 1em;\" href=\"http:\/\/1.bp.blogspot.com\/-zxrulYLG5u4\/UwOI42h1y4I\/AAAAAAAAF5w\/8_e5NOr0S-I\/s1600\/SAM_5137.JPG\"><img decoding=\"async\" loading=\"lazy\" class=\"aligncenter\" src=\"https:\/\/elcalaixetdelaiaia.es\/wp-content\/uploads\/2014\/02\/SAM_5137.jpg\" width=\"480\" height=\"640\" border=\"0\" \/><\/a><\/div>\n<p>y al horno a 2\u00aa altura por abajo, la he puesto con ventilador y calor abajo, si no ten\u00e9is ventilador, calor arriba y abajo, durante unos 40 minutos, \u00e9sto es orientativo, cada horno funciona de una manera, no os confi\u00e9is para que no se os queme.<\/p>\n<div class=\"separator\" style=\"clear: both;\"><a style=\"margin-left: 1em; margin-right: 1em;\" href=\"http:\/\/1.bp.blogspot.com\/-xNgi4tRexfk\/UwOI5IUovlI\/AAAAAAAAF54\/BUjzU1RR1eg\/s1600\/SAM_5138.JPG\"><img decoding=\"async\" loading=\"lazy\" src=\"https:\/\/elcalaixetdelaiaia.es\/wp-content\/uploads\/2014\/02\/SAM_5138.jpg\" width=\"640\" height=\"480\" border=\"0\" \/><\/a><\/div>\n<p style=\"text-align: center;\">cuando ve\u00e1is que mas o menos ha pasado \u00e9se tiempo y tenga los bordes dorados, ya la tenemos cocida<\/p>\n<div class=\"separator\" style=\"clear: both;\"><a style=\"margin-left: 1em; margin-right: 1em;\" href=\"http:\/\/3.bp.blogspot.com\/-urSvFDttD9E\/UwOI69U42KI\/AAAAAAAAF6E\/SWsiV0FjsX8\/s1600\/SAM_5140.JPG\"><img decoding=\"async\" loading=\"lazy\" src=\"https:\/\/elcalaixetdelaiaia.es\/wp-content\/uploads\/2014\/02\/SAM_5140.jpg\" width=\"640\" height=\"480\" border=\"0\" \/><\/a><\/div>\n<p style=\"text-align: center;\">\u00e9ste es el aspecto, aunque como veis falta mezcla peroooo&#8230; es lo que hay, as\u00ed que<\/p>\n<div class=\"separator\" style=\"clear: both;\"><a style=\"margin-left: 1em; margin-right: 1em;\" href=\"http:\/\/2.bp.blogspot.com\/-054V7mCjLzI\/UwOI8gEs_AI\/AAAAAAAAF6Q\/CEeAIZX3vos\/s1600\/SAM_5142.JPG\"><img decoding=\"async\" loading=\"lazy\" src=\"https:\/\/elcalaixetdelaiaia.es\/wp-content\/uploads\/2014\/02\/SAM_5142.jpg\" width=\"640\" height=\"470\" border=\"0\" \/><\/a><\/div>\n<p style=\"text-align: center;\">\u00aba la taula<\/p>\n<div class=\"separator\" style=\"clear: both;\"><a style=\"margin-left: 1em; margin-right: 1em;\" href=\"http:\/\/2.bp.blogspot.com\/-Zlc-ZTxki00\/UwOI8zGJvkI\/AAAAAAAAF6U\/jUdH5JsBERQ\/s1600\/SAM_5143.JPG\"><img decoding=\"async\" loading=\"lazy\" src=\"https:\/\/elcalaixetdelaiaia.es\/wp-content\/uploads\/2014\/02\/SAM_5143.jpg\" width=\"640\" height=\"480\" border=\"0\" \/><\/a><\/div>\n<p>i&#8230;BON PROFIT!!!\u00bb<\/p>\n<div>\n<div style=\"text-align: center;\">\n<p>Si te gusta \u00e9sta entrada, ay\u00fadame a que no se pierdan nuestras comidas tradicionales y comparte, as\u00ed mucha gente podr\u00e1 disfrutar de esta receta. Espero vuestro comentarios que para mi son MUY importantes y recordad que tambi\u00e9n estoy en Facebook <a href=\"https:\/\/www.facebook.com\/El-calaixet-de-la-iaia-533062140099386\/\">https:\/\/www.facebook.com\/El-calaixet-de-la-iaia-533062140099386\/<\/a><\/p>\n<\/div>\n<p>Vanesa Ordu\u00f1a Civera, <span class=\" UFICommentActorAndBody\"><span data-ft=\"{\"><span class=\"UFICommentBody\">mi querida amiga y compi de falla, hizo para la cena de nochevieja la \u00abcoca de titaina\u00bb. Ha sido tan amable de mandar foto y os la pongo porque tiene una pinta realmente espectacular. Muchas gracias coraz\u00f3n, anoche en Alemania, en Marbach am Neckar,cerca de Stuttgart, hab\u00eda en la mesa productos valencianos, recetas de nuestro Cabanyal <\/span><\/span><\/span><span class=\" UFICommentActorAndBody\"><span data-ft=\"{\"><span class=\"UFICommentBody\"><span class=\"_5mfr\"><span class=\"_6qdm\">\u2764\ufe0f<\/span><\/span><\/span><\/span><\/span><span class=\" UFICommentActorAndBody\"><span data-ft=\"{\"><span class=\"UFICommentBody\">\u00a1todo un honor, para esta iaia<\/span><\/span><\/span><span class=\" UFICommentActorAndBody\"><span data-ft=\"{\"><span class=\"UFICommentBody\"><span class=\"_5mfr\"><span class=\"_6qdm\">!<\/span><\/span><\/span><\/span><\/span><\/p>\n<\/div>\n<p><img decoding=\"async\" loading=\"lazy\" class=\"aligncenter size-large wp-image-18596\" src=\"https:\/\/elcalaixetdelaiaia.es\/wp-content\/uploads\/2014\/02\/eZy-Watermark_01-01-2019_10-19-36a.-m.-1024x497.jpg\" alt=\"\" width=\"750\" height=\"364\" srcset=\"https:\/\/elcalaixetdelaiaia.es\/wp-content\/uploads\/2014\/02\/eZy-Watermark_01-01-2019_10-19-36a.-m.-1024x497.jpg 1024w, https:\/\/elcalaixetdelaiaia.es\/wp-content\/uploads\/2014\/02\/eZy-Watermark_01-01-2019_10-19-36a.-m.-300x146.jpg 300w, https:\/\/elcalaixetdelaiaia.es\/wp-content\/uploads\/2014\/02\/eZy-Watermark_01-01-2019_10-19-36a.-m.-768x373.jpg 768w, https:\/\/elcalaixetdelaiaia.es\/wp-content\/uploads\/2014\/02\/eZy-Watermark_01-01-2019_10-19-36a.-m..jpg 1600w\" sizes=\"(max-width: 750px) 100vw, 750px\" \/><\/p>\n<div>\n<p>Mirar que pintazaaaa \u00e9sta si que lleva la titaina que toca, no como la m\u00eda que se la com\u00edo mi marido poco a poco y cuando fu\u00ed a echar mano, casi no quedaba, esta entrada tiene ya diez a\u00f1os, desde entonces he hecho muchas cocas de titaina cabanyaler, y podr\u00eda haber actualizado las fotos de mi receta, peerooo, no he querido hacerlo, en recuerdo a mi marido, que pill\u00edn era mi chico aaay.<\/p>\n<p>Mil gracias Vane, eres un soooool!!!<\/p>\n<\/div>\n","protected":false},"excerpt":{"rendered":"<p>Refrany; \u00abA quants mant\u00e9 la farina i ella&#8230;fina que fina\u00bb.\u00a0 A cuantos mantiene la harina y ella&#8230;fina que fina. Con la titaina que tengo en el frigo, voy a preparar otro plato t\u00edpico de los poblados mar\u00edtimos de Valencia, (Natzaret, Grau, Cabanyal, Canyamelar&#8230;) la \u00abcoca salada de titaina\u00bb, otro manjar &hellip; <\/p>\n","protected":false},"author":2,"featured_media":11927,"comment_status":"open","ping_status":"open","sticky":false,"template":"","format":"standard","meta":[],"categories":[131,1],"tags":[],"_links":{"self":[{"href":"https:\/\/elcalaixetdelaiaia.es\/index.php?rest_route=\/wp\/v2\/posts\/1001"}],"collection":[{"href":"https:\/\/elcalaixetdelaiaia.es\/index.php?rest_route=\/wp\/v2\/posts"}],"about":[{"href":"https:\/\/elcalaixetdelaiaia.es\/index.php?rest_route=\/wp\/v2\/types\/post"}],"author":[{"embeddable":true,"href":"https:\/\/elcalaixetdelaiaia.es\/index.php?rest_route=\/wp\/v2\/users\/2"}],"replies":[{"embeddable":true,"href":"https:\/\/elcalaixetdelaiaia.es\/index.php?rest_route=%2Fwp%2Fv2%2Fcomments&post=1001"}],"version-history":[{"count":22,"href":"https:\/\/elcalaixetdelaiaia.es\/index.php?rest_route=\/wp\/v2\/posts\/1001\/revisions"}],"predecessor-version":[{"id":27479,"href":"https:\/\/elcalaixetdelaiaia.es\/index.php?rest_route=\/wp\/v2\/posts\/1001\/revisions\/27479"}],"wp:featuredmedia":[{"embeddable":true,"href":"https:\/\/elcalaixetdelaiaia.es\/index.php?rest_route=\/wp\/v2\/media\/11927"}],"wp:attachment":[{"href":"https:\/\/elcalaixetdelaiaia.es\/index.php?rest_route=%2Fwp%2Fv2%2Fmedia&parent=1001"}],"wp:term":[{"taxonomy":"category","embeddable":true,"href":"https:\/\/elcalaixetdelaiaia.es\/index.php?rest_route=%2Fwp%2Fv2%2Fcategories&post=1001"},{"taxonomy":"post_tag","embeddable":true,"href":"https:\/\/elcalaixetdelaiaia.es\/index.php?rest_route=%2Fwp%2Fv2%2Ftags&post=1001"}],"curies":[{"name":"wp","href":"https:\/\/api.w.org\/{rel}","templated":true}]}}