{"id":1000,"date":"2014-02-19T10:04:00","date_gmt":"2014-02-19T10:04:00","guid":{"rendered":"http:\/\/elcalaixetdelaiaia.es\/pudin-de-la-casa"},"modified":"2017-12-04T20:45:27","modified_gmt":"2017-12-04T20:45:27","slug":"pudin-de-la-casa","status":"publish","type":"post","link":"https:\/\/elcalaixetdelaiaia.es\/?p=1000","title":{"rendered":"Pudin de la casa paso a paso"},"content":{"rendered":"<p>\u00abAmb bona fam, no hi\u00e1 pa dur\u00bb<br \/>\nCon buen hambre, no hay pan duro.<\/p>\n<p>Pudin de la casa.<\/p>\n<p>Es un pudin de la casa, de tu casa de la mia, de la del vecino de cualquier casa, jajaja.<br \/>\nA veces quedan magadalenas, sobaos,croisans, palmeras, bollitos, trozos de bizcocho, pan de molde, o incluso pan del horno, que quedan duros, no los quiere nadie y su destino final acaba siendo la basura, pero la verdad es que no estamos para tirar y podemos aprovechar \u00e9stos restos para un pudin, y os aseguro que qui\u00e9n lo prueba, no deja ni la muestra, es f\u00e1cil y r\u00e1pido de hacer y est\u00e1 muy bueno.<\/p>\n<p>Normalmente lo hago con az\u00facar casero, si ten\u00e9is un ratito os recomiendo que lo prepar\u00e9is vale la pena por sabor y por precio&nbsp;<a href=\"https:\/\/elcalaixetdelaiaia.es\/caramelo-casero-para-envasar\">https:\/\/elcalaixetdelaiaia.es\/caramelo-casero-para-envasar<\/a>&nbsp;a mi hoy no me quedaba, viene gente a comer de improviso y no tengo postre, as\u00ed que hecho mano de lo que hay en casa porque no tengo tiempo de ir a la compra ya que quiero que el pudin est\u00e9 fr\u00edo a la hora de comerlo.<\/p>\n<p>Necesitaremos;<\/p>\n<div class=\"separator\" style=\"clear: both; text-align: center;\">\n<a href=\"https:\/\/elcalaixetdelaiaia.es\/wp-content\/uploads\/2014\/02\/IMG_9435-1024x682.jpg\" imageanchor=\"1\" style=\"margin-left: 1em; margin-right: 1em;\"><img decoding=\"async\" loading=\"lazy\" border=\"0\" src=\"https:\/\/elcalaixetdelaiaia.es\/wp-content\/uploads\/2014\/02\/IMG_9435-1024x682.jpg\" height=\"213\" width=\"320\" \/><\/a><\/div>\n<div class=\"separator\" style=\"clear: both; text-align: center;\">\n<\/div>\n<div class=\"separator\" style=\"clear: both; text-align: center;\">\n<\/div>\n<ol>\n<li style=\"text-align: left;\">Pan, magdalenas o boller\u00eda&nbsp;<\/li>\n<li style=\"text-align: left;\">6 huevos enteros<\/li>\n<li style=\"text-align: left;\">Caramelo l\u00edquido<\/li>\n<li style=\"text-align: left;\">Az\u00facar<\/li>\n<li style=\"text-align: left;\">Frutos secos, canela, ralladura de lim\u00f3n&#8230;.lo que os apetezca o teng\u00e1is a mano en casa.<\/li>\n<\/ol>\n<div class=\"separator\" style=\"clear: both; text-align: center;\">\nYa v\u00e9is que \u00e9sta vez no pongo cantidades porque todas son relativas. Depende de cuantos restos teng\u00e1is y de si \u00e9stos llevan chocolate, mucho o poco az\u00facar.<\/div>\n<div class=\"separator\" style=\"clear: both; text-align: center;\">\n<a href=\"https:\/\/elcalaixetdelaiaia.es\/wp-content\/uploads\/2014\/02\/IMG_9438-682x1024.jpg\" imageanchor=\"1\" style=\"margin-left: 1em; margin-right: 1em;\"><img decoding=\"async\" loading=\"lazy\" border=\"0\" src=\"https:\/\/elcalaixetdelaiaia.es\/wp-content\/uploads\/2014\/02\/IMG_9438-682x1024.jpg\" height=\"320\" width=\"213\" \/><\/a><\/div>\n<div class=\"separator\" style=\"clear: both; text-align: center;\">\n<\/div>\n<div class=\"separator\" style=\"clear: both; text-align: center;\">\nComienzo batiendo los huevos dos cucharadas soperas de az\u00facar y un vaso de leche aunque a veces hay que incorporar mas leche, depende<\/div>\n<div class=\"separator\" style=\"clear: both; text-align: center;\">\n<a href=\"https:\/\/elcalaixetdelaiaia.es\/wp-content\/uploads\/2014\/02\/IMG_9439-682x1024.jpg\" imageanchor=\"1\" style=\"margin-left: 1em; margin-right: 1em;\"><img decoding=\"async\" loading=\"lazy\" border=\"0\" src=\"https:\/\/elcalaixetdelaiaia.es\/wp-content\/uploads\/2014\/02\/IMG_9439-682x1024.jpg\" height=\"320\" width=\"213\" \/><\/a><\/div>\n<div style=\"text-align: center;\">\n<\/div>\n<div style=\"text-align: center;\">\nen un cuenco desmenuzo las galletas, pan, magdalenas o la mezcla que vaya a emplear y cubro con la mezcla batida. Ha de quedar todo cubierto si hace falta mas leche a\u00f1adimos y removemos. Comprobamos la dulzor y si hace falta a\u00f1adimos mas az\u00facar.<\/div>\n<div style=\"text-align: center;\">\n<a href=\"https:\/\/elcalaixetdelaiaia.es\/wp-content\/uploads\/2014\/02\/IMG_9440-1024x682.jpg\" imageanchor=\"1\" style=\"margin-left: 1em; margin-right: 1em;\"><img decoding=\"async\" loading=\"lazy\" border=\"0\" src=\"https:\/\/elcalaixetdelaiaia.es\/wp-content\/uploads\/2014\/02\/IMG_9440-1024x682.jpg\" height=\"213\" width=\"320\" \/><\/a><\/div>\n<div style=\"text-align: center;\">\n<\/div>\n<div style=\"text-align: center;\">\nen un molde de silicona, (pod\u00e9is usar cualquiera que sea desmoldable) pongo el caramelo l\u00edquido al fondo, y vuelco encima con cuidado la masa<\/div>\n<div class=\"separator\" style=\"clear: both; text-align: center;\">\n<a href=\"https:\/\/elcalaixetdelaiaia.es\/wp-content\/uploads\/2014\/02\/IMG_9441-1024x682.jpg\" imageanchor=\"1\" style=\"margin-left: 1em; margin-right: 1em;\"><img decoding=\"async\" loading=\"lazy\" border=\"0\" src=\"https:\/\/elcalaixetdelaiaia.es\/wp-content\/uploads\/2014\/02\/IMG_9441-1024x682.jpg\" height=\"213\" width=\"320\" \/><\/a><\/div>\n<div class=\"separator\" style=\"clear: both; text-align: center;\">\n<\/div>\n<div class=\"separator\" style=\"clear: both; text-align: center;\">\nIntroduzco en un recipiente apto para horno pongo dos vasos de agua, y cubro con papel aluminio<\/div>\n<div class=\"separator\" style=\"clear: both; text-align: center;\">\n<a href=\"https:\/\/elcalaixetdelaiaia.es\/wp-content\/uploads\/2014\/02\/IMGP8187-768x1024.jpg\" imageanchor=\"1\" style=\"margin-left: 1em; margin-right: 1em;\"><img decoding=\"async\" loading=\"lazy\" border=\"0\" src=\"https:\/\/elcalaixetdelaiaia.es\/wp-content\/uploads\/2014\/02\/IMGP8187-768x1024.jpg\" height=\"320\" width=\"240\" \/><\/a><\/div>\n<div class=\"separator\" style=\"clear: both; text-align: center;\">\n<\/div>\n<div class=\"separator\" style=\"clear: both; text-align: center;\">\ny al horno precalentado a 190\u00ba a media altura durante 50 minutos en mi horno, ya sab\u00e9is que cada horno necesita unos tiempos de cocci\u00f3n as\u00ed que os recomiendo que vay\u00e1is levantando el papel aluminio y comprobando con un palo de brocheta, si sale limpio, ya est\u00e1 listo.<\/div>\n<div style=\"text-align: center;\">\n<a href=\"https:\/\/elcalaixetdelaiaia.es\/wp-content\/uploads\/2014\/02\/IMG_9445-1024x682.jpg\" imageanchor=\"1\" style=\"margin-left: 1em; margin-right: 1em;\"><img decoding=\"async\" loading=\"lazy\" border=\"0\" src=\"https:\/\/elcalaixetdelaiaia.es\/wp-content\/uploads\/2014\/02\/IMG_9445-1024x682.jpg\" height=\"213\" width=\"320\" \/><\/a><\/div>\n<div style=\"text-align: center;\">\n<\/div>\n<div style=\"text-align: center;\">\nDejamos enfriar<\/div>\n<div class=\"separator\" style=\"clear: both; text-align: center;\">\n<a href=\"https:\/\/elcalaixetdelaiaia.es\/wp-content\/uploads\/2014\/02\/IMG_9446-1024x682.jpg\" imageanchor=\"1\" style=\"margin-left: 1em; margin-right: 1em;\"><img decoding=\"async\" loading=\"lazy\" border=\"0\" src=\"https:\/\/elcalaixetdelaiaia.es\/wp-content\/uploads\/2014\/02\/IMG_9446-1024x682.jpg\" height=\"213\" width=\"320\" \/><\/a><\/div>\n<div style=\"text-align: center;\">\n<\/div>\n<div style=\"text-align: center;\">\ndesmoldamos con cuidado (yo casi me quedo sil \u00e9l, bufffff)<\/div>\n<div class=\"separator\" style=\"clear: both; text-align: center;\">\n<a href=\"https:\/\/elcalaixetdelaiaia.es\/wp-content\/uploads\/2014\/02\/IMG_9448-1024x682.jpg\" imageanchor=\"1\" style=\"margin-left: 1em; margin-right: 1em;\"><img decoding=\"async\" loading=\"lazy\" border=\"0\" src=\"https:\/\/elcalaixetdelaiaia.es\/wp-content\/uploads\/2014\/02\/IMG_9448-1024x682.jpg\" height=\"213\" width=\"320\" \/><\/a><\/div>\n<div class=\"separator\" style=\"clear: both; text-align: center;\">\n<\/div>\n<p>&nbsp;y listo para decorar o comer sin mas&#8230;porque tal cual est\u00e1 delicioso y cunde mucho.<br \/>\n\u00aba la taula i BON PROFIT\u00bb<\/p>\n<div>\n<div style=\"text-align: center;\">\nPinchando en cada foto podr\u00e1s verla en tama\u00f1o grande, y si te gusta \u00e9sta entrada, punt\u00faala con g+1, as\u00ed mucha gente podr\u00e1 disfrutar de ella. Si quieres compartir, graciaaaaasss.<\/div>\n<\/div>\n<div style=\"text-align: center;\">\n<\/div>\n","protected":false},"excerpt":{"rendered":"<p>\u00abAmb bona fam, no hi\u00e1 pa dur\u00bb Con buen hambre, no hay pan duro. Pudin de la casa. Es un pudin de la casa, de tu casa de la mia, de la del vecino de cualquier casa, jajaja. A veces quedan magadalenas, sobaos,croisans, palmeras, bollitos, trozos de bizcocho, pan de &hellip; <\/p>\n","protected":false},"author":2,"featured_media":11926,"comment_status":"open","ping_status":"open","sticky":false,"template":"","format":"standard","meta":[],"categories":[6,1],"tags":[],"_links":{"self":[{"href":"https:\/\/elcalaixetdelaiaia.es\/index.php?rest_route=\/wp\/v2\/posts\/1000"}],"collection":[{"href":"https:\/\/elcalaixetdelaiaia.es\/index.php?rest_route=\/wp\/v2\/posts"}],"about":[{"href":"https:\/\/elcalaixetdelaiaia.es\/index.php?rest_route=\/wp\/v2\/types\/post"}],"author":[{"embeddable":true,"href":"https:\/\/elcalaixetdelaiaia.es\/index.php?rest_route=\/wp\/v2\/users\/2"}],"replies":[{"embeddable":true,"href":"https:\/\/elcalaixetdelaiaia.es\/index.php?rest_route=%2Fwp%2Fv2%2Fcomments&post=1000"}],"version-history":[{"count":2,"href":"https:\/\/elcalaixetdelaiaia.es\/index.php?rest_route=\/wp\/v2\/posts\/1000\/revisions"}],"predecessor-version":[{"id":14421,"href":"https:\/\/elcalaixetdelaiaia.es\/index.php?rest_route=\/wp\/v2\/posts\/1000\/revisions\/14421"}],"wp:featuredmedia":[{"embeddable":true,"href":"https:\/\/elcalaixetdelaiaia.es\/index.php?rest_route=\/wp\/v2\/media\/11926"}],"wp:attachment":[{"href":"https:\/\/elcalaixetdelaiaia.es\/index.php?rest_route=%2Fwp%2Fv2%2Fmedia&parent=1000"}],"wp:term":[{"taxonomy":"category","embeddable":true,"href":"https:\/\/elcalaixetdelaiaia.es\/index.php?rest_route=%2Fwp%2Fv2%2Fcategories&post=1000"},{"taxonomy":"post_tag","embeddable":true,"href":"https:\/\/elcalaixetdelaiaia.es\/index.php?rest_route=%2Fwp%2Fv2%2Ftags&post=1000"}],"curies":[{"name":"wp","href":"https:\/\/api.w.org\/{rel}","templated":true}]}}